{"id":993,"date":"2018-06-19T23:33:27","date_gmt":"2018-06-19T21:33:27","guid":{"rendered":"http:\/\/maths-olympiques.fr\/?p=993"},"modified":"2018-06-24T23:56:14","modified_gmt":"2018-06-24T21:56:14","slug":"jbmo-2018","status":"publish","type":"post","link":"https:\/\/maths-olympiques.fr\/?p=993","title":{"rendered":"JBMO 2018"},"content":{"rendered":"<p>Cette ann\u00e9e encore, la France est invit\u00e9e \u00e0 l&#8217;Olympiade Balkanique Junior de Math\u00e9matiques (JBMO), qui se d\u00e9roule sur l&#8217;\u00eele de Rhodes (Gr\u00e8ce) du 19 au 24 juin. L&#8217;\u00e9quipe de France est compos\u00e9e de Stefan Barbu, Elias Caeiro, Justin Cahuzac, Aur\u00e9lien Fourr\u00e9, Vladimir Ivanov et Rom\u00e9o Nazaret. Elle est accompagn\u00e9e par Eva Philippe et Vincent Bouis.<\/p>\n<p>Lien du site officiel de la comp\u00e9tition :\u00a0<a href=\"http:\/\/www.hms.gr\/22jbmo2018\/\">http:\/\/www.hms.gr\/22jbmo2018\/<\/a><\/p>\n<p><!--more--><\/p>\n<h2>\u00a0Mardi 19 juin<\/h2>\n<p>D\u00e9part pr\u00e9vu \u00e0 17h30 mais Rom\u00e9o et Vladimir arrivent d\u00e8s 13h \u00e0 la gare TGV de Charles-de-Gaulle. Le reste de l&#8217;\u00e9quipe nous rejoint vers 15h. Attendre \u00e0 l&#8217;a\u00e9roport ? Pas de probl\u00e8me, tant qu&#8217;il reste des in\u00e9galit\u00e9s \u00e0 ma\u00eetriser et des exercices pour s&#8217;entra\u00eener.<\/p>\n<p><img loading=\"lazy\" decoding=\"async\" class=\"alignnone wp-image-1020 size-medium aligncenter\" src=\"http:\/\/maths-olympiques.fr\/wp-content\/uploads\/2018\/06\/jbmo2018_j0_aeroport-300x169.jpg\" alt=\"\" width=\"300\" height=\"169\" srcset=\"https:\/\/maths-olympiques.fr\/wp-content\/uploads\/2018\/06\/jbmo2018_j0_aeroport-300x169.jpg 300w, https:\/\/maths-olympiques.fr\/wp-content\/uploads\/2018\/06\/jbmo2018_j0_aeroport-768x432.jpg 768w, https:\/\/maths-olympiques.fr\/wp-content\/uploads\/2018\/06\/jbmo2018_j0_aeroport-1024x576.jpg 1024w, https:\/\/maths-olympiques.fr\/wp-content\/uploads\/2018\/06\/jbmo2018_j0_aeroport.jpg 1328w\" sizes=\"auto, (max-width: 300px) 100vw, 300px\" \/><\/p>\n<figure id=\"attachment_1021\" aria-describedby=\"caption-attachment-1021\" style=\"width: 300px\" class=\"wp-caption aligncenter\"><img loading=\"lazy\" decoding=\"async\" class=\"wp-image-1021 size-medium\" src=\"http:\/\/maths-olympiques.fr\/wp-content\/uploads\/2018\/06\/jbmo2018_j0_aeroport2-300x169.jpg\" alt=\"\" width=\"300\" height=\"169\" srcset=\"https:\/\/maths-olympiques.fr\/wp-content\/uploads\/2018\/06\/jbmo2018_j0_aeroport2-300x169.jpg 300w, https:\/\/maths-olympiques.fr\/wp-content\/uploads\/2018\/06\/jbmo2018_j0_aeroport2-768x432.jpg 768w, https:\/\/maths-olympiques.fr\/wp-content\/uploads\/2018\/06\/jbmo2018_j0_aeroport2-1024x576.jpg 1024w, https:\/\/maths-olympiques.fr\/wp-content\/uploads\/2018\/06\/jbmo2018_j0_aeroport2.jpg 1328w\" sizes=\"auto, (max-width: 300px) 100vw, 300px\" \/><figcaption id=\"caption-attachment-1021\" class=\"wp-caption-text\">Pas de r\u00e9pit pendant les derni\u00e8res r\u00e9visions<\/figcaption><\/figure>\n<figure id=\"attachment_1022\" aria-describedby=\"caption-attachment-1022\" style=\"width: 300px\" class=\"wp-caption aligncenter\"><img loading=\"lazy\" decoding=\"async\" class=\"wp-image-1022 size-medium\" src=\"http:\/\/maths-olympiques.fr\/wp-content\/uploads\/2018\/06\/jbmo2018_j0_drapeau-300x169.jpg\" alt=\"\" width=\"300\" height=\"169\" srcset=\"https:\/\/maths-olympiques.fr\/wp-content\/uploads\/2018\/06\/jbmo2018_j0_drapeau-300x169.jpg 300w, https:\/\/maths-olympiques.fr\/wp-content\/uploads\/2018\/06\/jbmo2018_j0_drapeau-768x432.jpg 768w, https:\/\/maths-olympiques.fr\/wp-content\/uploads\/2018\/06\/jbmo2018_j0_drapeau-1024x576.jpg 1024w, https:\/\/maths-olympiques.fr\/wp-content\/uploads\/2018\/06\/jbmo2018_j0_drapeau.jpg 1328w\" sizes=\"auto, (max-width: 300px) 100vw, 300px\" \/><figcaption id=\"caption-attachment-1022\" class=\"wp-caption-text\">Non, ce n&#8217;est pas une \u00e9quipe de supporters pour la Coupe du monde<\/figcaption><\/figure>\n<p>Notre avion a du retard (apparemment il y avait une temp\u00eate en Gr\u00e8ce), mais tout le monde arrive \u00e0 bon port, les valises aussi. On arrive de nuit (23h l\u00e0-bas), un chauffeur nous emm\u00e8ne dans son mini-bus jusqu&#8217;\u00e0 l&#8217;h\u00f4tel Continental. Il est trop tard pour \u00eatre accueillis par des organisateurs mais le r\u00e9ceptionniste finit par retrouver les sacs de bienvenue \u00e0 Rhodes et j&#8217;ai la confirmation que je serai achemin\u00e9e demain vers l&#8217;h\u00f4tel des autres team leaders.<\/p>\n<p>Rendez-vous demain \u00e0 8h pour tout le monde.<\/p>\n<h2>Mercredi 20 juin<\/h2>\n<h3>C\u00f4t\u00e9 team leader<\/h3>\n<p>Finalement on m&#8217;attend \u00e0 7h30 ce matin, je n&#8217;ai m\u00eame pas l&#8217;occasion de croiser une derni\u00e8re fois l&#8217;\u00e9quipe avant le petit-d\u00e9jeuner&#8230; Je laisse le soin \u00e0 Vincent de raconter comment \u00e7a se passe quand il en aura le temps.<\/p>\n<p>Quant \u00e0 moi j&#8217;en ai pour 50 minutes de voiture avant de rejoindre Lardos Bay et les autres team leaders. Je d\u00e9couvre les probl\u00e8mes de la shortlist et on attaque avec le choix de la s\u00e9lection&#8230; myst\u00e8re, rien ne sera d\u00e9voil\u00e9 avant demain (g\u00e9om\u00e9trie, arithm\u00e9tique, combinatoire et alg\u00e8bre seront bien s\u00fbr au rendez-vous). Une fois l&#8217;\u00e9nonc\u00e9 final en anglais vot\u00e9, chacun le traduit dans la (ou les) langue(s) utilis\u00e9e(s) par son \u00e9quipe. L&#8217;apr\u00e8s-midi on \u00e9tablit les sch\u00e9mas de notation, avant de se diriger vers la c\u00e9r\u00e9monie d&#8217;ouverture (\u00e0 1h de trajet en car).<\/p>\n<p>C\u00e9r\u00e9monie d&#8217;ouverture : petit film sur Rhodes, candidate pour \u00eatre capitale europ\u00e9enne de la culture en 2021, discours des divers pr\u00e9sidents de soci\u00e9t\u00e9s math\u00e9matiques, passage de chacune des 18 \u00e9quipes, ce qui permet de r\u00e9viser les drapeaux. Les participants avaient \u00e9t\u00e9 invit\u00e9s \u00e0 se pr\u00e9senter en quelques mots, pour une raison myst\u00e9rieuse la plupart ont choisi de donner leur nom et leur num\u00e9ro de participant. Je ne sais pas s&#8217;il y a eu deux fois la m\u00eame permutation \u00e0 6 chiffres.<\/p>\n<p>&nbsp;<\/p>\n<h3>C\u00f4t\u00e9 participants et deputy leader<\/h3>\n<p>Du c\u00f4t\u00e9 des \u00e9l\u00e8ves, une visite de la ville est organis\u00e9e. La journ\u00e9e commence fort avec un court-m\u00e9trage sur l&#8217;histoire de l&#8217;\u00eele en &#8220;9d&#8221; : apr\u00e8s la 3d, rien de mieux que d&#8217;\u00eatre r\u00e9ellement arros\u00e9s en passant virtuellement sous une cascade ! S&#8217;ensuit une longue marche dans le centre historique pav\u00e9 de Rhodes, qui nous permet notamment de d\u00e9couvrir les jardins d&#8217;un ancien h\u00f4pital r\u00e9habilit\u00e9.<\/p>\n<figure id=\"attachment_1017\" aria-describedby=\"caption-attachment-1017\" style=\"width: 300px\" class=\"wp-caption aligncenter\"><img loading=\"lazy\" decoding=\"async\" class=\"wp-image-1017 size-medium\" src=\"http:\/\/maths-olympiques.fr\/wp-content\/uploads\/2018\/06\/jbmo2018_j1_lunettes9d-300x169.jpg\" alt=\"\" width=\"300\" height=\"169\" srcset=\"https:\/\/maths-olympiques.fr\/wp-content\/uploads\/2018\/06\/jbmo2018_j1_lunettes9d-300x169.jpg 300w, https:\/\/maths-olympiques.fr\/wp-content\/uploads\/2018\/06\/jbmo2018_j1_lunettes9d-768x432.jpg 768w, https:\/\/maths-olympiques.fr\/wp-content\/uploads\/2018\/06\/jbmo2018_j1_lunettes9d-1024x576.jpg 1024w, https:\/\/maths-olympiques.fr\/wp-content\/uploads\/2018\/06\/jbmo2018_j1_lunettes9d.jpg 1328w\" sizes=\"auto, (max-width: 300px) 100vw, 300px\" \/><figcaption id=\"caption-attachment-1017\" class=\"wp-caption-text\">Aur\u00e9lien super star avec ses lunettes 9D<\/figcaption><\/figure>\n<p>Malgr\u00e9 une balade quelque peu ensoleill\u00e9e sur le bord de mer, certains ont encore assez d&#8217;\u00e9nergie pour participer \u00e0 une reconstitution historique des plus \u00e9piques, en pratiquant le tout premier sport olympique de l&#8217;Histoire. Plus vulgairement, Vladimir finit par gagner haut la main une course de 400 m\u00e8tres apr\u00e8s un virage l\u00e9g\u00e8rement plus serr\u00e9 que ses compagnons.<\/p>\n<p><img loading=\"lazy\" decoding=\"async\" class=\"alignnone size-medium wp-image-1018 aligncenter\" src=\"http:\/\/maths-olympiques.fr\/wp-content\/uploads\/2018\/06\/jbmo2018_j1_visite-300x169.jpg\" alt=\"\" width=\"300\" height=\"169\" srcset=\"https:\/\/maths-olympiques.fr\/wp-content\/uploads\/2018\/06\/jbmo2018_j1_visite-300x169.jpg 300w, https:\/\/maths-olympiques.fr\/wp-content\/uploads\/2018\/06\/jbmo2018_j1_visite-768x432.jpg 768w, https:\/\/maths-olympiques.fr\/wp-content\/uploads\/2018\/06\/jbmo2018_j1_visite-1024x576.jpg 1024w, https:\/\/maths-olympiques.fr\/wp-content\/uploads\/2018\/06\/jbmo2018_j1_visite.jpg 1328w\" sizes=\"auto, (max-width: 300px) 100vw, 300px\" \/><img loading=\"lazy\" decoding=\"async\" class=\"alignnone size-medium wp-image-1019 aligncenter\" src=\"http:\/\/maths-olympiques.fr\/wp-content\/uploads\/2018\/06\/jbmo2018_j1_drapeau-300x169.jpg\" alt=\"\" width=\"300\" height=\"169\" srcset=\"https:\/\/maths-olympiques.fr\/wp-content\/uploads\/2018\/06\/jbmo2018_j1_drapeau-300x169.jpg 300w, https:\/\/maths-olympiques.fr\/wp-content\/uploads\/2018\/06\/jbmo2018_j1_drapeau-768x432.jpg 768w, https:\/\/maths-olympiques.fr\/wp-content\/uploads\/2018\/06\/jbmo2018_j1_drapeau-1024x576.jpg 1024w, https:\/\/maths-olympiques.fr\/wp-content\/uploads\/2018\/06\/jbmo2018_j1_drapeau.jpg 1328w\" sizes=\"auto, (max-width: 300px) 100vw, 300px\" \/><\/p>\n<p>L&#8217;apr\u00e8s-midi est laiss\u00e9e libre aux participants, qui en oublient m\u00eame de profiter de la piscine de l&#8217;h\u00f4tel avant la c\u00e9r\u00e9monie d&#8217;ouverture.\u00a0 La pr\u00e9paration de la c\u00e9r\u00e9monie d&#8217;ouverture a ensuite consist\u00e9 (en petite partie) \u00e0 se changer pour porter les tee-shirts de la comp\u00e9tition, et (en grande partie) \u00e0 r\u00e9fl\u00e9chir pour porter fi\u00e8rement le drapeau fran\u00e7ais dans le bon sens pour les photos. Malheureusement, bien que cette r\u00e9flexion n&#8217;ait pas \u00e9t\u00e9 vaine, l&#8217;\u00e9quipe a pu briller de son patriotisme l\u00e9gendaire en ne se reconnaissant pas lors de l&#8217;appel de la &#8220;French Republic team&#8221;.<\/p>\n<figure id=\"attachment_1012\" aria-describedby=\"caption-attachment-1012\" style=\"width: 300px\" class=\"wp-caption aligncenter\"><img loading=\"lazy\" decoding=\"async\" class=\"wp-image-1012 size-medium\" src=\"http:\/\/maths-olympiques.fr\/wp-content\/uploads\/2018\/06\/jbmo2018_j1_ceremonie1-300x169.jpg\" alt=\"\" width=\"300\" height=\"169\" srcset=\"https:\/\/maths-olympiques.fr\/wp-content\/uploads\/2018\/06\/jbmo2018_j1_ceremonie1-300x169.jpg 300w, https:\/\/maths-olympiques.fr\/wp-content\/uploads\/2018\/06\/jbmo2018_j1_ceremonie1-768x432.jpg 768w, https:\/\/maths-olympiques.fr\/wp-content\/uploads\/2018\/06\/jbmo2018_j1_ceremonie1-1024x576.jpg 1024w\" sizes=\"auto, (max-width: 300px) 100vw, 300px\" \/><figcaption id=\"caption-attachment-1012\" class=\"wp-caption-text\">Stefan au micro<\/figcaption><\/figure>\n<h2>Jeudi 21 juin<\/h2>\n<p>L&#8217;\u00e9quipe se dirige d\u00e8s 8h vers la salle de l&#8217;\u00e9preuve. Celle-ci dure de 9h \u00e0 13h30.<\/p>\n<figure id=\"attachment_1015\" aria-describedby=\"caption-attachment-1015\" style=\"width: 300px\" class=\"wp-caption aligncenter\"><img loading=\"lazy\" decoding=\"async\" class=\"wp-image-1015 size-medium\" style=\"font-size: 1rem;\" src=\"http:\/\/maths-olympiques.fr\/wp-content\/uploads\/2018\/06\/jbmo2018_j2_Rhodes2-300x169.jpg\" alt=\"\" width=\"300\" height=\"169\" srcset=\"https:\/\/maths-olympiques.fr\/wp-content\/uploads\/2018\/06\/jbmo2018_j2_Rhodes2-300x169.jpg 300w, https:\/\/maths-olympiques.fr\/wp-content\/uploads\/2018\/06\/jbmo2018_j2_Rhodes2-768x432.jpg 768w, https:\/\/maths-olympiques.fr\/wp-content\/uploads\/2018\/06\/jbmo2018_j2_Rhodes2-1024x576.jpg 1024w\" sizes=\"auto, (max-width: 300px) 100vw, 300px\" \/><figcaption id=\"caption-attachment-1015\" class=\"wp-caption-text\">Pendant que les participants travaillent les encadrants peuvent enfin aller voir la mer et la jolie cit\u00e9 m\u00e9di\u00e9vale de Rhodes<\/figcaption><\/figure>\n<p><img loading=\"lazy\" decoding=\"async\" class=\"alignnone size-medium wp-image-1016\" src=\"http:\/\/maths-olympiques.fr\/wp-content\/uploads\/2018\/06\/jbmo2018_j2_Rhodes4-169x300.jpg\" alt=\"\" width=\"169\" height=\"300\" srcset=\"https:\/\/maths-olympiques.fr\/wp-content\/uploads\/2018\/06\/jbmo2018_j2_Rhodes4-169x300.jpg 169w, https:\/\/maths-olympiques.fr\/wp-content\/uploads\/2018\/06\/jbmo2018_j2_Rhodes4-768x1365.jpg 768w, https:\/\/maths-olympiques.fr\/wp-content\/uploads\/2018\/06\/jbmo2018_j2_Rhodes4-576x1024.jpg 576w\" sizes=\"auto, (max-width: 169px) 100vw, 169px\" \/>\u00a0 \u00a0 \u00a0<img loading=\"lazy\" decoding=\"async\" class=\"alignnone size-medium wp-image-1014\" style=\"font-size: 1rem;\" src=\"http:\/\/maths-olympiques.fr\/wp-content\/uploads\/2018\/06\/jbmo2018_j2_Rhodes3-169x300.jpg\" alt=\"\" width=\"169\" height=\"300\" srcset=\"https:\/\/maths-olympiques.fr\/wp-content\/uploads\/2018\/06\/jbmo2018_j2_Rhodes3-169x300.jpg 169w, https:\/\/maths-olympiques.fr\/wp-content\/uploads\/2018\/06\/jbmo2018_j2_Rhodes3-768x1365.jpg 768w, https:\/\/maths-olympiques.fr\/wp-content\/uploads\/2018\/06\/jbmo2018_j2_Rhodes3-576x1024.jpg 576w\" sizes=\"auto, (max-width: 169px) 100vw, 169px\" \/>\u00a0 \u00a0 \u00a0<img loading=\"lazy\" decoding=\"async\" class=\"alignnone size-medium wp-image-1013\" style=\"font-size: 1rem;\" src=\"http:\/\/maths-olympiques.fr\/wp-content\/uploads\/2018\/06\/jbmo2018_j2_Rhodes-169x300.jpg\" alt=\"\" width=\"169\" height=\"300\" srcset=\"https:\/\/maths-olympiques.fr\/wp-content\/uploads\/2018\/06\/jbmo2018_j2_Rhodes-169x300.jpg 169w, https:\/\/maths-olympiques.fr\/wp-content\/uploads\/2018\/06\/jbmo2018_j2_Rhodes-768x1365.jpg 768w, https:\/\/maths-olympiques.fr\/wp-content\/uploads\/2018\/06\/jbmo2018_j2_Rhodes-576x1024.jpg 576w\" sizes=\"auto, (max-width: 169px) 100vw, 169px\" \/><\/p>\n<p>Le sujet s&#8217;av\u00e8re assez d\u00e9routant : un probl\u00e8me 4 en g\u00e9om\u00e9trie et un probl\u00e8me d&#8217;alg\u00e8bre sans in\u00e9galit\u00e9, ce qui contredit les statistiques des derni\u00e8res ann\u00e9es, et d\u00e9\u00e7oit l\u00e9g\u00e8rement quelques membres de l&#8217;\u00e9quipe. Finalement les ressentis \u00e0 la sortie de l&#8217;\u00e9preuve sont assez positifs : \u00e0 part a priori un ou deux d\u00e9tails, tous les membres de l&#8217;\u00e9quipe pensent avoir r\u00e9ussi les deux premiers exercices, et certains ont \u00e9galement trait\u00e9 des choses dans les probl\u00e8mes 3 et 4.<\/p>\n<figure id=\"attachment_1011\" aria-describedby=\"caption-attachment-1011\" style=\"width: 300px\" class=\"wp-caption aligncenter\"><img loading=\"lazy\" decoding=\"async\" class=\"wp-image-1011 size-medium\" src=\"http:\/\/maths-olympiques.fr\/wp-content\/uploads\/2018\/06\/j2_sortie-300x169.jpg\" alt=\"\" width=\"300\" height=\"169\" srcset=\"https:\/\/maths-olympiques.fr\/wp-content\/uploads\/2018\/06\/j2_sortie-300x169.jpg 300w, https:\/\/maths-olympiques.fr\/wp-content\/uploads\/2018\/06\/j2_sortie-768x432.jpg 768w, https:\/\/maths-olympiques.fr\/wp-content\/uploads\/2018\/06\/j2_sortie-1024x576.jpg 1024w\" sizes=\"auto, (max-width: 300px) 100vw, 300px\" \/><figcaption id=\"caption-attachment-1011\" class=\"wp-caption-text\">L&#8217;\u00e9quipe au complet apr\u00e8s l&#8217;\u00e9preuve<\/figcaption><\/figure>\n<figure id=\"attachment_1027\" aria-describedby=\"caption-attachment-1027\" style=\"width: 169px\" class=\"wp-caption aligncenter\"><img loading=\"lazy\" decoding=\"async\" class=\"wp-image-1027 size-medium\" src=\"http:\/\/maths-olympiques.fr\/wp-content\/uploads\/2018\/06\/jbmo2018_problemes_english-e1529646413759-169x300.jpg\" alt=\"\" width=\"169\" height=\"300\" srcset=\"https:\/\/maths-olympiques.fr\/wp-content\/uploads\/2018\/06\/jbmo2018_problemes_english-e1529646413759-169x300.jpg 169w, https:\/\/maths-olympiques.fr\/wp-content\/uploads\/2018\/06\/jbmo2018_problemes_english-e1529646413759-768x1365.jpg 768w, https:\/\/maths-olympiques.fr\/wp-content\/uploads\/2018\/06\/jbmo2018_problemes_english-e1529646413759-576x1024.jpg 576w\" sizes=\"auto, (max-width: 169px) 100vw, 169px\" \/><figcaption id=\"caption-attachment-1027\" class=\"wp-caption-text\">Au fait, voici les probl\u00e8mes<\/figcaption><\/figure>\n<p><img loading=\"lazy\" decoding=\"async\" class=\"size-medium wp-image-1026 aligncenter\" src=\"http:\/\/maths-olympiques.fr\/wp-content\/uploads\/2018\/06\/jbmo2018_j2_problemes_francais-e1529646444873-169x300.jpg\" alt=\"\" width=\"169\" height=\"300\" srcset=\"https:\/\/maths-olympiques.fr\/wp-content\/uploads\/2018\/06\/jbmo2018_j2_problemes_francais-e1529646444873-169x300.jpg 169w, https:\/\/maths-olympiques.fr\/wp-content\/uploads\/2018\/06\/jbmo2018_j2_problemes_francais-e1529646444873-768x1365.jpg 768w, https:\/\/maths-olympiques.fr\/wp-content\/uploads\/2018\/06\/jbmo2018_j2_problemes_francais-e1529646444873-576x1024.jpg 576w\" sizes=\"auto, (max-width: 169px) 100vw, 169px\" \/><\/p>\n<p>L&#8217;apr\u00e8s-midi pour les participants consiste \u00e0 visiter le petit mus\u00e9e d&#8217;art contemporain de la r\u00e9gion et l&#8217;aquarium de Rhodes et pour les leaders, attendre les copies&#8230;. qui finalement n&#8217;arrivent qu&#8217;apr\u00e8s le d\u00eener ! On laisse les \u00e9l\u00e8ves \u00e0 leur partie de billard pour aller voir qui a fait quoi et quels points demander&#8230; Aaahhh, une in\u00e9galit\u00e9 triangulaire et une divisibilit\u00e9 utilis\u00e9es n&#8217;importe comment ! Heureusement il y a aussi beaucoup de bonnes choses, y compris des points \u00e0 aller grapiller dans les brouillons. A noter de tr\u00e8s jolies solutions pour le probl\u00e8me 2 (combinatoire) et le probl\u00e8me 4 (g\u00e9om\u00e9trie).<\/p>\n<h2>Vendredi 22 juin<\/h2>\n<p>Pendant que les \u00e9l\u00e8ves visitent Lindos, on passe la matin\u00e9e \u00e0 faire la coordination des notes. Pour chaque probl\u00e8me un comit\u00e9 de jury nous demande des explications, des traductions et on compare les notes propos\u00e9es avec celles que nous esp\u00e9rions. Dans certains cas l\u2019entente est imm\u00e9diate, dans d\u2019autres il faut un peu argumenter. Globalement nous sommes vraiment satisfaits, la plupart des points esp\u00e9r\u00e9s ont \u00e9t\u00e9 obtenus et nous sommes tr\u00e8s fiers de l\u2019\u00e9quipe\u00a0!<\/p>\n<p>On obtient les scores suivants : 21 pour Stefan, 20 pour Elias, 34 pour Justin, 15 pour Aur\u00e9lien, 30 pour Vladimir, 18 pour Rom\u00e9o. Bravo !<\/p>\n<p>Apr\u00e8s cela vient la r\u00e9partition des m\u00e9dailles, encore une fois nous sommes tr\u00e8s satisfaits : 4 m\u00e9dailles d&#8217;argent et 2 m\u00e9dailles de bronze.<\/p>\n<p>Le temps de manger et nous pouvons rentre \u00e0 l&#8217;h\u00f4tel annoncer leurs r\u00e9sultats aux \u00e9l\u00e8ves. L&#8217;apr\u00e8s-midi est tranquille, entre piscine, jeux de cartes et petite excursion \u00e0 la mer.<\/p>\n<p><img loading=\"lazy\" decoding=\"async\" class=\"size-medium wp-image-1030 aligncenter\" src=\"http:\/\/maths-olympiques.fr\/wp-content\/uploads\/2018\/06\/jbmo2018_j3_plage3-300x169.jpg\" alt=\"\" width=\"300\" height=\"169\" srcset=\"https:\/\/maths-olympiques.fr\/wp-content\/uploads\/2018\/06\/jbmo2018_j3_plage3-300x169.jpg 300w, https:\/\/maths-olympiques.fr\/wp-content\/uploads\/2018\/06\/jbmo2018_j3_plage3-768x432.jpg 768w, https:\/\/maths-olympiques.fr\/wp-content\/uploads\/2018\/06\/jbmo2018_j3_plage3-1024x576.jpg 1024w\" sizes=\"auto, (max-width: 300px) 100vw, 300px\" \/><\/p>\n<p>&nbsp;<\/p>\n<h2>Samedi 23 juin<\/h2>\n<p>Ce matin on peut dormir un peu plus longtemps puisque le d\u00e9part est pr\u00e9vu \u00e0 9h30 et non avant 8h comme les autres jours. On part en bus pour la Vall\u00e9e des Papillons. Quand le bus nous d\u00e9pose on suit le mouvement parti pour rejoindre le site \u00e0 pied mais il n&#8217;y a pas de guide avec nous et on apprend que c&#8217;est en fait \u00e0 10km ! Demi-tour pour rejoindre le reste des participants et des organisateurs.<\/p>\n<p>Avant d&#8217;aller voir les papillons on a droit \u00e0 une petite vid\u00e9o sur leur cycle de vie et un tour au mus\u00e9e d&#8217;histoire naturelle qui pr\u00e9sente quelques min\u00e9raux, insectes et vitrines d&#8217;animaux empaill\u00e9s. Au fait, l&#8217;esp\u00e8ce de papillon majoritairement pr\u00e9sente ici,\u00a0<em>Panaxia Quadripunctaria<\/em>, est une esp\u00e8ce nocturne ! Pour pr\u00e9server leur sommeil il faut donc \u00e9viter de crier, taper dans ses mains et leur jeter des objets&#8230; Sur le trajet on peut aussi apercevoir des araign\u00e9es, des crabes et des libellules. Malheureusement on n&#8217;a pas le temps de finir compl\u00e8tement le tour et on doit attendre dans le bus le retour des autres \u00e9quipes.<\/p>\n<figure id=\"attachment_1053\" aria-describedby=\"caption-attachment-1053\" style=\"width: 300px\" class=\"wp-caption aligncenter\"><img loading=\"lazy\" decoding=\"async\" class=\"wp-image-1053 size-medium\" src=\"http:\/\/maths-olympiques.fr\/wp-content\/uploads\/2018\/06\/jbmo2018_j4_papillons-300x169.jpg\" alt=\"\" width=\"300\" height=\"169\" srcset=\"https:\/\/maths-olympiques.fr\/wp-content\/uploads\/2018\/06\/jbmo2018_j4_papillons-300x169.jpg 300w, https:\/\/maths-olympiques.fr\/wp-content\/uploads\/2018\/06\/jbmo2018_j4_papillons-768x432.jpg 768w, https:\/\/maths-olympiques.fr\/wp-content\/uploads\/2018\/06\/jbmo2018_j4_papillons-1024x576.jpg 1024w\" sizes=\"auto, (max-width: 300px) 100vw, 300px\" \/><figcaption id=\"caption-attachment-1053\" class=\"wp-caption-text\">Jeu : compter le nombre de papillons visibles sur cette photo<\/figcaption><\/figure>\n<p><img loading=\"lazy\" decoding=\"async\" class=\"size-medium wp-image-1041 aligncenter\" src=\"http:\/\/maths-olympiques.fr\/wp-content\/uploads\/2018\/06\/jbmo2018_j4_vall\u00e9e-e1529876964834-300x169.jpg\" alt=\"\" width=\"300\" height=\"169\" srcset=\"https:\/\/maths-olympiques.fr\/wp-content\/uploads\/2018\/06\/jbmo2018_j4_vall\u00e9e-e1529876964834-300x169.jpg 300w, https:\/\/maths-olympiques.fr\/wp-content\/uploads\/2018\/06\/jbmo2018_j4_vall\u00e9e-e1529876964834-768x432.jpg 768w, https:\/\/maths-olympiques.fr\/wp-content\/uploads\/2018\/06\/jbmo2018_j4_vall\u00e9e-e1529876964834-1024x576.jpg 1024w\" sizes=\"auto, (max-width: 300px) 100vw, 300px\" \/><\/p>\n<p>Apr\u00e8s d\u00e9jeuner, une partie de l&#8217;\u00e9quipe d\u00e9cide de retourner \u00e0 la plage. On essaie une autre zone qu&#8217;hier, la plage est recouverte de transats priv\u00e9s, le sable est un peu moins caillouteux, l&#8217;eau beaucoup plus claire, un peu moins chaude et il n&#8217;y a pas de vagues de ce c\u00f4t\u00e9. On passe un tr\u00e8s bon moment, toujours en discutant de maths bien s\u00fbr !<\/p>\n<p><img loading=\"lazy\" decoding=\"async\" class=\"size-medium wp-image-1048 aligncenter\" src=\"http:\/\/maths-olympiques.fr\/wp-content\/uploads\/2018\/06\/jbmo2018_j4_mer-300x169.jpg\" alt=\"\" width=\"300\" height=\"169\" srcset=\"https:\/\/maths-olympiques.fr\/wp-content\/uploads\/2018\/06\/jbmo2018_j4_mer-300x169.jpg 300w, https:\/\/maths-olympiques.fr\/wp-content\/uploads\/2018\/06\/jbmo2018_j4_mer-768x432.jpg 768w, https:\/\/maths-olympiques.fr\/wp-content\/uploads\/2018\/06\/jbmo2018_j4_mer-1024x576.jpg 1024w\" sizes=\"auto, (max-width: 300px) 100vw, 300px\" \/><\/p>\n<p>Retour \u00e0 l&#8217;h\u00f4tel pour se changer rapidement avant la c\u00e9r\u00e9monie de cl\u00f4ture. Surprise, la c\u00e9r\u00e9monie a lieu en plein air dans une magnifique station de thermes. Apr\u00e8s quelques photos devant le superbe panorama, l&#8217;attente est un peu longue puis vient la c\u00e9r\u00e9monie de cl\u00f4ture. Je re\u00e7ois de nombreuses f\u00e9licitations pour les performances de l&#8217;\u00e9quipe !<\/p>\n<p><img loading=\"lazy\" decoding=\"async\" class=\"size-medium wp-image-1039 aligncenter\" src=\"http:\/\/maths-olympiques.fr\/wp-content\/uploads\/2018\/06\/jbmo2018_j4_groupe2-300x169.jpg\" alt=\"\" width=\"300\" height=\"169\" srcset=\"https:\/\/maths-olympiques.fr\/wp-content\/uploads\/2018\/06\/jbmo2018_j4_groupe2-300x169.jpg 300w, https:\/\/maths-olympiques.fr\/wp-content\/uploads\/2018\/06\/jbmo2018_j4_groupe2-768x432.jpg 768w, https:\/\/maths-olympiques.fr\/wp-content\/uploads\/2018\/06\/jbmo2018_j4_groupe2-1024x576.jpg 1024w\" sizes=\"auto, (max-width: 300px) 100vw, 300px\" \/><\/p>\n<p><img loading=\"lazy\" decoding=\"async\" class=\"alignnone size-medium wp-image-1047 aligncenter\" src=\"http:\/\/maths-olympiques.fr\/wp-content\/uploads\/2018\/06\/jbmo2018_j4_Justin-300x169.jpg\" alt=\"\" width=\"300\" height=\"169\" srcset=\"https:\/\/maths-olympiques.fr\/wp-content\/uploads\/2018\/06\/jbmo2018_j4_Justin-300x169.jpg 300w, https:\/\/maths-olympiques.fr\/wp-content\/uploads\/2018\/06\/jbmo2018_j4_Justin-768x432.jpg 768w, https:\/\/maths-olympiques.fr\/wp-content\/uploads\/2018\/06\/jbmo2018_j4_Justin-1024x576.jpg 1024w\" sizes=\"auto, (max-width: 300px) 100vw, 300px\" \/><img loading=\"lazy\" decoding=\"async\" class=\"alignnone size-medium wp-image-1051 aligncenter\" src=\"http:\/\/maths-olympiques.fr\/wp-content\/uploads\/2018\/06\/jbmo2018_j4_Vladimir-300x169.jpg\" alt=\"\" width=\"300\" height=\"169\" srcset=\"https:\/\/maths-olympiques.fr\/wp-content\/uploads\/2018\/06\/jbmo2018_j4_Vladimir-300x169.jpg 300w, https:\/\/maths-olympiques.fr\/wp-content\/uploads\/2018\/06\/jbmo2018_j4_Vladimir-768x432.jpg 768w, https:\/\/maths-olympiques.fr\/wp-content\/uploads\/2018\/06\/jbmo2018_j4_Vladimir-1024x576.jpg 1024w\" sizes=\"auto, (max-width: 300px) 100vw, 300px\" \/><img loading=\"lazy\" decoding=\"async\" class=\"alignnone size-medium wp-image-1050 aligncenter\" src=\"http:\/\/maths-olympiques.fr\/wp-content\/uploads\/2018\/06\/jbmo2018_j4_Stefan-300x169.jpg\" alt=\"\" width=\"300\" height=\"169\" srcset=\"https:\/\/maths-olympiques.fr\/wp-content\/uploads\/2018\/06\/jbmo2018_j4_Stefan-300x169.jpg 300w, https:\/\/maths-olympiques.fr\/wp-content\/uploads\/2018\/06\/jbmo2018_j4_Stefan-768x432.jpg 768w, https:\/\/maths-olympiques.fr\/wp-content\/uploads\/2018\/06\/jbmo2018_j4_Stefan-1024x576.jpg 1024w\" sizes=\"auto, (max-width: 300px) 100vw, 300px\" \/><img loading=\"lazy\" decoding=\"async\" class=\"alignnone size-medium wp-image-1042 aligncenter\" src=\"http:\/\/maths-olympiques.fr\/wp-content\/uploads\/2018\/06\/jbmo2018_j4_Elias-300x169.jpg\" alt=\"\" width=\"300\" height=\"169\" srcset=\"https:\/\/maths-olympiques.fr\/wp-content\/uploads\/2018\/06\/jbmo2018_j4_Elias-300x169.jpg 300w, https:\/\/maths-olympiques.fr\/wp-content\/uploads\/2018\/06\/jbmo2018_j4_Elias-768x432.jpg 768w, https:\/\/maths-olympiques.fr\/wp-content\/uploads\/2018\/06\/jbmo2018_j4_Elias-1024x576.jpg 1024w\" sizes=\"auto, (max-width: 300px) 100vw, 300px\" \/><img loading=\"lazy\" decoding=\"async\" class=\"alignnone size-medium wp-image-1052 aligncenter\" src=\"http:\/\/maths-olympiques.fr\/wp-content\/uploads\/2018\/06\/jbmo2018_j4_Aurelien-300x169.jpg\" alt=\"\" width=\"300\" height=\"169\" srcset=\"https:\/\/maths-olympiques.fr\/wp-content\/uploads\/2018\/06\/jbmo2018_j4_Aurelien-300x169.jpg 300w, https:\/\/maths-olympiques.fr\/wp-content\/uploads\/2018\/06\/jbmo2018_j4_Aurelien-768x432.jpg 768w, https:\/\/maths-olympiques.fr\/wp-content\/uploads\/2018\/06\/jbmo2018_j4_Aurelien-1024x576.jpg 1024w\" sizes=\"auto, (max-width: 300px) 100vw, 300px\" \/><img loading=\"lazy\" decoding=\"async\" class=\"alignnone size-medium wp-image-1049 aligncenter\" src=\"http:\/\/maths-olympiques.fr\/wp-content\/uploads\/2018\/06\/jbmo2018_j4_Romeo-300x169.jpg\" alt=\"\" width=\"300\" height=\"169\" srcset=\"https:\/\/maths-olympiques.fr\/wp-content\/uploads\/2018\/06\/jbmo2018_j4_Romeo-300x169.jpg 300w, https:\/\/maths-olympiques.fr\/wp-content\/uploads\/2018\/06\/jbmo2018_j4_Romeo-768x432.jpg 768w, https:\/\/maths-olympiques.fr\/wp-content\/uploads\/2018\/06\/jbmo2018_j4_Romeo-1024x576.jpg 1024w\" sizes=\"auto, (max-width: 300px) 100vw, 300px\" \/><\/p>\n<p><img loading=\"lazy\" decoding=\"async\" class=\"size-medium wp-image-1043 aligncenter\" src=\"http:\/\/maths-olympiques.fr\/wp-content\/uploads\/2018\/06\/jbmo2018_j4_equipe-300x169.jpg\" alt=\"\" width=\"300\" height=\"169\" srcset=\"https:\/\/maths-olympiques.fr\/wp-content\/uploads\/2018\/06\/jbmo2018_j4_equipe-300x169.jpg 300w, https:\/\/maths-olympiques.fr\/wp-content\/uploads\/2018\/06\/jbmo2018_j4_equipe-768x432.jpg 768w, https:\/\/maths-olympiques.fr\/wp-content\/uploads\/2018\/06\/jbmo2018_j4_equipe-1024x576.jpg 1024w\" sizes=\"auto, (max-width: 300px) 100vw, 300px\" \/><\/p>\n<p>On profite encore du cadre idyllique avec le buffet de sp\u00e9cialit\u00e9s grecques.<\/p>\n<p><img loading=\"lazy\" decoding=\"async\" class=\"size-medium wp-image-1038 aligncenter\" src=\"http:\/\/maths-olympiques.fr\/wp-content\/uploads\/2018\/06\/jbmo2018_vue-300x169.jpg\" alt=\"\" width=\"300\" height=\"169\" srcset=\"https:\/\/maths-olympiques.fr\/wp-content\/uploads\/2018\/06\/jbmo2018_vue-300x169.jpg 300w, https:\/\/maths-olympiques.fr\/wp-content\/uploads\/2018\/06\/jbmo2018_vue-768x432.jpg 768w, https:\/\/maths-olympiques.fr\/wp-content\/uploads\/2018\/06\/jbmo2018_vue-1024x576.jpg 1024w\" sizes=\"auto, (max-width: 300px) 100vw, 300px\" \/><\/p>\n<h2>Dimanche 24 juin<\/h2>\n<p>Les \u00e9l\u00e8ves ont veill\u00e9 tard hier, ce matin c&#8217;est grasse matin\u00e9e&#8230; Pendant ce temps les leaders ont le temps de fl\u00e2ner un peu dans la cit\u00e9 m\u00e9di\u00e9vale.<\/p>\n<p>D\u00e9jeuner en \u00e0 peine 15 minutes au bord de la piscine avant que le bus vienne nous chercher \u00e0 13h et c&#8217;est d\u00e9j\u00e0 l&#8217;heure du retour&#8230; il faut bien rentrer passer les \u00e9preuves du brevet pour certains !<\/p>\n","protected":false},"excerpt":{"rendered":"<p>Cette ann\u00e9e encore, la France est invit\u00e9e \u00e0 l&#8217;Olympiade Balkanique Junior de Math\u00e9matiques (JBMO), qui se d\u00e9roule sur l&#8217;\u00eele de Rhodes (Gr\u00e8ce) du 19 au 24 juin. L&#8217;\u00e9quipe de France est compos\u00e9e de Stefan Barbu, Elias Caeiro, Justin Cahuzac, Aur\u00e9lien Fourr\u00e9, Vladimir Ivanov et Rom\u00e9o Nazaret. Elle est accompagn\u00e9e par Eva Philippe et Vincent Bouis. &hellip; <\/p>\n<p class=\"link-more\"><a href=\"https:\/\/maths-olympiques.fr\/?p=993\" class=\"more-link\">Continuer la lecture<span class=\"screen-reader-text\"> de &laquo;&nbsp;JBMO 2018&nbsp;&raquo;<\/span><\/a><\/p>\n","protected":false},"author":7,"featured_media":0,"comment_status":"closed","ping_status":"closed","sticky":false,"template":"","format":"standard","meta":{"footnotes":""},"categories":[2,3],"tags":[],"class_list":["post-993","post","type-post","status-publish","format-standard","hentry","category-toutes_les_news","category-imo_etc"],"_links":{"self":[{"href":"https:\/\/maths-olympiques.fr\/index.php?rest_route=\/wp\/v2\/posts\/993","targetHints":{"allow":["GET"]}}],"collection":[{"href":"https:\/\/maths-olympiques.fr\/index.php?rest_route=\/wp\/v2\/posts"}],"about":[{"href":"https:\/\/maths-olympiques.fr\/index.php?rest_route=\/wp\/v2\/types\/post"}],"author":[{"embeddable":true,"href":"https:\/\/maths-olympiques.fr\/index.php?rest_route=\/wp\/v2\/users\/7"}],"replies":[{"embeddable":true,"href":"https:\/\/maths-olympiques.fr\/index.php?rest_route=%2Fwp%2Fv2%2Fcomments&post=993"}],"version-history":[{"count":15,"href":"https:\/\/maths-olympiques.fr\/index.php?rest_route=\/wp\/v2\/posts\/993\/revisions"}],"predecessor-version":[{"id":1055,"href":"https:\/\/maths-olympiques.fr\/index.php?rest_route=\/wp\/v2\/posts\/993\/revisions\/1055"}],"wp:attachment":[{"href":"https:\/\/maths-olympiques.fr\/index.php?rest_route=%2Fwp%2Fv2%2Fmedia&parent=993"}],"wp:term":[{"taxonomy":"category","embeddable":true,"href":"https:\/\/maths-olympiques.fr\/index.php?rest_route=%2Fwp%2Fv2%2Fcategories&post=993"},{"taxonomy":"post_tag","embeddable":true,"href":"https:\/\/maths-olympiques.fr\/index.php?rest_route=%2Fwp%2Fv2%2Ftags&post=993"}],"curies":[{"name":"wp","href":"https:\/\/api.w.org\/{rel}","templated":true}]}}