{"id":8350,"date":"2022-04-08T19:40:18","date_gmt":"2022-04-08T17:40:18","guid":{"rendered":"https:\/\/maths-olympiques.fr\/?p=8350"},"modified":"2022-04-13T15:04:17","modified_gmt":"2022-04-13T13:04:17","slug":"egmo-2022-au-jour-le-jour","status":"publish","type":"post","link":"https:\/\/maths-olympiques.fr\/?p=8350","title":{"rendered":"EGMO 2022 au jour le jour"},"content":{"rendered":"<p>L\u2019\u00e9dition 2022 de\u00a0l\u2019EGMO (European Girl\u2019s Mathematics Olympiad) se d\u00e9roule du 6 au 12 avril 2022 \u00e0 Eger en Hongrie. L\u2019\u00e9quipe fran\u00e7aise est compos\u00e9e de Hannah Faucheu,\u00a0Maryam Kouhkan,\u00a0Alice Tosel et Am\u00e9lie Triqueneaux, et est encadr\u00e9e par Anna Luchnikova en tant que \u00ab\u00a0leader\u00a0\u00bb et Maena Quemener en tant que \u00ab\u00a0deputy leader\u00a0\u00bb. Le compte-rendu suivant partage au jour le jour les \u00e9v\u00e8nements et photos de cette \u00e9dition. Pour plus de photos et d\u2019informations sur la comp\u00e9tition, je vous invite \u00e0 visiter la page Facebook officielle de\u00a0l\u2019EGMO\u00a0:\u00a0<a href=\"https:\/\/www.facebook.com\/egmo2022.hungary\" target=\"_blank\" rel=\"noopener\" data-saferedirecturl=\"https:\/\/www.google.com\/url?q=https:\/\/www.facebook.com\/egmo2022.hungary&amp;source=gmail&amp;ust=1649524143500000&amp;usg=AOvVaw0he4U06IIZ1z3W29XzKkx6\">https:\/\/www.<wbr \/>facebook.com\/egmo2022.hungary<\/a>.<\/p>\n<p>Cette \u00e9dition de l\u2019EGMO prend place dans un contexte mondial compliqu\u00e9, entre la crise sanitaire d\u2019une part qui a emp\u00each\u00e9 plusieurs pays de faire le d\u00e9placement jusqu\u2019en Hongrie et\u00a0la guerre en Ukraine. Nous souhaitons, Anna et moi,\u00a0d\u00e9dier ce compte-rendu \u00e0 Yuliia Zdanovska, ancienne participante ukrainienne de l\u2019EGMO,\u00a0qui a par la suite beaucoup \u0153uvr\u00e9 pour l\u2019enseignement des math\u00e9matiques. Elle est\u00a0d\u00e9c\u00e9d\u00e9e\u00a0cette ann\u00e9e\u00a0sous les bombes russes \u00e0 seulement 21 ans.<\/p>\n<p style=\"text-align: right;\">Maena<\/p>\n<figure id=\"attachment_8351\" aria-describedby=\"caption-attachment-8351\" style=\"width: 201px\" class=\"wp-caption aligncenter\"><img loading=\"lazy\" decoding=\"async\" class=\" wp-image-8351\" src=\"https:\/\/maths-olympiques.fr\/wp-content\/uploads\/2022\/04\/yuliia-zdanovska-t530-300x225.jpg\" alt=\"\" width=\"201\" height=\"151\" srcset=\"https:\/\/maths-olympiques.fr\/wp-content\/uploads\/2022\/04\/yuliia-zdanovska-t530-300x225.jpg 300w, https:\/\/maths-olympiques.fr\/wp-content\/uploads\/2022\/04\/yuliia-zdanovska-t530.jpg 530w\" sizes=\"auto, (max-width: 201px) 100vw, 201px\" \/><figcaption id=\"caption-attachment-8351\" class=\"wp-caption-text\">Yuliia Zdanovska<\/figcaption><\/figure>\n<p>&nbsp;<\/p>\n<p><!--more--><\/p>\n<h2>Jour 1 (mercredi)<\/h2>\n<p>7h sonne le d\u00e9but de l\u2019\u00e9dition 2022 de l\u2019EGMO pour l\u2019\u00e9quipe fran\u00e7aise\u00a0! C\u2019est \u00e0 cette heure matinale que nous avons rendez-vous \u00e0 l\u2019a\u00e9roport Charles de Gaulle.\u00a0Les filles arrivent toutes en m\u00eame temps, un peu fatigu\u00e9es mais surtout enthousiastes \u00e0 l\u2019id\u00e9e d\u2019aller concourir en pr\u00e9sentiel (contrairement \u00e0 l\u2019ann\u00e9e pass\u00e9e,\u00a0o\u00f9 certaines d&#8217;entre elles ont \u00e9t\u00e9 contraintes de participer \u00e0 la comp\u00e9tition depuis leurs chambres \u00e0 cause du covid). L\u2019embarquement se d\u00e9roule sans encombre et nos quatre participantes\u00a0profitent donc\u00a0de l\u2019attente pour se remettre dans l\u2019ambiance des stages de\u00a0la POFM\u00a0avec une partie de \u00ab\u00a0Mao\u00a0\u00bb, jeu de cartes tr\u00e8s pris\u00e9 des animatheux.\u00a0Le concept de ce jeu\u00a0? Les r\u00e8gles ne sont pas \u00e9nonc\u00e9es et chaque nouveau joueur doit les deviner au fil de la partie.<\/p>\n<p>Nous immortalisons notre d\u00e9part juste avant de monter dans l\u2019avion, puis nous nous envolons, direction Budapest\u00a0!<\/p>\n<figure id=\"attachment_8356\" aria-describedby=\"caption-attachment-8356\" style=\"width: 300px\" class=\"wp-caption alignleft\"><img loading=\"lazy\" decoding=\"async\" class=\" wp-image-8356\" src=\"https:\/\/maths-olympiques.fr\/wp-content\/uploads\/2022\/04\/img1-300x225.jpg\" alt=\"\" width=\"300\" height=\"225\" srcset=\"https:\/\/maths-olympiques.fr\/wp-content\/uploads\/2022\/04\/img1-300x225.jpg 300w, https:\/\/maths-olympiques.fr\/wp-content\/uploads\/2022\/04\/img1-768x576.jpg 768w, https:\/\/maths-olympiques.fr\/wp-content\/uploads\/2022\/04\/img1-1024x768.jpg 1024w\" sizes=\"auto, (max-width: 300px) 100vw, 300px\" \/><figcaption id=\"caption-attachment-8356\" class=\"wp-caption-text\">De droite \u00e0 gauche : Anna, Hannah, Am\u00e9lie, Alice, Maryam et Maena<\/figcaption><\/figure>\n<figure id=\"attachment_8355\" aria-describedby=\"caption-attachment-8355\" style=\"width: 300px\" class=\"wp-caption alignright\"><img loading=\"lazy\" decoding=\"async\" class=\" wp-image-8355\" src=\"https:\/\/maths-olympiques.fr\/wp-content\/uploads\/2022\/04\/img2-300x225.jpg\" alt=\"\" width=\"300\" height=\"225\" srcset=\"https:\/\/maths-olympiques.fr\/wp-content\/uploads\/2022\/04\/img2-300x225.jpg 300w, https:\/\/maths-olympiques.fr\/wp-content\/uploads\/2022\/04\/img2-768x576.jpg 768w, https:\/\/maths-olympiques.fr\/wp-content\/uploads\/2022\/04\/img2-1024x769.jpg 1024w, https:\/\/maths-olympiques.fr\/wp-content\/uploads\/2022\/04\/img2.jpg 2048w\" sizes=\"auto, (max-width: 300px) 100vw, 300px\" \/><figcaption id=\"caption-attachment-8355\" class=\"wp-caption-text\">Gabriel, la mascotte qui nous suivra durant tout le voyage, prend place aux c\u00f4t\u00e9s d&#8217;Am\u00e9lie et de Hannah dans l&#8217;avion !<\/figcaption><\/figure>\n<p>&nbsp;<\/p>\n<p>&nbsp;<\/p>\n<p>&nbsp;<\/p>\n<p>&nbsp;<\/p>\n<p>&nbsp;<\/p>\n<p>&nbsp;<\/p>\n<p>&nbsp;<\/p>\n<p>&nbsp;<\/p>\n<p>Nous atterrissons deux heures plus tard et sommes accueillis par Hanga, notre guide hongroise pour la semaine, ainsi que par plusieurs photographes, ce qui nous impressionne beaucoup. Hannah est m\u00eame prise\u00a0\u00e0 part pour se faire interviewer par une membre de l\u2019organisation\u00a0!\u00a0D\u2019autres \u00e9quipes sont d\u00e9j\u00e0 l\u00e0 et nos quatre filles s\u2019empressent d\u2019aller jouer avec elles pour faire connaissance, en attendant le d\u00e9part du bus vers Eger, la ville o\u00f9 se d\u00e9roulera la comp\u00e9tition.<\/p>\n<figure id=\"attachment_8363\" aria-describedby=\"caption-attachment-8363\" style=\"width: 300px\" class=\"wp-caption alignleft\"><img loading=\"lazy\" decoding=\"async\" class=\" wp-image-8363\" src=\"https:\/\/maths-olympiques.fr\/wp-content\/uploads\/2022\/04\/img4-300x225.jpg\" alt=\"\" width=\"300\" height=\"225\" srcset=\"https:\/\/maths-olympiques.fr\/wp-content\/uploads\/2022\/04\/img4-300x225.jpg 300w, https:\/\/maths-olympiques.fr\/wp-content\/uploads\/2022\/04\/img4-768x576.jpg 768w, https:\/\/maths-olympiques.fr\/wp-content\/uploads\/2022\/04\/img4-1024x768.jpg 1024w\" sizes=\"auto, (max-width: 300px) 100vw, 300px\" \/><figcaption id=\"caption-attachment-8363\" class=\"wp-caption-text\">L&#8217;\u00e9quipe \u00e0 l&#8217;atterrissage !<\/figcaption><\/figure>\n<figure id=\"attachment_8364\" aria-describedby=\"caption-attachment-8364\" style=\"width: 300px\" class=\"wp-caption alignright\"><img loading=\"lazy\" decoding=\"async\" class=\"size-medium wp-image-8364\" src=\"https:\/\/maths-olympiques.fr\/wp-content\/uploads\/2022\/04\/img3-300x225.jpg\" alt=\"\" width=\"300\" height=\"225\" srcset=\"https:\/\/maths-olympiques.fr\/wp-content\/uploads\/2022\/04\/img3-300x225.jpg 300w, https:\/\/maths-olympiques.fr\/wp-content\/uploads\/2022\/04\/img3-768x576.jpg 768w, https:\/\/maths-olympiques.fr\/wp-content\/uploads\/2022\/04\/img3-1024x768.jpg 1024w\" sizes=\"auto, (max-width: 300px) 100vw, 300px\" \/><figcaption id=\"caption-attachment-8364\" class=\"wp-caption-text\">Hannah est interview\u00e9e d\u00e8s son arriv\u00e9e.<\/figcaption><\/figure>\n<p>&nbsp;<\/p>\n<p>&nbsp;<\/p>\n<p>&nbsp;<\/p>\n<p>&nbsp;<\/p>\n<p>&nbsp;<\/p>\n<p>&nbsp;<\/p>\n<p>&nbsp;<\/p>\n<p>Une fois sur place, \u00e9puis\u00e9es par le trajet, nous nous pr\u00e9cipitons dans nos chambres respectives pour se reposer en pr\u00e9vision de la semaine qui nous attend. Nous en profitons pour d\u00e9couvrir tous les goodies qui nous attendent dans les sacs qui nous ont \u00e9t\u00e9 distribu\u00e9s \u00e0 notre arriv\u00e9e. Le comit\u00e9 d\u2019organisation a \u00e9t\u00e9 tr\u00e8s g\u00e9n\u00e9reux et les sacs d\u00e9bordent de cadeaux\u00a0! Certains sont m\u00eame assez \u00e9tonnants, comme par exemple les K-Way verts fluos, que les filles se d\u00e9p\u00eachent d\u2019enfiler pour rigoler.<\/p>\n<p><img loading=\"lazy\" decoding=\"async\" class=\"size-medium wp-image-8366 aligncenter\" src=\"https:\/\/maths-olympiques.fr\/wp-content\/uploads\/2022\/04\/img5-300x225.jpg\" alt=\"\" width=\"300\" height=\"225\" srcset=\"https:\/\/maths-olympiques.fr\/wp-content\/uploads\/2022\/04\/img5-300x225.jpg 300w, https:\/\/maths-olympiques.fr\/wp-content\/uploads\/2022\/04\/img5-768x576.jpg 768w, https:\/\/maths-olympiques.fr\/wp-content\/uploads\/2022\/04\/img5-1024x769.jpg 1024w, https:\/\/maths-olympiques.fr\/wp-content\/uploads\/2022\/04\/img5.jpg 2048w\" sizes=\"auto, (max-width: 300px) 100vw, 300px\" \/><\/p>\n<p>Cette ann\u00e9e, nous sommes g\u00e2t\u00e9es, le restaurant de l\u2019h\u00f4tel est apparemment tr\u00e8s bon par rapport aux standards d\u2019autres comp\u00e9titions (mention sp\u00e9ciale pour les RMM, r\u00e9put\u00e9s pour leur nourriture particuli\u00e8re). Nous mangeons avec notre guide, puis le coucher ne tarde pas trop, car le plus gros est \u00e0 venir\u00a0!<\/p>\n<h2>Jour 2 (jeudi)<\/h2>\n<p><span style=\"font-size: medium;\">Toutes les \u00e9quipes sont bien arriv\u00e9es, <\/span><span style=\"font-size: medium;\">certaines m\u00eame de tr\u00e8s loin. En effet, chaque ann\u00e9e, des pays en dehors de l\u2019Europe comme les Etats-Unis ou l\u2019Inde sont convi\u00e9s. Les festivit\u00e9s peuvent donc commencer\u00a0! Mais avant \u00e7a, nous avons toutes rendez-vous au petit-d\u00e9jeuner. <\/span><span style=\"font-size: medium;\">D\u00e9j\u00e0, <\/span><span style=\"font-size: medium;\">chez une certaine candidate (devinez laquelle!), une propension au retard se fait remarquer. Nous la chambrons gentiment et elle nous promet qu\u2019elle mettra son r\u00e9veil tr\u00e8s en avance le lendemain, pour \u00eatre s\u00fbre d\u2019arriver \u00e0 l\u2019\u00e9preuve dans les temps. <\/span><span style=\"font-size: medium;\">Passage devant le photographe, avant de partir pour la c\u00e9r\u00e9monie d\u2019ouverture.<\/span><\/p>\n<p><span style=\"font-size: medium;\">Nous v\u00e9rifions que le drapeau est bien dans notre sac, n\u2019oublions surtout pas Gabriel, qui nous accompagnera tout au long de la journ\u00e9e et partons en direction <\/span><span style=\"font-size: medium;\">du th\u00e9\u00e2tre Gardonyi, o\u00f9 se d\u00e9roule la c\u00e9r\u00e9monie. <\/span><span style=\"font-size: medium;\">On commence d\u00e9j\u00e0 \u00e0 ressentir une certaine \u00e9mulation, chaque \u00e9quipe marche avec son drapeau, fi\u00e8re de repr\u00e9senter son pays. <\/span><\/p>\n<figure id=\"attachment_8381\" aria-describedby=\"caption-attachment-8381\" style=\"width: 331px\" class=\"wp-caption aligncenter\"><img loading=\"lazy\" decoding=\"async\" class=\" wp-image-8381\" src=\"https:\/\/maths-olympiques.fr\/wp-content\/uploads\/2022\/04\/img6-300x225.jpg\" alt=\"\" width=\"331\" height=\"248\" srcset=\"https:\/\/maths-olympiques.fr\/wp-content\/uploads\/2022\/04\/img6-300x225.jpg 300w, https:\/\/maths-olympiques.fr\/wp-content\/uploads\/2022\/04\/img6-768x576.jpg 768w, https:\/\/maths-olympiques.fr\/wp-content\/uploads\/2022\/04\/img6-1024x768.jpg 1024w\" sizes=\"auto, (max-width: 331px) 100vw, 331px\" \/><figcaption id=\"caption-attachment-8381\" class=\"wp-caption-text\">Saurez-vous trouver Gabriel sur la photo ?<\/figcaption><\/figure>\n<p><span style=\"font-size: medium;\">La c\u00e9r\u00e9monie est film\u00e9e et diffus\u00e9e en direct sur YouTube. Encore mieux qu\u2019un r\u00e9cit du d\u00e9roulement, vous pouvez <\/span><span style=\"font-size: medium;\">la d\u00e9couvrir par<\/span><span style=\"font-size: medium;\"> vous-m\u00eame en cliquant sur ce lien\u00a0: <a href=\"https:\/\/www.youtube.com\/watch?v=NwpATLjefnU\" target=\"_blank\" rel=\"noopener\" data-saferedirecturl=\"https:\/\/www.google.com\/url?q=https:\/\/www.youtube.com\/watch?v%3DNwpATLjefnU&amp;source=gmail&amp;ust=1649537786381000&amp;usg=AOvVaw3jRri5d1Je_tnFzh1FJYfY\">https:\/\/www.youtube.com\/watch?<wbr \/>v=NwpATLjefnU<\/a>. <\/span><\/p>\n<p>&nbsp;<\/p>\n<p><span style=\"font-size: medium;\">Bon, pour vous \u00e9pargner 1h de visionnage, voici quelques recommandations\u00a0: <\/span><\/p>\n<p><span style=\"font-size: medium;\">&#8211; A 3:10, puis plus tard dans la vid\u00e9o \u00e0 50:10, vous pouvez assister \u00e0 l\u2019excellente prestation du groupe de musique traditionnelle hongrois<\/span><span style=\"font-size: medium;\">e<\/span><span style=\"font-size: medium;\"> Kerekes. <\/span><span style=\"font-size: medium;\">Ne vous laissez pas avoir par les premi\u00e8res notes lentes, ils font vraiment preuve d\u2019une \u00e9nergie d\u00e9bordante, et d\u2019une modernit\u00e9 finalement assez \u00e9tonnante. A titre personnel, je vous recommande le deuxi\u00e8me morceau pour ses instruments atypiques et le dernier pour l\u2019\u00e9nergie du fl\u00fbtiste\u00a0! <\/span><span style=\"font-size: medium;\">Toute l\u2019\u00e9quipe, en particulier Am\u00e9lie qui \u00e9tait pleine d\u2019\u00e9toiles dans les yeux, a appr\u00e9ci\u00e9 ce petit concert.<\/span><\/p>\n<p><span style=\"font-size: medium;\">&#8211; Retrouvez la pr\u00e9sentation de l\u2019\u00e9quipe de France \u00e0 33:15. Vous pourrez remarquer notre guide Hanga tout \u00e0 gauche, et Gabriel tout \u00e0 droite qu\u2019Alice brandit fi\u00e8rement.<\/span><\/p>\n<p><span style=\"font-size: medium;\">&#8211; <\/span><span style=\"font-size: medium;\">L<\/span><span style=\"font-size: medium;\">a pr\u00e9sentation de l\u2019\u00e9quipe <\/span><span style=\"font-size: medium;\">d\u2019Ukraine au complet<\/span><span style=\"font-size: medium;\">, <\/span><span style=\"font-size: medium;\">dont la venue \u00e9tait tr\u00e8s incertaine, \u00e0 37:25, ainsi que la minute de silence en la m\u00e9moire de <\/span><span style=\"font-size: medium;\">Yuliia Zdanovska<\/span><span style=\"font-size: medium;\"> \u00e0 la fin de la c\u00e9r\u00e9monie, ont provoqu\u00e9 une grande \u00e9motion dans toute la salle. Toute l\u2019\u00e9quipe \u00e9tait touch\u00e9e de voir leur pr\u00e9sence, et tr\u00e8s impressionn\u00e9e par leurs jolies tenues traditionnelles\u00a0!<\/span><\/p>\n<p>&nbsp;<\/p>\n<p><span style=\"font-size: medium;\">Retour \u00e0 notre journ\u00e9e. A la sortie du th\u00e9\u00e2tre, nous en profitons pour <\/span><span style=\"font-size: medium;\">rencontrer<\/span><span style=\"font-size: medium;\"> les participantes des autres pays et poser <\/span><span style=\"font-size: medium;\">devant la cam\u00e9ra <\/span><span style=\"font-size: medium;\">avec avec l\u2019\u00e9quipe du Costa Rica, tr\u00e8s amus\u00e9e de constater que nos drapeaux arborent les m\u00eames couleurs. <\/span><span style=\"font-size: medium;\">Les discussions s\u2019\u00e9ternisent et nous rentrons donc en h\u00e2te \u00e0 l\u2019h\u00f4tel quand nous r\u00e9alisons qu\u2019Anna doit partir \u00e0 la r\u00e9union des leaders dans moins de 10 minutes. <\/span><span style=\"font-size: medium;\">Ce sont les grands aux revoirs. Nous n\u2019aurons plus le droit de voir Anna, qui va d\u00e9couvrir en avance les \u00e9nonc\u00e9s des probl\u00e8mes, jusqu\u2019\u00e0 demain. <\/span><span style=\"font-size: medium;\">Je me retrouve donc seule encadrante avec les quatre filles pour la journ\u00e9e \u00e0 venir. Pour nous, le programme est plus l\u00e9ger\u00a0: chasse au tr\u00e9sor\u00a0! <\/span><\/p>\n<figure id=\"attachment_8380\" aria-describedby=\"caption-attachment-8380\" style=\"width: 300px\" class=\"wp-caption alignleft\"><img loading=\"lazy\" decoding=\"async\" class=\"size-medium wp-image-8380\" src=\"https:\/\/maths-olympiques.fr\/wp-content\/uploads\/2022\/04\/img7-300x225.jpg\" alt=\"\" width=\"300\" height=\"225\" srcset=\"https:\/\/maths-olympiques.fr\/wp-content\/uploads\/2022\/04\/img7-300x225.jpg 300w, https:\/\/maths-olympiques.fr\/wp-content\/uploads\/2022\/04\/img7-768x576.jpg 768w, https:\/\/maths-olympiques.fr\/wp-content\/uploads\/2022\/04\/img7-1024x768.jpg 1024w\" sizes=\"auto, (max-width: 300px) 100vw, 300px\" \/><figcaption id=\"caption-attachment-8380\" class=\"wp-caption-text\">Avec nos camarades de Costa Rica<\/figcaption><\/figure>\n<figure id=\"attachment_8379\" aria-describedby=\"caption-attachment-8379\" style=\"width: 300px\" class=\"wp-caption alignright\"><img loading=\"lazy\" decoding=\"async\" class=\"size-medium wp-image-8379\" src=\"https:\/\/maths-olympiques.fr\/wp-content\/uploads\/2022\/04\/img8-300x225.jpg\" alt=\"\" width=\"300\" height=\"225\" srcset=\"https:\/\/maths-olympiques.fr\/wp-content\/uploads\/2022\/04\/img8-300x225.jpg 300w, https:\/\/maths-olympiques.fr\/wp-content\/uploads\/2022\/04\/img8-768x576.jpg 768w, https:\/\/maths-olympiques.fr\/wp-content\/uploads\/2022\/04\/img8-1024x768.jpg 1024w\" sizes=\"auto, (max-width: 300px) 100vw, 300px\" \/><figcaption id=\"caption-attachment-8379\" class=\"wp-caption-text\">L&#8217;\u00e9quipe salue Anna qui s&#8217;en va jusqu&#8217;\u00e0 demain :'(<\/figcaption><\/figure>\n<p>&nbsp;<\/p>\n<p>&nbsp;<\/p>\n<p>&nbsp;<\/p>\n<p>&nbsp;<\/p>\n<p>&nbsp;<\/p>\n<p>&nbsp;<\/p>\n<p>&nbsp;<\/p>\n<p><span style=\"font-size: medium;\">Nous mangeons rapidement pour avoir le temps de nous reposer, avant le d\u00e9part \u00e0 15h (\u00ab\u00a0rendez-vous 14h50\u00a0\u00bb, mart\u00e8le Am\u00e9lie pour \u00eatre certaine que tout le monde soit pr\u00e9sent pour le d\u00e9but de la chasse) pour le centre-ville d\u2019Eger o\u00f9 les organisateurs nous ont pr\u00e9par\u00e9 plein d\u2019activit\u00e9s. Arm\u00e9es d\u2019un stylo, d\u2019une carte de la ville et du carnet de r\u00e9ponses, nous nous \u00e9lan\u00e7ons.<\/span><\/p>\n<p><span style=\"font-size: medium;\">Les activit\u00e9s sont tr\u00e8s vari\u00e9es, alternant entre jeux d\u2019adresse (nous n\u2019y sommes globalement pas tr\u00e8s fortes), devinettes logique et bien plus de d\u00e9fis originaux : nous avons d\u00fb partir \u00e0 la recherche dans tout le parc de canards en plastiques dissimul\u00e9s un peu partout, ou encore essayer de reconna\u00eetre des musiques pass\u00e9es \u00e0 l\u2019envers. <\/span><span style=\"font-size: medium;\">Nous vadrouillons ainsi pendant 3h dans la tr\u00e8s mignonne ville d\u2019Eger. <\/span><span style=\"font-size: medium;\">La chasse au tr\u00e9sor aura vraiment \u00e9t\u00e9 une r\u00e9ussite\u00a0!<\/span><\/p>\n<figure id=\"attachment_8378\" aria-describedby=\"caption-attachment-8378\" style=\"width: 225px\" class=\"wp-caption alignleft\"><img loading=\"lazy\" decoding=\"async\" class=\"size-medium wp-image-8378\" src=\"https:\/\/maths-olympiques.fr\/wp-content\/uploads\/2022\/04\/img9-225x300.jpg\" alt=\"\" width=\"225\" height=\"300\" srcset=\"https:\/\/maths-olympiques.fr\/wp-content\/uploads\/2022\/04\/img9-225x300.jpg 225w, https:\/\/maths-olympiques.fr\/wp-content\/uploads\/2022\/04\/img9-768x1024.jpg 768w\" sizes=\"auto, (max-width: 225px) 100vw, 225px\" \/><figcaption id=\"caption-attachment-8378\" class=\"wp-caption-text\">Un autre d\u00e9fi est de trouver tous les stickers de Marvin, la mascotte de l&#8217;EGMO 2022, et d&#8217;imiter sa pose !<\/figcaption><\/figure>\n<figure id=\"attachment_8376\" aria-describedby=\"caption-attachment-8376\" style=\"width: 225px\" class=\"wp-caption alignright\"><img loading=\"lazy\" decoding=\"async\" class=\"size-medium wp-image-8376\" src=\"https:\/\/maths-olympiques.fr\/wp-content\/uploads\/2022\/04\/img11-225x300.jpg\" alt=\"\" width=\"225\" height=\"300\" srcset=\"https:\/\/maths-olympiques.fr\/wp-content\/uploads\/2022\/04\/img11-225x300.jpg 225w, https:\/\/maths-olympiques.fr\/wp-content\/uploads\/2022\/04\/img11-768x1024.jpg 768w, https:\/\/maths-olympiques.fr\/wp-content\/uploads\/2022\/04\/img11.jpg 1536w\" sizes=\"auto, (max-width: 225px) 100vw, 225px\" \/><figcaption id=\"caption-attachment-8376\" class=\"wp-caption-text\">Eglise de la ville d&#8217;Eger<\/figcaption><\/figure>\n<p>&nbsp;<\/p>\n<p>&nbsp;<\/p>\n<p>&nbsp;<\/p>\n<p>&nbsp;<\/p>\n<p>&nbsp;<\/p>\n<p>&nbsp;<\/p>\n<p>&nbsp;<\/p>\n<p>&nbsp;<\/p>\n<p>&nbsp;<\/p>\n<p><span style=\"font-size: medium;\">C\u2019est l\u2019heure des derni<\/span><span style=\"font-size: medium;\">er<\/span><span style=\"font-size: medium;\">s pr\u00e9paratifs. La guide explique aux quatre candidates les d\u00e9tails de la r\u00e9glementation de l\u2019\u00e9preuve de demain, puis nous nous retrouvons toutes dans une chambre pour les derniers conseils et encouragements. <\/span><span style=\"font-size: medium;\">Je constate avec joie que les filles sont d\u00e9tendues et n\u2019ont qu\u2019une id\u00e9e en t\u00eate\u00a0: tout donner et s\u2019amuser, sans pression inutile\u00a0! Un dernier bonne nuit, et tout le monde saute au lit pour \u00eatre en forme demain. <\/span><\/p>\n<h2>Jour 3 (vendredi)<\/h2>\n<p>R\u00e9veil matinal et assez brutal \u00e0 6h50 pour nos quatre participantes. En effet, fid\u00e8le \u00e0 elle-m\u00eame, l\u2019\u00e9quipe a rat\u00e9 son cr\u00e9neau du petit-d\u00e9jeuner (en toute conscience m\u2019ont avou\u00e9\u00a0plus tard\u00a0les filles), provoquant\u00a0la panique\u00a0de la guide qui ne les voyait pas arriver. Anna, ne pouvant pas\u00a0revoir les filles avant le d\u00e9but de la premi\u00e8re \u00e9preuve, m\u2019avait charg\u00e9 la veille de v\u00e9rifier qu\u2019elles seraient toutes lev\u00e9es.\u00a0Je les rejoins donc \u00e0 7h20. Hannah toujours en pyjama,\u00a0et visiblement en phase de r\u00e9veil,\u00a0m\u2019ouvre et m\u2019assure que Maryam\u00a0(r\u00e9put\u00e9e pour sa ponctualit\u00e9)\u00a0a bien commenc\u00e9 \u00e0 se pr\u00e9parer et qu\u2019elles seraient\u00a0toutes\u00a0dans la salle pour le d\u00e9but de la comp\u00e9tition.\u00a0Pour ma part, je retourne me coucher,\u00a0soulag\u00e9e de\u00a0savoir que tout se passe bien.<\/p>\n<p>Je d\u00e9couvre les sujets\u00a0de mon c\u00f4t\u00e9, une heure apr\u00e8s les filles. Probl\u00e8me 1\u00a0: g\u00e9om\u00e9trie, probl\u00e8me 2\u00a0:\u00a0arithm\u00e9tique\u00a0et probl\u00e8me 3\u00a0:\u00a0alg\u00e8bre. J\u2019ai une petite pens\u00e9e pour Alice, qui ne jure que par la combinatoire,\u00a0mais\u00a0suppose qu\u2019Am\u00e9lie et Hannah doivent se faire\u00a0une\u00a0joie de r\u00e9soudre le probl\u00e8me de g\u00e9om\u00e9trie.\u00a0Pendant qu\u2019Anna assiste \u00e0 une \u00e9ni\u00e8me r\u00e9union avec les autres leaders, je me tente \u00e0 la feuille de probl\u00e8mes.<\/p>\n<p>\u00c0 13h, je retrouve Anna \u00e0 la sortie de la salle de composition, et nous attendons, impatientes, l&#8217;arriv\u00e9e de nos quatre championnes. Hannah en premi\u00e8re, Am\u00e9lie et Alice, et enfin Maryam apparaissent.\u00a0Elles \u00e9changent sur leurs probl\u00e8mes, tandis que nous \u00e9coutons sans rien pouvoir leur dire encore. Direction le restaurant pour un repas bien m\u00e9rit\u00e9 pour tout le monde !<\/p>\n<figure id=\"attachment_8391\" aria-describedby=\"caption-attachment-8391\" style=\"width: 341px\" class=\"wp-caption alignleft\"><img loading=\"lazy\" decoding=\"async\" class=\" wp-image-8391\" src=\"https:\/\/maths-olympiques.fr\/wp-content\/uploads\/2022\/04\/img14-300x200.jpg\" alt=\"\" width=\"341\" height=\"227\" srcset=\"https:\/\/maths-olympiques.fr\/wp-content\/uploads\/2022\/04\/img14-300x200.jpg 300w, https:\/\/maths-olympiques.fr\/wp-content\/uploads\/2022\/04\/img14-768x511.jpg 768w, https:\/\/maths-olympiques.fr\/wp-content\/uploads\/2022\/04\/img14-1024x682.jpg 1024w, https:\/\/maths-olympiques.fr\/wp-content\/uploads\/2022\/04\/img14.jpg 1080w\" sizes=\"auto, (max-width: 341px) 100vw, 341px\" \/><figcaption id=\"caption-attachment-8391\" class=\"wp-caption-text\">Alice en pleine composition<\/figcaption><\/figure>\n<figure id=\"attachment_8392\" aria-describedby=\"caption-attachment-8392\" style=\"width: 303px\" class=\"wp-caption alignright\"><img loading=\"lazy\" decoding=\"async\" class=\" wp-image-8392\" src=\"https:\/\/maths-olympiques.fr\/wp-content\/uploads\/2022\/04\/img13-300x225.jpg\" alt=\"\" width=\"303\" height=\"227\" srcset=\"https:\/\/maths-olympiques.fr\/wp-content\/uploads\/2022\/04\/img13-300x225.jpg 300w, https:\/\/maths-olympiques.fr\/wp-content\/uploads\/2022\/04\/img13-768x576.jpg 768w, https:\/\/maths-olympiques.fr\/wp-content\/uploads\/2022\/04\/img13-1024x768.jpg 1024w\" sizes=\"auto, (max-width: 303px) 100vw, 303px\" \/><figcaption id=\"caption-attachment-8392\" class=\"wp-caption-text\">Am\u00e9lie et Alice \u00e0 la sortie de la salle<\/figcaption><\/figure>\n<p>&nbsp;<\/p>\n<p>&nbsp;<\/p>\n<p>&nbsp;<\/p>\n<p>&nbsp;<\/p>\n<p>&nbsp;<\/p>\n<p>&nbsp;<\/p>\n<p>&nbsp;<\/p>\n<p>Au programme de l\u2019apr\u00e8s-midi\u00a0: correction de copie pour Anna et moi, diverses activit\u00e9s pour les quatre candidates.\u00a0\u00c9tant donn\u00e9 que nous n\u2019avons pas \u00e9t\u00e9 avec elles, je vais tenter de vous restituer au mieux les \u00e9v\u00e8nements qu\u2019elles m\u2019ont rapport\u00e9es. Si celles-ci se motivent, vous aurez peut-\u00eatre m\u00eame un petit paragraphe \u00e9crit par leur soin\u00a0(au boulot\u00a0les filles!).<\/p>\n<p>Hannah s\u2019est inscrite \u00e0 un atelier de danse, et nous raconte le soir, qu\u2019alors qu\u2019elle s\u2019attendait \u00e0 de la danse moderne, elle s\u2019est retrouv\u00e9e \u00e0 apprendre des danses traditionnelles hongroises.\u00a0 Maryam nous raconte de son c\u00f4t\u00e9 \u00eatre partie en ville avec Alice, et nous parle d\u2019une d\u00e9licieuse sp\u00e9cialit\u00e9 hongroise qu\u2019une guide leur a fait d\u00e9couvrir. C\u2019est une p\u00e2tisserie compos\u00e9e de p\u00e2te feuillet\u00e9e, pommes et cannelle, mais\u00a0dont\u00a0elles n\u2019auront pas su nous indiquer le nom.<\/p>\n<p>Nous nous s\u00e9parons de nouveau apr\u00e8s manger, elles pour une soir\u00e9e de repos bien m\u00e9rit\u00e9e, et nous pour retourner \u00e0 l\u2019attaque du paquet de copie.<\/p>\n<div id=\":p1\" class=\"a3s aiL \">\n<figure id=\"attachment_8393\" aria-describedby=\"caption-attachment-8393\" style=\"width: 300px\" class=\"wp-caption aligncenter\"><img loading=\"lazy\" decoding=\"async\" class=\"size-medium wp-image-8393\" src=\"https:\/\/maths-olympiques.fr\/wp-content\/uploads\/2022\/04\/img15-300x225.jpg\" alt=\"\" width=\"300\" height=\"225\" srcset=\"https:\/\/maths-olympiques.fr\/wp-content\/uploads\/2022\/04\/img15-300x225.jpg 300w, https:\/\/maths-olympiques.fr\/wp-content\/uploads\/2022\/04\/img15-768x576.jpg 768w, https:\/\/maths-olympiques.fr\/wp-content\/uploads\/2022\/04\/img15-1024x768.jpg 1024w\" sizes=\"auto, (max-width: 300px) 100vw, 300px\" \/><figcaption id=\"caption-attachment-8393\" class=\"wp-caption-text\">Anna aux prises avec un P2<\/figcaption><\/figure>\n<h2>Jour 4 (samedi)<\/h2>\n<p>Cette fois-ci, nos participantes ont r\u00e9ussi \u00e0 n\u00e9gocier l\u2019horaire du petit-d\u00e9jeuner pour manger un peu plus tard. C\u2019est donc \u00e0 7h30 qu\u2019elles rejoignent le restaurant. Derniers conseils \u00e0 base\u00a0: \u00ab\u00a0N\u2019h\u00e9sitez pas \u00e0 nous faire un r\u00e9capitulatif de vos id\u00e9es\u00a0!\u00a0\u00bb et les voil\u00e0 dans les starting-blocks pour la derni\u00e8re \u00e9preuve.<\/p>\n<p>n+1-i\u00e8me r\u00e9union pour Anna, pendant que je continue \u00e0 plancher sur les copies,\u00a0puis nous retrouvons les participantes 4h30 plus tard.\u00a0Elles nous font de rapides retours, puis nous nous empressons d\u2019aller manger, affam\u00e9es par l\u2019effort intellectuel. \u00c0 table, Am\u00e9lie et Alice nous racontent avoir visionn\u00e9\u00a0<i>Matrix 3<\/i>\u00a0en hongrois la veille (et n\u2019avoir rien compris). Mais surtout, elles ont \u00e9t\u00e9 marqu\u00e9es par la quantit\u00e9 de pub sur les m\u00e9dicaments pour les maux de ventre.\u00a0Ce qui ne semble pas tr\u00e8s \u00e9tonnant, au vu de la couleur des jus de fruits qu\u2019on nous sert ici. Am\u00e9lie essaie plusieurs fois pendant le repas de nous convaincre de\u00a0venir participer\u00a0des activit\u00e9s avec elles, puis se ravise en se souvenant que ses r\u00e9sultats d\u00e9pendront en partie de nos corrections.<\/p>\n<figure id=\"attachment_8406\" aria-describedby=\"caption-attachment-8406\" style=\"width: 225px\" class=\"wp-caption aligncenter\"><img loading=\"lazy\" decoding=\"async\" class=\"size-medium wp-image-8406\" src=\"https:\/\/maths-olympiques.fr\/wp-content\/uploads\/2022\/04\/img16-225x300.jpg\" alt=\"\" width=\"225\" height=\"300\" srcset=\"https:\/\/maths-olympiques.fr\/wp-content\/uploads\/2022\/04\/img16-225x300.jpg 225w, https:\/\/maths-olympiques.fr\/wp-content\/uploads\/2022\/04\/img16-768x1024.jpg 768w\" sizes=\"auto, (max-width: 225px) 100vw, 225px\" \/><figcaption id=\"caption-attachment-8406\" class=\"wp-caption-text\">La photo ne rend pas suffisamment justice \u00e0 la belle couleur fluo des deux jus.<\/figcaption><\/figure>\n<p>Durant l\u2019apr\u00e8s-midi, Am\u00e9lie et Alice s\u2019en vont faire de l\u2019escalade. Elles me d\u00e9crivent l\u2019endroit comme \u00e9tant un hangar d\u00e9saffect\u00e9 autour duquel la guide a tourn\u00e9 20\u2009min avant de r\u00e9ussir \u00e0 entrer. Pas tr\u00e8s rassurant\u2026 Malheureusement, je n\u2019ai pas de photos pour illustrer \u00e7a. De son c\u00f4t\u00e9, Hannah pr\u00e9f\u00e8re rester faire une sieste (activit\u00e9, selon moi, \u00e9galement tr\u00e8s int\u00e9ressante) \u00e0 l\u2019h\u00f4tel.<\/p>\n<p>Nous recevons la nouvelle fourn\u00e9e de copies, et nous remettons au travail\u00a0jusqu\u2019au d\u00eener.<\/p>\n<p>Nous retrouvons Hannah, Alice et Am\u00e9lie dans la soir\u00e9e, car Maryam est rest\u00e9e avec d\u2019autres candidates pour participer \u00e0 un karaok\u00e9 en hongrois. Activit\u00e9 qui ne nous \u00e9tonne pas du tout venant d\u2019elle. Les filles tentent de gratter quelques informations sur leurs copies, mais nous restons de marbre. Il faudra attendre encore un jour pour que le verdict tombe\u00a0!<\/p>\n<p>Les filles optent plut\u00f4t pour une soir\u00e9e repos. En rencontrant Am\u00e9lie, les participantes des autres pays lui \u00e9voquaient g\u00e9n\u00e9ralement le film\u00a0<i>Am\u00e9lie Poulain<\/i>, visiblement grand classique du cin\u00e9ma fran\u00e7ais \u00e0 l\u2019\u00e9tranger. Ainsi, nos quatre candidates d\u00e9cident de le visionner (revisionner pour certaines) au calme dans une chambre. Sans grande originalit\u00e9, Anna et moi\u2026 nous remettons aux\u00a0corrections, install\u00e9es\u00a0sur les canap\u00e9s du couloir. Maryam en profitera pour passer\u00a0plusieurs fois\u00a0devant nous en tentant des coups d\u2019oeil discret sur ce que l\u2019on fait,\u00a0pour finalement abandonner quand elle constate qu\u2019elle n\u2019obtiendra rien\u00a0avant le lendemain.\u00a0La soir\u00e9e se finit\u00a0(un peu tardivement pour certaines)\u00a0dans le m\u00eame calme qu\u2019elle a commenc\u00e9.<\/p>\n<p>Voici quelques p\u00e9pites qui ont \u00e9gay\u00e9 notre lecture des copies pour finir le jour 4 :<\/p>\n<figure id=\"attachment_8410\" aria-describedby=\"caption-attachment-8410\" style=\"width: 300px\" class=\"wp-caption alignleft\"><img loading=\"lazy\" decoding=\"async\" class=\"size-medium wp-image-8410\" src=\"https:\/\/maths-olympiques.fr\/wp-content\/uploads\/2022\/04\/img19-300x225.jpg\" alt=\"\" width=\"300\" height=\"225\" srcset=\"https:\/\/maths-olympiques.fr\/wp-content\/uploads\/2022\/04\/img19-300x225.jpg 300w, https:\/\/maths-olympiques.fr\/wp-content\/uploads\/2022\/04\/img19-768x576.jpg 768w, https:\/\/maths-olympiques.fr\/wp-content\/uploads\/2022\/04\/img19-1024x768.jpg 1024w\" sizes=\"auto, (max-width: 300px) 100vw, 300px\" \/><figcaption id=\"caption-attachment-8410\" class=\"wp-caption-text\">Les r\u00e9flexions de Maryam \u00e0 elle-m\u00eame pouvaient \u00eatre vraiment hilarantes !<\/figcaption><\/figure>\n<figure id=\"attachment_8407\" aria-describedby=\"caption-attachment-8407\" style=\"width: 300px\" class=\"wp-caption alignright\"><img loading=\"lazy\" decoding=\"async\" class=\"size-medium wp-image-8407\" src=\"https:\/\/maths-olympiques.fr\/wp-content\/uploads\/2022\/04\/img17-300x225.jpg\" alt=\"\" width=\"300\" height=\"225\" srcset=\"https:\/\/maths-olympiques.fr\/wp-content\/uploads\/2022\/04\/img17-300x225.jpg 300w, https:\/\/maths-olympiques.fr\/wp-content\/uploads\/2022\/04\/img17-768x575.jpg 768w, https:\/\/maths-olympiques.fr\/wp-content\/uploads\/2022\/04\/img17-1024x767.jpg 1024w\" sizes=\"auto, (max-width: 300px) 100vw, 300px\" \/><figcaption id=\"caption-attachment-8407\" class=\"wp-caption-text\">&#8220;Trouvez moi des points svp&#8221; nous supplie Hannah<\/figcaption><\/figure>\n<h2>Jour 5 (dimanche)<\/h2>\n<p>Aujourd\u2019hui, nos quatre participantes peuvent enfin souffler, tandis que les choses s\u00e9rieuses commencent pour nous : la coordination.<\/p>\n<p>Avec Anna, nous retrouvons certaines de nos candidates au petit-d\u00e9jeuner, mais celles-ci doivent se h\u00e2ter, car elles partent pour une journ\u00e9e dans la for\u00eat. La guide leur a conseill\u00e9 de prendre des chaussures auxquelles elles ne tenaient pas trop. Alice le prend tr\u00e8s au s\u00e9rieux et d\u00e9cide donc de partir en tongs, \u00e0 l\u2019hilarit\u00e9 g\u00e9n\u00e9rale. \u00c0 8 h, elles quittent l\u2019h\u00f4tel, et nous n\u2019aurons plus de nouvelles (si ce n\u2019est une photo qu\u2019elles m\u2019envoient, car je les ai harcel\u00e9es pour le compte-rendu), jusqu\u2019au soir.<\/p>\n<\/div>\n<figure id=\"attachment_8433\" aria-describedby=\"caption-attachment-8433\" style=\"width: 300px\" class=\"wp-caption aligncenter\"><img loading=\"lazy\" decoding=\"async\" class=\"size-medium wp-image-8433\" src=\"https:\/\/maths-olympiques.fr\/wp-content\/uploads\/2022\/04\/img20-300x225.jpg\" alt=\"\" width=\"300\" height=\"225\" srcset=\"https:\/\/maths-olympiques.fr\/wp-content\/uploads\/2022\/04\/img20-300x225.jpg 300w, https:\/\/maths-olympiques.fr\/wp-content\/uploads\/2022\/04\/img20-768x576.jpg 768w, https:\/\/maths-olympiques.fr\/wp-content\/uploads\/2022\/04\/img20-1024x769.jpg 1024w, https:\/\/maths-olympiques.fr\/wp-content\/uploads\/2022\/04\/img20.jpg 1600w\" sizes=\"auto, (max-width: 300px) 100vw, 300px\" \/><figcaption id=\"caption-attachment-8433\" class=\"wp-caption-text\">Seule nouvelle que nous ayons eu des filles pendant la journ\u00e9e : cette photo<\/figcaption><\/figure>\n<div id=\":p1\" class=\"a3s aiL \">\n<p>De notre c\u00f4t\u00e9, les coordinations commencent \u00e0 9 h. Cette phase de la comp\u00e9tition consiste \u00e0 d\u00e9fendre les copies. Apr\u00e8s nos deux journ\u00e9es de correction, nous avons \u00e9tabli la note que chaque copie m\u00e9rite selon nous. Il faut ensuite passer devant un jury, pour chaque probl\u00e8me diff\u00e9rent, proposer les notes que nous souhaitons, et pour quelles raisons. Si le jury a obtenu la m\u00eame note que nous lors de ses corrections, la discussion peut aller tr\u00e8s vite. En revanche, c\u2019est quand les notes diff\u00e8rent que les d\u00e9bats commencent. Il s\u2019agit alors de les convaincre qu\u2019en \u00e9crivant telle phrase, la candidate a compris une id\u00e9e importante, ou alors que tel calcul ou \u00e9quation suffit pour d\u00e9montrer ce qui est attendu. Certains jurys sont plus conciliants, d\u2019autres plus difficile \u00e0 convaincre. Petite frayeur pour nous, quand nous avons \u00e9voqu\u00e9 une erreur sur une copie que le jury n\u2019avait en fait pas remarqu\u00e9e. Pour nous rattraper, nous avons argu\u00e9 que cette erreur \u00e9tait finalement assez mineure, et qu\u2019elle n\u2019impactait pas le raisonnement en lui-m\u00eame. Apr\u00e8s plus d\u2019une demi-heure de discussion, le jury a enfin accept\u00e9, attribuant ainsi \u00e0 l\u2019\u00e9quipe un quadruple 7 sur le probl\u00e8me 4 !<\/p>\n<\/div>\n<figure id=\"attachment_8434\" aria-describedby=\"caption-attachment-8434\" style=\"width: 396px\" class=\"wp-caption alignleft\"><img loading=\"lazy\" decoding=\"async\" class=\" wp-image-8434\" src=\"https:\/\/maths-olympiques.fr\/wp-content\/uploads\/2022\/04\/img22-300x169.jpg\" alt=\"\" width=\"396\" height=\"223\" srcset=\"https:\/\/maths-olympiques.fr\/wp-content\/uploads\/2022\/04\/img22-300x169.jpg 300w, https:\/\/maths-olympiques.fr\/wp-content\/uploads\/2022\/04\/img22-768x432.jpg 768w, https:\/\/maths-olympiques.fr\/wp-content\/uploads\/2022\/04\/img22-1024x576.jpg 1024w, https:\/\/maths-olympiques.fr\/wp-content\/uploads\/2022\/04\/img22.jpg 2000w\" sizes=\"auto, (max-width: 396px) 100vw, 396px\" \/><figcaption id=\"caption-attachment-8434\" class=\"wp-caption-text\">Anna et moi dans la salle de coordination<\/figcaption><\/figure>\n<figure id=\"attachment_8435\" aria-describedby=\"caption-attachment-8435\" style=\"width: 297px\" class=\"wp-caption alignright\"><img loading=\"lazy\" decoding=\"async\" class=\" wp-image-8435\" src=\"https:\/\/maths-olympiques.fr\/wp-content\/uploads\/2022\/04\/img21-300x225.jpg\" alt=\"\" width=\"297\" height=\"223\" srcset=\"https:\/\/maths-olympiques.fr\/wp-content\/uploads\/2022\/04\/img21-300x225.jpg 300w, https:\/\/maths-olympiques.fr\/wp-content\/uploads\/2022\/04\/img21-768x576.jpg 768w, https:\/\/maths-olympiques.fr\/wp-content\/uploads\/2022\/04\/img21-1024x768.jpg 1024w\" sizes=\"auto, (max-width: 297px) 100vw, 297px\" \/><figcaption id=\"caption-attachment-8435\" class=\"wp-caption-text\">Anna tente le jus fluo entre deux coordinations (l&#8217;odeur \u00e9tait en fait si bizarre qu&#8217;elle n&#8217;a pas os\u00e9 le boire)<\/figcaption><\/figure>\n<div id=\":p1\" class=\"a3s aiL \">\n<p>&nbsp;<\/p>\n<p>&nbsp;<\/p>\n<p>&nbsp;<\/p>\n<p>&nbsp;<\/p>\n<p>&nbsp;<\/p>\n<p>&nbsp;<\/p>\n<p>&nbsp;<\/p>\n<p>Le reste de la journ\u00e9e passe sans encombre et les coordinations de toutes les \u00e9quipes se finissent en avance par rapport au programme initial.<\/p>\n<p>Les r\u00e9sultats tombent, et l\u2019\u00e9quipe de France se classe 17\u00e8me de la comp\u00e9tition, et 11\u00e8me dans le classement europ\u00e9en, avec un score total de 79 points !<\/p>\n<p>Les scores individuels sont :<br \/>\nMaryam Khoukan \u2013 26 points<br \/>\nHannah Faucheu et Am\u00e9lie Triqueneaux \u2013 21 points<br \/>\nAlice Tosel \u2013 11 points<\/p>\n<p>F\u00e9licitations \u00e0 nos quatre championnes ! Nous sommes tous fiers de leurs tr\u00e8s bons r\u00e9sultats.<\/p>\n<p>Nous les retrouvons le soir et pouvons enfin les f\u00e9liciter de vive voix. Cependant, ce n\u2019est pas encore totalement fini, car dans la soir\u00e9e, les leaders doivent d\u00e9cider de la r\u00e9partition des m\u00e9dailles en fonction des scores.<\/p>\n<p>Les filles attendent les r\u00e9sultats avec impatience, nous parlant \u00e0 peine de leur excursion dans la for\u00eat, plut\u00f4t concentr\u00e9es \u00e0 sp\u00e9culer sur les m\u00e9dailles.<\/p>\n<p>Nous r\u00e9ussissons malgr\u00e9 tout \u00e0 obtenir d\u2019elles un petit r\u00e9cit :<\/p>\n<p>Elles sont parties au petit matin en train jusqu\u2019\u00e0 la for\u00eat. L\u00e0-bas, elles ont repris un deuxi\u00e8me petit train, tr\u00e8s mignon. Une fois au point de rendez-vous, les organisateurs leur ont pr\u00e9par\u00e9 une nouvelle chasse au tr\u00e9sor (qu\u2019ils pr\u00e9sentent comme un Pokemon Go pour varier un peu, mais Am\u00e9lie me confirme plus tard, c\u2019est bel et bien juste une chasse au tr\u00e9sor). Pas de r\u00e9pit pour nos participantes ! Elles vont encore devoir faire des maths. Le concept est simple : elles doivent se rendre \u00e0 certains endroits indiqu\u00e9s sur une carte, et r\u00e9soudre des \u00e9nigmes math\u00e9matiques pour r\u00e9colter des points. Certaines candidates auraient pr\u00e9f\u00e9r\u00e9 avoir du temps libre pour visiter un peu les environs, mais finalement, elles semblent s\u2019\u00eatre toutes amus\u00e9es. Pour le retour, elles avaient deux options : reprendre le petit train jusqu\u2019au grand train, ou alors marcher 1h dans la for\u00eat. La seule d\u00e9termin\u00e9e du groupe est Maryam, qui d\u00e9cide de rentrer \u00e0 pied. Les trois autres pr\u00e9f\u00e8rent prendre le petit train, pour une fois arriv\u00e9es, s\u2019acheter un hamburger (dont elles vanteront \u00e0 plusieurs reprises le prix avantageux : 3\u20ac pour tout un menu\u202f!, tr\u00e8s fi\u00e8res de leur bonne affaire) en attendant notre grande sportive. Fin de l\u2019excursion pour elles, et retour \u00e0 l\u2019h\u00f4tel.<\/p>\n<\/div>\n<figure id=\"attachment_8436\" aria-describedby=\"caption-attachment-8436\" style=\"width: 300px\" class=\"wp-caption alignleft\"><img loading=\"lazy\" decoding=\"async\" class=\"size-medium wp-image-8436\" src=\"https:\/\/maths-olympiques.fr\/wp-content\/uploads\/2022\/04\/img24-300x225.jpg\" alt=\"\" width=\"300\" height=\"225\" srcset=\"https:\/\/maths-olympiques.fr\/wp-content\/uploads\/2022\/04\/img24-300x225.jpg 300w, https:\/\/maths-olympiques.fr\/wp-content\/uploads\/2022\/04\/img24-768x576.jpg 768w, https:\/\/maths-olympiques.fr\/wp-content\/uploads\/2022\/04\/img24-1024x769.jpg 1024w, https:\/\/maths-olympiques.fr\/wp-content\/uploads\/2022\/04\/img24.jpg 2048w\" sizes=\"auto, (max-width: 300px) 100vw, 300px\" \/><figcaption id=\"caption-attachment-8436\" class=\"wp-caption-text\">Le petit train, sauveur d&#8217;Hannah, Alice et Am\u00e9lie<\/figcaption><\/figure>\n<figure id=\"attachment_8437\" aria-describedby=\"caption-attachment-8437\" style=\"width: 300px\" class=\"wp-caption alignright\"><img loading=\"lazy\" decoding=\"async\" class=\"size-medium wp-image-8437\" src=\"https:\/\/maths-olympiques.fr\/wp-content\/uploads\/2022\/04\/img23-300x225.jpg\" alt=\"\" width=\"300\" height=\"225\" srcset=\"https:\/\/maths-olympiques.fr\/wp-content\/uploads\/2022\/04\/img23-300x225.jpg 300w, https:\/\/maths-olympiques.fr\/wp-content\/uploads\/2022\/04\/img23-768x576.jpg 768w, https:\/\/maths-olympiques.fr\/wp-content\/uploads\/2022\/04\/img23-1024x769.jpg 1024w, https:\/\/maths-olympiques.fr\/wp-content\/uploads\/2022\/04\/img23.jpg 2048w\" sizes=\"auto, (max-width: 300px) 100vw, 300px\" \/><figcaption id=\"caption-attachment-8437\" class=\"wp-caption-text\">Le retour de Gabriel !<\/figcaption><\/figure>\n<div id=\":p1\" class=\"a3s aiL \">\n<p>&nbsp;<\/p>\n<p>&nbsp;<\/p>\n<p>&nbsp;<\/p>\n<p>&nbsp;<\/p>\n<p>&nbsp;<\/p>\n<p>&nbsp;<\/p>\n<p>&nbsp;<\/p>\n<p>Nous d\u00e9cidons de manger t\u00f4t, pour aller ensuite se d\u00e9tendre dans la piscine. Passage malheureusement express pour Anna et moi, qui devons rejoindre la derni\u00e8re (enfin!) r\u00e9union des leaders afin de voter pour la r\u00e9partition des m\u00e9dailles.<\/p>\n<p>Verdict final : m\u00e9daille d\u2019argent pour Maryam, m\u00e9dailles de bronze pour Am\u00e9lie et Hannah (qui au passage ont obtenu le plus gros score de la cat\u00e9gorie bronze) et mention honorable pour Alice !<\/p>\n<p>Soulagement pour les filles, pour qui la pression retombe enfin. Soir\u00e9e calme encore une fois, car les journ\u00e9es sont, mine de rien, toujours tr\u00e8s charg\u00e9es. Les filles en profitent pour parler avec les candidates des autres pays, jouer aux cartes et prendre du bon temps pour leurs derniers jours \u00e0 Eger.<\/p>\n<p>&nbsp;<\/p>\n<\/div>\n<p>&nbsp;<\/p>\n<p>&nbsp;<\/p>\n","protected":false},"excerpt":{"rendered":"<p>L\u2019\u00e9dition 2022 de\u00a0l\u2019EGMO (European Girl\u2019s Mathematics Olympiad) se d\u00e9roule du 6 au 12 avril 2022 \u00e0 Eger en Hongrie. L\u2019\u00e9quipe fran\u00e7aise est compos\u00e9e de Hannah Faucheu,\u00a0Maryam Kouhkan,\u00a0Alice Tosel et Am\u00e9lie Triqueneaux, et est encadr\u00e9e par Anna Luchnikova en tant que \u00ab\u00a0leader\u00a0\u00bb et Maena Quemener en tant que \u00ab\u00a0deputy leader\u00a0\u00bb. Le compte-rendu suivant partage au jour &hellip; <\/p>\n<p class=\"link-more\"><a href=\"https:\/\/maths-olympiques.fr\/?p=8350\" class=\"more-link\">Continuer la lecture<span class=\"screen-reader-text\"> de &laquo;&nbsp;EGMO 2022 au jour le jour&nbsp;&raquo;<\/span><\/a><\/p>\n","protected":false},"author":24,"featured_media":0,"comment_status":"closed","ping_status":"closed","sticky":false,"template":"","format":"standard","meta":{"footnotes":""},"categories":[2,3],"tags":[],"class_list":["post-8350","post","type-post","status-publish","format-standard","hentry","category-toutes_les_news","category-imo_etc"],"_links":{"self":[{"href":"https:\/\/maths-olympiques.fr\/index.php?rest_route=\/wp\/v2\/posts\/8350","targetHints":{"allow":["GET"]}}],"collection":[{"href":"https:\/\/maths-olympiques.fr\/index.php?rest_route=\/wp\/v2\/posts"}],"about":[{"href":"https:\/\/maths-olympiques.fr\/index.php?rest_route=\/wp\/v2\/types\/post"}],"author":[{"embeddable":true,"href":"https:\/\/maths-olympiques.fr\/index.php?rest_route=\/wp\/v2\/users\/24"}],"replies":[{"embeddable":true,"href":"https:\/\/maths-olympiques.fr\/index.php?rest_route=%2Fwp%2Fv2%2Fcomments&post=8350"}],"version-history":[{"count":53,"href":"https:\/\/maths-olympiques.fr\/index.php?rest_route=\/wp\/v2\/posts\/8350\/revisions"}],"predecessor-version":[{"id":8440,"href":"https:\/\/maths-olympiques.fr\/index.php?rest_route=\/wp\/v2\/posts\/8350\/revisions\/8440"}],"wp:attachment":[{"href":"https:\/\/maths-olympiques.fr\/index.php?rest_route=%2Fwp%2Fv2%2Fmedia&parent=8350"}],"wp:term":[{"taxonomy":"category","embeddable":true,"href":"https:\/\/maths-olympiques.fr\/index.php?rest_route=%2Fwp%2Fv2%2Fcategories&post=8350"},{"taxonomy":"post_tag","embeddable":true,"href":"https:\/\/maths-olympiques.fr\/index.php?rest_route=%2Fwp%2Fv2%2Ftags&post=8350"}],"curies":[{"name":"wp","href":"https:\/\/api.w.org\/{rel}","templated":true}]}}