{"id":4800,"date":"2020-06-30T11:22:07","date_gmt":"2020-06-30T09:22:07","guid":{"rendered":"https:\/\/maths-olympiques.fr\/?p=4800"},"modified":"2021-07-30T16:39:38","modified_gmt":"2021-07-30T14:39:38","slug":"olympiade-francophone-de-mathematiques-voyager-a-lautre-bout-du-monde-en-restant-dans-son-salon","status":"publish","type":"post","link":"https:\/\/maths-olympiques.fr\/?p=4800","title":{"rendered":"Olympiade Francophone de Math\u00e9matiques : voyager \u00e0 l&#8217;autre bout du monde en restant dans son salon"},"content":{"rendered":"<h2>Tout s&#8217;annon\u00e7ait si mal&#8230;<\/h2>\n<p>Les \u00e9l\u00e8ves, ayant travaill\u00e9<br \/>\nToute l&#8217;ann\u00e9e,<br \/>\nSe trouv\u00e8rent fort d\u00e9pourvus<br \/>\nQuand la grippe fut venue :<br \/>\nPas un seul petit voyage<br \/>\nVers l&#8217;Italie et ses rivages !<br \/>\nIls cach\u00e8rent leur d\u00e9ception,<br \/>\nFaisant des maths \u00e0 foison,<br \/>\nMais esp\u00e9rant ardemment<br \/>\nUn nouveau rebondissement<br \/>\nAvant la saison nouvelle.<\/p>\n<h2>Heureusement,<\/h2>\n<p>la suite de cette fable est plus joyeuse que celle \u00e9crite par La Fontaine et \u00c9sope avant lui. En effet, fort marris de constater l&#8217;annulation de la JBMO et du MYMC, qui auraient d\u00fb avoir lieu cet \u00e9t\u00e9 en Roumanie et en Italie, plusieurs membres de la Pr\u00e9paration Olympique Fran\u00e7aise de Math\u00e9matiques se sont lanc\u00e9s dans une folle aventure : celle de la premi\u00e8re Olympiade Francophone de Math\u00e9matiques, qui mettrait aux prises Belgique, C\u00f4te d&#8217;Ivoire, France, Luxembourg, Maroc et Suisse autour de deux \u00e9preuves, huit probl\u00e8mes de math\u00e9matiques, et de merveilleux outils gratuits de discussion en ligne.<\/p>\n<p><!--more--><\/p>\n<h2>Le fonctionnement de l&#8217;olympiade :<\/h2>\n<p>L&#8217;Olympiade Francophone de Math\u00e9matiques consistait en deux \u00e9preuves ind\u00e9pedantes : une \u00e9preuve Junior, pour les \u00e9l\u00e8ves \u00e9ligibles \u00e0 la JBMO, et une \u00e9preuve Senior, pour tous les \u00e9l\u00e8ves de lyc\u00e9e. Chaque \u00e9preuve durait quatre heures et demie, durant lesquelles les \u00e9l\u00e8ves avaient face \u00e0 eux quatre probl\u00e8mes de difficult\u00e9s vari\u00e9es, et <em>non tri\u00e9s par ordre de difficult\u00e9<\/em>, comme cela avait \u00e9t\u00e9 indiqu\u00e9 dans les instructions pr\u00e9liminaires puis en en-t\u00eate des sujets.<\/p>\n<p>La Belgique et la France ont particip\u00e9 \u00e0 l&#8217;\u00e9preuve Junior, tandis que la Belgique, la C\u00f4te d&#8217;Ivoire, la France, le Luxembourg, le Maroc et la Suisse ont particip\u00e9 \u00e0 l&#8217;\u00e9preuve Senior. Chaque \u00e9quipe \u00e9tait compos\u00e9e de six candidats, encadr\u00e9s par un chef de d\u00e9l\u00e9gation, et \u00e9ventuellement de chefs de d\u00e9l\u00e9gation adjoints.<\/p>\n<p>Et c&#8217;est ainsi que, le samedi 27 juin \u00e0 14 h 30 (heure de Paris), dans six pays diff\u00e9rents, chez leurs parents ou dans des centres d&#8217;examens, 48 jeunes avides de math\u00e9matiques ont planch\u00e9 sur les probl\u00e8mes que le jury leur avait pr\u00e9par\u00e9s.<\/p>\n<h2>Personnages principaux :<\/h2>\n<p>L&#8217;\u00e9quipe de France Junior \u00e9tait compos\u00e9e d&#8217;Anatole Bouton, Oscar Fischler, In\u00e8s Soua, Georges T\u00e9z\u00e9, \u00c9lie Verhille et Matthieu Vogel, encadr\u00e9s par Th\u00e9o Lenoir : il s&#8217;agissait l\u00e0 de l&#8217;\u00e9quipe qui aurait normalement d\u00fb participer \u00e0 la JBMO.<\/p>\n<p>L&#8217;\u00e9quipe de France Senior \u00e9tait compos\u00e9e de Stefan Barbu, Justin Cahuzac, Beno\u00eet Fanton, Th\u00e9o Goix, Suzanne Mairesse et \u00c9milie Zheng, encadr\u00e9s par F\u00e9lix Breton : il s&#8217;agit peu ou prou de l&#8217;\u00e9quipe qui aurait normalement d\u00fb participer au MYMC.<\/p>\n<p>On notera \u00e9galement la pr\u00e9sence d&#8217;\u00e9l\u00e8ves (ou anciens \u00e9l\u00e8ves) de la POFM dans bien d&#8217;autres \u00e9quipes pr\u00e9sentes : Daniel Cortild, Emilhan D\u00fcrr\u00fcoglu et Simon Martin au sein de l&#8217;\u00e9quipe belge ; Sasha Biryukov, La\u00ebtitia Braucourt et Angelina Kysil au sein de l&#8217;\u00e9quipe luxembourgeoise ; In\u00e8s El-Bouzaidi Tiali, Aberrahmane Driouch et Mohamed Ayoub Mebtoul au sein de l&#8217;\u00e9quipe marocaine.<\/p>\n<p>Enfin, de multiples animatheurs ont accept\u00e9 d&#8217;endosser le r\u00f4le de coordinateurs : il s&#8217;agit l\u00e0 des correcteurs ind\u00e9pendants, qui ont vu l&#8217;ensemble des copies concernant un m\u00eame exercice, et qui doivent s&#8217;accorder avec les chefs de d\u00e9l\u00e9gation sur la note attribu\u00e9e \u00e0 chaque copie.<\/p>\n<h2>Les r\u00e9sultats :<\/h2>\n<p>Commen\u00e7ons par le plus important : chacun \u00e9tait content d&#8217;avoir pu r\u00e9fl\u00e9chir \u00e0 des probl\u00e8mes de math\u00e9matiques vari\u00e9s et qui constituaient manifestement un d\u00e9fi. \u00c9videmment, travailler de chez soi est parfois moins amusant que de d\u00e9guster une pizza ou du poulet (selon qu&#8217;on est au MYMC ou \u00e0 la JBMO en Roumanie), mais tous les candidats avaient l&#8217;air ravis, et les coordinateurs \u00e9taient eux aussi ravis de la qualit\u00e9 qu&#8217;ils avaient relev\u00e9e dans les copies qu&#8217;ils avaient eu \u00e0 corriger.<\/p>\n<p>Par ailleurs, les deux \u00e9quipes de France Junior et Senior se sont particuli\u00e8rement distingu\u00e9es, puisque nos douze \u00e9l\u00e8ves ont remport\u00e9 onze m\u00e9dailles en tout : F\u00e9licitations \u00e0 eux ! Voici les scores d\u00e9taill\u00e9s des membres de chacune de nos deux \u00e9quipes :<\/p>\n\n<table id=\"tablepress-14\" class=\"tablepress tablepress-id-14\">\n<thead>\n<tr class=\"row-1\">\n\t<th class=\"column-1\">Candidat<\/th><th class=\"column-2\">Score (sur 28)<\/th><th class=\"column-3\">R\u00e9compense<\/th>\n<\/tr>\n<\/thead>\n<tbody class=\"row-striping row-hover\">\n<tr class=\"row-2\">\n\t<td class=\"column-1\">Anatole Bouton<\/td><td class=\"column-2\">25<\/td><td class=\"column-3\">M\u00e9daille d'argent<\/td>\n<\/tr>\n<tr class=\"row-3\">\n\t<td class=\"column-1\">Oscar Fischler<\/td><td class=\"column-2\">12<\/td><td class=\"column-3\">M\u00e9daille de bronze<\/td>\n<\/tr>\n<tr class=\"row-4\">\n\t<td class=\"column-1\">In\u00e8s Soua<\/td><td class=\"column-2\">10<\/td><td class=\"column-3\"><\/td>\n<\/tr>\n<tr class=\"row-5\">\n\t<td class=\"column-1\">Georges T\u00e9z\u00e9<\/td><td class=\"column-2\">12<\/td><td class=\"column-3\">M\u00e9daille de bronze<\/td>\n<\/tr>\n<tr class=\"row-6\">\n\t<td class=\"column-1\">\u00c9lie Verhille<\/td><td class=\"column-2\">21<\/td><td class=\"column-3\">M\u00e9daille d'argent<\/td>\n<\/tr>\n<tr class=\"row-7\">\n\t<td class=\"column-1\">Matthieu Vogel<\/td><td class=\"column-2\">27<\/td><td class=\"column-3\">M\u00e9daille d'or<\/td>\n<\/tr>\n<\/tbody>\n<\/table>\n\n\n<table id=\"tablepress-15\" class=\"tablepress tablepress-id-15\">\n<thead>\n<tr class=\"row-1\">\n\t<th class=\"column-1\">Candidat<\/th><th class=\"column-2\">Score (sur 28)<\/th><th class=\"column-3\">R\u00e9compense<\/th>\n<\/tr>\n<\/thead>\n<tbody class=\"row-striping row-hover\">\n<tr class=\"row-2\">\n\t<td class=\"column-1\">Stefan Barbu<\/td><td class=\"column-2\">15<\/td><td class=\"column-3\">M\u00e9daille d'argent<\/td>\n<\/tr>\n<tr class=\"row-3\">\n\t<td class=\"column-1\">Justin Cahuzac<\/td><td class=\"column-2\">28<\/td><td class=\"column-3\">M\u00e9daille d'or<\/td>\n<\/tr>\n<tr class=\"row-4\">\n\t<td class=\"column-1\">Beno\u00eet Fanton<\/td><td class=\"column-2\">8<\/td><td class=\"column-3\">M\u00e9daille de bronze<\/td>\n<\/tr>\n<tr class=\"row-5\">\n\t<td class=\"column-1\">Th\u00e9o Goix<\/td><td class=\"column-2\">13<\/td><td class=\"column-3\">M\u00e9daille de bronze<\/td>\n<\/tr>\n<tr class=\"row-6\">\n\t<td class=\"column-1\">Suzanne Mairesse<\/td><td class=\"column-2\">14<\/td><td class=\"column-3\">M\u00e9daille d'argent<\/td>\n<\/tr>\n<tr class=\"row-7\">\n\t<td class=\"column-1\">\u00c9milie Zheng<\/td><td class=\"column-2\">9<\/td><td class=\"column-3\">M\u00e9daille de bronze<\/td>\n<\/tr>\n<\/tbody>\n<\/table>\n\n<p>Bravo en particulier \u00e0 Matthieu et Justin, qui ont termin\u00e9 en premi\u00e8re position des \u00e9preuves Junior et Senior ! Le lecteur avide de mieux savourer encore la valeur de cet exploit pourra consulter <a href=\"http:\/\/igm.univ-mlv.fr\/~juge\/ofm\/\">les r\u00e9sultats complets<\/a> de chacune des \u00e9preuves, et ainsi constater que Justin a fini avec la bagatelle de 75 % de points de plus que n\u00e9cessaire pour avoir une m\u00e9daille d&#8217;or&#8230;<\/p>\n","protected":false},"excerpt":{"rendered":"<p>Tout s&#8217;annon\u00e7ait si mal&#8230; Les \u00e9l\u00e8ves, ayant travaill\u00e9 Toute l&#8217;ann\u00e9e, Se trouv\u00e8rent fort d\u00e9pourvus Quand la grippe fut venue : Pas un seul petit voyage Vers l&#8217;Italie et ses rivages ! Ils cach\u00e8rent leur d\u00e9ception, Faisant des maths \u00e0 foison, Mais esp\u00e9rant ardemment Un nouveau rebondissement Avant la saison nouvelle. Heureusement, la suite de cette &hellip; <\/p>\n<p class=\"link-more\"><a href=\"https:\/\/maths-olympiques.fr\/?p=4800\" class=\"more-link\">Continuer la lecture<span class=\"screen-reader-text\"> de &laquo;&nbsp;Olympiade Francophone de Math\u00e9matiques : voyager \u00e0 l&#8217;autre bout du monde en restant dans son salon&nbsp;&raquo;<\/span><\/a><\/p>\n","protected":false},"author":6,"featured_media":0,"comment_status":"closed","ping_status":"closed","sticky":false,"template":"","format":"standard","meta":{"footnotes":""},"categories":[2,3],"tags":[],"class_list":["post-4800","post","type-post","status-publish","format-standard","hentry","category-toutes_les_news","category-imo_etc"],"_links":{"self":[{"href":"https:\/\/maths-olympiques.fr\/index.php?rest_route=\/wp\/v2\/posts\/4800","targetHints":{"allow":["GET"]}}],"collection":[{"href":"https:\/\/maths-olympiques.fr\/index.php?rest_route=\/wp\/v2\/posts"}],"about":[{"href":"https:\/\/maths-olympiques.fr\/index.php?rest_route=\/wp\/v2\/types\/post"}],"author":[{"embeddable":true,"href":"https:\/\/maths-olympiques.fr\/index.php?rest_route=\/wp\/v2\/users\/6"}],"replies":[{"embeddable":true,"href":"https:\/\/maths-olympiques.fr\/index.php?rest_route=%2Fwp%2Fv2%2Fcomments&post=4800"}],"version-history":[{"count":10,"href":"https:\/\/maths-olympiques.fr\/index.php?rest_route=\/wp\/v2\/posts\/4800\/revisions"}],"predecessor-version":[{"id":7423,"href":"https:\/\/maths-olympiques.fr\/index.php?rest_route=\/wp\/v2\/posts\/4800\/revisions\/7423"}],"wp:attachment":[{"href":"https:\/\/maths-olympiques.fr\/index.php?rest_route=%2Fwp%2Fv2%2Fmedia&parent=4800"}],"wp:term":[{"taxonomy":"category","embeddable":true,"href":"https:\/\/maths-olympiques.fr\/index.php?rest_route=%2Fwp%2Fv2%2Fcategories&post=4800"},{"taxonomy":"post_tag","embeddable":true,"href":"https:\/\/maths-olympiques.fr\/index.php?rest_route=%2Fwp%2Fv2%2Ftags&post=4800"}],"curies":[{"name":"wp","href":"https:\/\/api.w.org\/{rel}","templated":true}]}}