{"id":2684,"date":"2019-07-18T00:52:52","date_gmt":"2019-07-17T22:52:52","guid":{"rendered":"http:\/\/maths-olympiques.fr\/?p=2684"},"modified":"2019-07-25T01:45:42","modified_gmt":"2019-07-24T23:45:42","slug":"mymc-2019-au-jour-le-jour","status":"publish","type":"post","link":"https:\/\/maths-olympiques.fr\/?p=2684","title":{"rendered":"MYMC 2019 au jour le jour"},"content":{"rendered":"<p><em>Le MYMC a lieu cette ann\u00e9e \u00e0 Naples en Italie, du 17 au 20 Juillet. L&#8217;\u00e9quipe est compos\u00e9e de Maud De La Bret\u00e8che, Vladimir Ivanov, Jean Zablocki,\u00a0 Emilie Zheng et accompagn\u00e9e par Th\u00e9o Lenoir.<\/em>\u00a0<em>Le site web de la comp\u00e9tion est <a href=\"http:\/\/www.mymc.it\/2019\/mymc-2019.html\">ici<\/a>.<\/em><\/p>\n<p><!--more--><\/p>\n<h1>Mercredi 17 juillet : le d\u00e9part<\/h1>\n<p>Toute l&#8217;\u00e9quipe se retrouve \u00e0 10h \u00e0 l&#8217;a\u00e9roport Charles De Gaulle. Malgr\u00e9 un probl\u00e8me avec un comptoir \u00e9lectronique qui semblait peu dispos\u00e9 \u00e0 nous d\u00e9livrer les \u00e9tiquettes n\u00e9cessaires, on r\u00e9ussit \u00e0 d\u00e9poser assez rapidement les bagages ce qui nous laisse le temps de faire une rapide escale \u00e0 la gare de l&#8217;a\u00e9roport pour r\u00e9cup\u00e9rer un drapeau fran\u00e7ais venant tout droit de Lyon car oubli\u00e9 la veille. On arrive avec une bonne heure d&#8217;avance au niveau de l&#8217;embarquement.<\/p>\n<figure id=\"attachment_2687\" aria-describedby=\"caption-attachment-2687\" style=\"width: 300px\" class=\"wp-caption aligncenter\"><img loading=\"lazy\" decoding=\"async\" class=\"wp-image-2687 size-medium\" src=\"http:\/\/maths-olympiques.fr\/wp-content\/uploads\/2019\/07\/MYMC-tarot-300x169.jpg\" alt=\"\" width=\"300\" height=\"169\" srcset=\"https:\/\/maths-olympiques.fr\/wp-content\/uploads\/2019\/07\/MYMC-tarot-300x169.jpg 300w, https:\/\/maths-olympiques.fr\/wp-content\/uploads\/2019\/07\/MYMC-tarot-768x432.jpg 768w, https:\/\/maths-olympiques.fr\/wp-content\/uploads\/2019\/07\/MYMC-tarot-1024x576.jpg 1024w, https:\/\/maths-olympiques.fr\/wp-content\/uploads\/2019\/07\/MYMC-tarot.jpg 1080w\" sizes=\"auto, (max-width: 300px) 100vw, 300px\" \/><figcaption id=\"caption-attachment-2687\" class=\"wp-caption-text\">Une partie de cartes en attendant le d\u00e9part<\/figcaption><\/figure>\n<p>Malgr\u00e9 un l\u00e9ger retard (25 mins), le vol se d\u00e9roule sans encombre et Francesco notre ange gardien nous attend \u00e0 l&#8217;a\u00e9roport pour s&#8217;occuper du transfert jusqu&#8217;\u00e0 l\u2019h\u00f4tel.\u00a0 Les affaires d\u00e9pos\u00e9es, \u00e9quip\u00e9s des sacs offerts par le comit\u00e9, profitant d&#8217;une apr\u00e8s-midi libre, nous partons pour une ballade dans Naples le long de la mer guid\u00e9s par Francesco.<\/p>\n<figure id=\"attachment_2686\" aria-describedby=\"caption-attachment-2686\" style=\"width: 300px\" class=\"wp-caption aligncenter\"><img loading=\"lazy\" decoding=\"async\" class=\"wp-image-2686 size-medium\" src=\"http:\/\/maths-olympiques.fr\/wp-content\/uploads\/2019\/07\/MYMC-gpe-300x169.jpg\" alt=\"\" width=\"300\" height=\"169\" srcset=\"https:\/\/maths-olympiques.fr\/wp-content\/uploads\/2019\/07\/MYMC-gpe-300x169.jpg 300w, https:\/\/maths-olympiques.fr\/wp-content\/uploads\/2019\/07\/MYMC-gpe-768x432.jpg 768w, https:\/\/maths-olympiques.fr\/wp-content\/uploads\/2019\/07\/MYMC-gpe-1024x576.jpg 1024w, https:\/\/maths-olympiques.fr\/wp-content\/uploads\/2019\/07\/MYMC-gpe.jpg 1080w\" sizes=\"auto, (max-width: 300px) 100vw, 300px\" \/><figcaption id=\"caption-attachment-2686\" class=\"wp-caption-text\">Vue depuis le sommet du Castel dell&#8217;Ovo<\/figcaption><\/figure>\n<figure id=\"attachment_2685\" aria-describedby=\"caption-attachment-2685\" style=\"width: 300px\" class=\"wp-caption aligncenter\"><img loading=\"lazy\" decoding=\"async\" class=\"wp-image-2685 size-medium\" src=\"http:\/\/maths-olympiques.fr\/wp-content\/uploads\/2019\/07\/MYMC-tag-300x169.jpg\" alt=\"\" width=\"300\" height=\"169\" srcset=\"https:\/\/maths-olympiques.fr\/wp-content\/uploads\/2019\/07\/MYMC-tag-300x169.jpg 300w, https:\/\/maths-olympiques.fr\/wp-content\/uploads\/2019\/07\/MYMC-tag-768x432.jpg 768w, https:\/\/maths-olympiques.fr\/wp-content\/uploads\/2019\/07\/MYMC-tag-1024x576.jpg 1024w, https:\/\/maths-olympiques.fr\/wp-content\/uploads\/2019\/07\/MYMC-tag.jpg 1080w\" sizes=\"auto, (max-width: 300px) 100vw, 300px\" \/><figcaption id=\"caption-attachment-2685\" class=\"wp-caption-text\">Rocher trouv\u00e9 sur la plage. Co\u00efncidence ?<\/figcaption><\/figure>\n<p>Apr\u00e8s une longue marche, quelques visites, des discussions sur les probl\u00e8mes d&#8217;IMO sortis r\u00e9cemment et un passage chez le glacier bien m\u00e9rit\u00e9, il est temps de rentrer \u00e0 l&#8217;h\u00f4tel pour le buffet, mais quelques probl\u00e8mes avec les moyens de transport locaux nous retardent.<\/p>\n<figure id=\"attachment_2688\" aria-describedby=\"caption-attachment-2688\" style=\"width: 300px\" class=\"wp-caption aligncenter\"><img loading=\"lazy\" decoding=\"async\" class=\"wp-image-2688 size-medium\" src=\"http:\/\/maths-olympiques.fr\/wp-content\/uploads\/2019\/07\/MYMC-glaces-300x169.jpg\" alt=\"\" width=\"300\" height=\"169\" srcset=\"https:\/\/maths-olympiques.fr\/wp-content\/uploads\/2019\/07\/MYMC-glaces-300x169.jpg 300w, https:\/\/maths-olympiques.fr\/wp-content\/uploads\/2019\/07\/MYMC-glaces-768x432.jpg 768w, https:\/\/maths-olympiques.fr\/wp-content\/uploads\/2019\/07\/MYMC-glaces-1024x576.jpg 1024w, https:\/\/maths-olympiques.fr\/wp-content\/uploads\/2019\/07\/MYMC-glaces.jpg 1080w\" sizes=\"auto, (max-width: 300px) 100vw, 300px\" \/><figcaption id=\"caption-attachment-2688\" class=\"wp-caption-text\">Apr\u00e8s l&#8217;effort, le r\u00e9confort<\/figcaption><\/figure>\n<p>Arrivant avec une demi-heure apr\u00e8s le d\u00e9but du buffet, on se retrouve sans places assises, mais apr\u00e8s un d\u00e9but de repas debout, les organisateurs lib\u00e8rent gentiment une table pour permettre \u00e0 tout le monde de se poser et de profiter du buffet. Fatigu\u00e9 par la promenade, chacun part se coucher t\u00f4t pour \u00eatre en forme pour le d\u00e9but des \u00e9preuves le lendemain.<\/p>\n<h1>Jeudi 17 juillet : d\u00e9but (et fin) des festivit\u00e9s math\u00e9matiques<\/h1>\n<p>Apr\u00e8s un petit-d\u00e9jeuner frugal, nous voil\u00e0 en route pour l&#8217;Universit\u00e9 de Naples. Suite \u00e0 une conf\u00e9rence d&#8217;accueil vantant les m\u00e9rites de ladite universit\u00e9, on a le droit \u00e0 un nouveau petit d\u00e9jeuner (cette fois-ci appel\u00e9 &#8220;coffee break&#8221;). Ensuite commence v\u00e9ritablement la comp\u00e9tition : 80 minutes pour traiter 15 probl\u00e8mes divers et vari\u00e9s pour les \u00e9l\u00e8ves, une bonne r\u00e9ponse rapportant 2 points, l&#8217;absence de r\u00e9ponse 0,5 points, pas de point en cas d&#8217;erreur.<\/p>\n<p>Pendant ce temps les team leaders ont le droit \u00e0 une pr\u00e9sentation de l&#8217;ICTP (International Center for Theoretical Physics) et son impact sur la recherche en physique, puis quelques explications sur les posters ayant pour th\u00e8me l&#8217;apprentissage actif dans l&#8217;enseignement de chaque pays participant et fait pr\u00e9alablement par les diff\u00e9rents team leaders. Au programme : un poster imprim\u00e9 \u00e0 la derni\u00e8re minute, un envoy\u00e9 hors d\u00e9lai, quelques hors-sujets mais d&#8217;int\u00e9ressantes d\u00e9couvertes \u00e0 l&#8217;image de Malte et du MathFactor, concours consistant \u00e0 expliquer une notion math\u00e9matique pour des novices de fa\u00e7on originale.<\/p>\n<figure id=\"attachment_2711\" aria-describedby=\"caption-attachment-2711\" style=\"width: 169px\" class=\"wp-caption aligncenter\"><img loading=\"lazy\" decoding=\"async\" class=\"wp-image-2711 size-medium\" src=\"http:\/\/maths-olympiques.fr\/wp-content\/uploads\/2019\/07\/mymc-poster-169x300.jpg\" alt=\"\" width=\"169\" height=\"300\" srcset=\"https:\/\/maths-olympiques.fr\/wp-content\/uploads\/2019\/07\/mymc-poster-169x300.jpg 169w, https:\/\/maths-olympiques.fr\/wp-content\/uploads\/2019\/07\/mymc-poster-576x1024.jpg 576w, https:\/\/maths-olympiques.fr\/wp-content\/uploads\/2019\/07\/mymc-poster.jpg 608w\" sizes=\"auto, (max-width: 169px) 100vw, 169px\" \/><figcaption id=\"caption-attachment-2711\" class=\"wp-caption-text\">Le poster de l&#8217;\u00e9quipe de Malte<\/figcaption><\/figure>\n<p>Viens alors l&#8217;heure du retour des \u00e9l\u00e8ves : les sentiments sont mitig\u00e9s, ils s&#8217;en sortent avec deux erreurs : une confusion b\u00eate entre &#8220;somme&#8221; et &#8220;produit&#8221; et un probl\u00e8me de compr\u00e9hension d&#8217;un autre \u00e9nonc\u00e9. Au moment de l&#8217;annonce des r\u00e9sultats, le choc : la Turquie a r\u00e9ussi un score parfait (30 points), et la France se retrouve 4\u00e8me ex-aequo avec la Croatie \u00e0 26 points, devanc\u00e9e par l&#8217;Espagne (28,5 points) et l&#8217;Italie (28 points). Un italien rajoute son grain de sel en disant &#8220;C&#8217;est dr\u00f4le je pensais que l&#8217;\u00e9quipe de France \u00e9tait forte&#8221;. Par contre, un v\u00e9ritable \u00e9cart a \u00e9t\u00e9 cr\u00e9\u00e9 avec les autres \u00e9quipes, la meilleure \u00e9tant \u00e0 19 points. Un buffet est servi pour reprendre des forces et se tenir pr\u00eat pour tenter de rattraper le retard accumul\u00e9.<\/p>\n<figure id=\"attachment_2713\" aria-describedby=\"caption-attachment-2713\" style=\"width: 300px\" class=\"wp-caption aligncenter\"><img loading=\"lazy\" decoding=\"async\" class=\"wp-image-2713 size-medium\" src=\"http:\/\/maths-olympiques.fr\/wp-content\/uploads\/2019\/07\/mymc-res1-300x169.jpg\" alt=\"\" width=\"300\" height=\"169\" srcset=\"https:\/\/maths-olympiques.fr\/wp-content\/uploads\/2019\/07\/mymc-res1-300x169.jpg 300w, https:\/\/maths-olympiques.fr\/wp-content\/uploads\/2019\/07\/mymc-res1-768x432.jpg 768w, https:\/\/maths-olympiques.fr\/wp-content\/uploads\/2019\/07\/mymc-res1-1024x576.jpg 1024w, https:\/\/maths-olympiques.fr\/wp-content\/uploads\/2019\/07\/mymc-res1.jpg 1080w\" sizes=\"auto, (max-width: 300px) 100vw, 300px\" \/><figcaption id=\"caption-attachment-2713\" class=\"wp-caption-text\">Scores \u00e0 l&#8217;issue de la matin\u00e9e<\/figcaption><\/figure>\n<p>La deuxi\u00e8me phase se passe sous la forme de 2 matchs : chaque \u00e9quipe se retrouve avec 3 probl\u00e8mes et doit passer le plus dur \u00e0 l&#8217;\u00e9quipe adverse. Elle r\u00e9cup\u00e8re le probl\u00e8me donn\u00e9 par ladite \u00e9quipe et doit donc en r\u00e9soudre 3. Chaque \u00e9quipe gagne autant de points que de probl\u00e8mes trait\u00e9s, avec un point bonus si elle en a trait\u00e9 au moins un de plus que l&#8217;\u00e9quipe adverse.<\/p>\n<p>Le<span style=\"font-size: 1rem;\">\u00a0tirage au sort est plut\u00f4t cl\u00e9ment pour le premier tour puisque la France se retrouve contre la Gr\u00e8ce et gagne assez facilement en r\u00e9solvant 3 probl\u00e8mes contre 1 pour la Gr\u00e8ce. Grace \u00e0 une \u00e9galit\u00e9 2-2 entre la Turquie et l&#8217;Espagne, la France est \u00e0 deux points de la premi\u00e8re place. Le second tirage est moins cl\u00e9ment, la France se retrouve face \u00e0 la Turquie et fait \u00e9galit\u00e9 avec 3 probl\u00e8mes r\u00e9solu de chaque c\u00f4t\u00e9, tandis que ses principaux concurrents l&#8217;Espagne et l&#8217;Italie gagnent chacun 4 points. Apr\u00e8s un nouveau coffee break m\u00e9rit\u00e9, la France se retrouve donc quatri\u00e8me avec 33 points derri\u00e8re l&#8217;Espagne et la Turquie \u00e0 35 points et l&#8217;Italie \u00e0 34.5 points.<\/span><\/p>\n<p>Le dernier probl\u00e8me rapportant 3.5 points pour les plus rapides \u00e0 donner la bonne r\u00e9ponse, et seulement 1 pour les autres, les fran\u00e7ais d\u00e9cident de jouer le tout pour le tout. Malheureusement le probl\u00e8me se r\u00e9v\u00e8le plus dur que pr\u00e9vu, et seule l&#8217;Italie parvient \u00e0 trouver la solution durant les 10 minutes imparties, remportant ainsi la\u00a0comp\u00e9tition. La France finit quatri\u00e8me, et la journ\u00e9e se termine par un tirage au sort surr\u00e9aliste pour d\u00e9partager l&#8217;Espagne et la Turquie, qui finiront respectivement deuxi\u00e8me et troisi\u00e8me.<\/p>\n<figure id=\"attachment_2712\" aria-describedby=\"caption-attachment-2712\" style=\"width: 300px\" class=\"wp-caption aligncenter\"><img loading=\"lazy\" decoding=\"async\" class=\"wp-image-2712 size-medium\" src=\"http:\/\/maths-olympiques.fr\/wp-content\/uploads\/2019\/07\/mymc-res-300x169.jpg\" alt=\"\" width=\"300\" height=\"169\" srcset=\"https:\/\/maths-olympiques.fr\/wp-content\/uploads\/2019\/07\/mymc-res-300x169.jpg 300w, https:\/\/maths-olympiques.fr\/wp-content\/uploads\/2019\/07\/mymc-res-768x432.jpg 768w, https:\/\/maths-olympiques.fr\/wp-content\/uploads\/2019\/07\/mymc-res-1024x576.jpg 1024w, https:\/\/maths-olympiques.fr\/wp-content\/uploads\/2019\/07\/mymc-res.jpg 1080w\" sizes=\"auto, (max-width: 300px) 100vw, 300px\" \/><figcaption id=\"caption-attachment-2712\" class=\"wp-caption-text\">R\u00e9sultat final. Une quatri\u00e8me place pour la France<\/figcaption><\/figure>\n<p>L&#8217;\u00e9quipe, l\u00e9g\u00e8rement d\u00e9\u00e7ue, rentre \u00e0 l&#8217;h\u00f4tel avant de partir pour une soir\u00e9e buffet copieuse au c\u0153ur de Naples. Les plus motiv\u00e9s rejoignent la piste de danse tandis que les Fran\u00e7ais pr\u00e9f\u00e8rent profiter du buffet.<\/p>\n<p><img loading=\"lazy\" decoding=\"async\" class=\"size-medium wp-image-2714 aligncenter\" src=\"http:\/\/maths-olympiques.fr\/wp-content\/uploads\/2019\/07\/mymc-repas-300x169.jpg\" alt=\"\" width=\"300\" height=\"169\" srcset=\"https:\/\/maths-olympiques.fr\/wp-content\/uploads\/2019\/07\/mymc-repas-300x169.jpg 300w, https:\/\/maths-olympiques.fr\/wp-content\/uploads\/2019\/07\/mymc-repas-768x432.jpg 768w, https:\/\/maths-olympiques.fr\/wp-content\/uploads\/2019\/07\/mymc-repas-1024x576.jpg 1024w, https:\/\/maths-olympiques.fr\/wp-content\/uploads\/2019\/07\/mymc-repas.jpg 1080w\" sizes=\"auto, (max-width: 300px) 100vw, 300px\" \/><\/p>\n<p>Une fois la f\u00eate termin\u00e9e, on rentre \u00e0 l&#8217;h\u00f4tel pour profiter d&#8217;une nuit de sommeil bien m\u00e9rit\u00e9e.<\/p>\n<h1>Vendredi 18 juillet : remises des prix et visite<\/h1>\n<p>Ce matin, nous avons rendez-vous \u00e0 l&#8217;universit\u00e9 pour la remise des prix. Apr\u00e8s un trajet ponctu\u00e9 d&#8217;embouteillages dans Naples, on arrive enfin et, MYMC oblige, tout le monde va recevoir des m\u00e9dailles. L&#8217;Italie et l&#8217;Espagne re\u00e7oivent leur m\u00e9daille d&#8217;or puis d&#8217;argent puis les \u00e9quipes restantes re\u00e7oivent une m\u00e9daille de bronze et un dipl\u00f4me.<\/p>\n<p>Ensuite, on profite d&#8217;un peu de temps libre pour aller visiter la rue San Gregorio Armeno appel\u00e9e rue des santons. Apr\u00e8s un peu de marche et quelques emplettes, on retourne \u00e0 l&#8217;Universit\u00e9 pour un copieux d\u00e9jeuner, certains gardant m\u00eame des p\u00e2tisseries pour plus tard.<\/p>\n<p>&nbsp;<\/p>\n<p>Apr\u00e8s quelques parties de cartes, on a le droit \u00e0 une visite du mus\u00e9e de zoologie et de g\u00e9ologie de l&#8217;Universit\u00e9. M\u00eame si le groupe semble plus int\u00e9ress\u00e9 par le premier et ses animaux, la visite du second se r\u00e9v\u00e8le tr\u00e8s instructive et bien plus attractive que pr\u00e9vue.<\/p>\n<p>Pour finir la journ\u00e9e, Francesco nous accompagne lors d&#8217;une ultime ballade \u00e0 Naples : on visite l&#8217;\u00e9glise du Gesu Nuovo et on se prom\u00e8ne dans les rues de Naples. Pour faire plaisir au groupe et parfaire l&#8217;exp\u00e9rience napolitaine, on s&#8217;arr\u00eate apr\u00e8s une longue marche \u00e0 la fameuse pizzeria Da Michele pour go\u00fbter enfin une pizza.<\/p>\n<figure id=\"attachment_2788\" aria-describedby=\"caption-attachment-2788\" style=\"width: 300px\" class=\"wp-caption aligncenter\"><img loading=\"lazy\" decoding=\"async\" class=\"wp-image-2788 size-medium\" src=\"http:\/\/maths-olympiques.fr\/wp-content\/uploads\/2019\/07\/mymc-avant-300x169.jpg\" alt=\"\" width=\"300\" height=\"169\" srcset=\"https:\/\/maths-olympiques.fr\/wp-content\/uploads\/2019\/07\/mymc-avant-300x169.jpg 300w, https:\/\/maths-olympiques.fr\/wp-content\/uploads\/2019\/07\/mymc-avant-768x432.jpg 768w, https:\/\/maths-olympiques.fr\/wp-content\/uploads\/2019\/07\/mymc-avant-1024x576.jpg 1024w, https:\/\/maths-olympiques.fr\/wp-content\/uploads\/2019\/07\/mymc-avant.jpg 1080w\" sizes=\"auto, (max-width: 300px) 100vw, 300px\" \/><figcaption id=\"caption-attachment-2788\" class=\"wp-caption-text\">Enfin une pizza napolitaine !<\/figcaption><\/figure>\n<p>De retour \u00e0 l&#8217;h\u00f4tel vient l&#8217;heure du &#8220;Social dinner&#8221; : comme au premier jour un buffet est disponible \u00e0 l&#8217;h\u00f4tel. On discute principalement avec l&#8217;\u00e9quipe du Liban sur leurs pr\u00e9parations, les moyens allou\u00e9s aux diff\u00e9rentes comp\u00e9titions internationales. Apr\u00e8s une journ\u00e9e bien charg\u00e9e et quelques jeux de cartes, chacun rentre dans sa chambre pour la derni\u00e8re nuit avant le d\u00e9part.<\/p>\n<h1>Samedi 19 juillet : retour en France<\/h1>\n<p>Malgr\u00e9 un r\u00e9veil oubli\u00e9 pour les filles, tout le monde est \u00e0 l&#8217;heure pour le d\u00e9part. Certains \u00e9l\u00e8ves semblent quand m\u00eame un peu fatigu\u00e9s par le s\u00e9jour et durant le trajet en bus, l&#8217;\u00e9paule de Jean fait m\u00eame malgr\u00e9 elle office d&#8217;oreiller. Arriv\u00e9s \u00e0 l&#8217;a\u00e9roport, il est temps de dire adieu \u00e0 Francesco et de le remercier pour son accompagnement tout au long du s\u00e9jour. Notre avion a, comme \u00e0 l&#8217;aller, 30 minutes de retard. Le vol se d\u00e9roule sans encombre, une fois les bagages r\u00e9cup\u00e9r\u00e9s l&#8217;aventure touche \u00e0 sa fin, chacun rentre chez soi pour profiter de ses vacances.<\/p>\n<p>&nbsp;<\/p>\n","protected":false},"excerpt":{"rendered":"<p>Le MYMC a lieu cette ann\u00e9e \u00e0 Naples en Italie, du 17 au 20 Juillet. L&#8217;\u00e9quipe est compos\u00e9e de Maud De La Bret\u00e8che, Vladimir Ivanov, Jean Zablocki,\u00a0 Emilie Zheng et accompagn\u00e9e par Th\u00e9o Lenoir.\u00a0Le site web de la comp\u00e9tion est ici.<\/p>\n","protected":false},"author":14,"featured_media":0,"comment_status":"closed","ping_status":"closed","sticky":false,"template":"","format":"standard","meta":{"footnotes":""},"categories":[2,3],"tags":[],"class_list":["post-2684","post","type-post","status-publish","format-standard","hentry","category-toutes_les_news","category-imo_etc"],"_links":{"self":[{"href":"https:\/\/maths-olympiques.fr\/index.php?rest_route=\/wp\/v2\/posts\/2684","targetHints":{"allow":["GET"]}}],"collection":[{"href":"https:\/\/maths-olympiques.fr\/index.php?rest_route=\/wp\/v2\/posts"}],"about":[{"href":"https:\/\/maths-olympiques.fr\/index.php?rest_route=\/wp\/v2\/types\/post"}],"author":[{"embeddable":true,"href":"https:\/\/maths-olympiques.fr\/index.php?rest_route=\/wp\/v2\/users\/14"}],"replies":[{"embeddable":true,"href":"https:\/\/maths-olympiques.fr\/index.php?rest_route=%2Fwp%2Fv2%2Fcomments&post=2684"}],"version-history":[{"count":8,"href":"https:\/\/maths-olympiques.fr\/index.php?rest_route=\/wp\/v2\/posts\/2684\/revisions"}],"predecessor-version":[{"id":2790,"href":"https:\/\/maths-olympiques.fr\/index.php?rest_route=\/wp\/v2\/posts\/2684\/revisions\/2790"}],"wp:attachment":[{"href":"https:\/\/maths-olympiques.fr\/index.php?rest_route=%2Fwp%2Fv2%2Fmedia&parent=2684"}],"wp:term":[{"taxonomy":"category","embeddable":true,"href":"https:\/\/maths-olympiques.fr\/index.php?rest_route=%2Fwp%2Fv2%2Fcategories&post=2684"},{"taxonomy":"post_tag","embeddable":true,"href":"https:\/\/maths-olympiques.fr\/index.php?rest_route=%2Fwp%2Fv2%2Ftags&post=2684"}],"curies":[{"name":"wp","href":"https:\/\/api.w.org\/{rel}","templated":true}]}}