{"id":2574,"date":"2019-07-08T19:04:11","date_gmt":"2019-07-08T17:04:11","guid":{"rendered":"http:\/\/maths-olympiques.fr\/?p=2574"},"modified":"2021-07-30T16:44:50","modified_gmt":"2021-07-30T14:44:50","slug":"stage-final-de-preparation-a-limo-pierrefonds-7-14-juillet","status":"publish","type":"post","link":"https:\/\/maths-olympiques.fr\/?p=2574","title":{"rendered":"Stage final de pr\u00e9paration \u00e0 l&#8217;IMO &#8211; Pierrefonds, 7-14 juillet"},"content":{"rendered":"<p>Du 7 au 14 juillet, au lyc\u00e9e Charles Quentin de Pierrefonds, est organis\u00e9 un stage intensif afin de pr\u00e9parer l\u2019\u00e9quipe pour l\u2019Olympiade Internationale de Math\u00e9matiques, qui se d\u00e9roule cette ann\u00e9e du 14 au 22 juillet \u00e0 Bath. Pour la premi\u00e8re fois, trois pays y participent\u00a0: la France, la Bulgarie et la Roumanie. Ce stage prend ainsi le relais du stage franco-roumain de Craiova, qui avait eu lieu l\u2019ann\u00e9e derni\u00e8re juste avant l\u2019OIM 2018.<\/p>\n<p>Quatre des membres de l\u2019\u00e9quipe de France sont pr\u00e9sents\u00a0: Emile Av\u00e9rous, Th\u00e9odore Fougereux, Timoth\u00e9 Ringeard et Timoth\u00e9e Rocquet. Aur\u00e9lien Fourr\u00e9 et Arthur L\u00e9onard n\u2019ayant pas pu \u00eatre pr\u00e9sents, trois \u00e9l\u00e8ves de la POFM ayant obtenu d\u2019excellents r\u00e9sultats aux tests de s\u00e9lection ont \u00e9galement \u00e9t\u00e9 invit\u00e9s\u00a0: Elias Caeiro, Ya\u00ebl Dillies et Vladimir Ivanov. C\u2019est Fabrice Rouillier, pr\u00e9sident d\u2019Animath, qui les accompagne depuis la gare vers les lieux du stage.<\/p>\n<p><!--more--><\/p>\n<p>Au programme, des cours, tests blancs et entra\u00eenements individualis\u00e9s par \u00e9quipe sont organis\u00e9s par les repr\u00e9sentants des trois pays participants. Au d\u00e9but de la semaine, les leaders (Vincent Jug\u00e9 pour la France) donnent leurs derniers conseils, mais ils doivent partir pour Bath le 11 juillet avec pour t\u00e2che de s\u00e9lectionner les probl\u00e8mes de la comp\u00e9tition. C\u2019est ensuite aux deputy leaders (Louise Gassot pour la France) et encadrants venus expr\u00e8s pour l\u2019occasion de prendre le relais.<\/p>\n<p>Le vendredi 12 juillet au soir, Mme le maire de Pierrefonds et Fabrice Rouillier nous rejoignent pour la c\u00e9r\u00e9monie de cl\u00f4ture du stage.<\/p>\n<figure id=\"attachment_2643\" aria-describedby=\"caption-attachment-2643\" style=\"width: 525px\" class=\"wp-caption aligncenter\"><img loading=\"lazy\" decoding=\"async\" class=\"wp-image-2643 size-large\" src=\"http:\/\/maths-olympiques.fr\/wp-content\/uploads\/2019\/07\/1-1-1024x619.jpg\" alt=\"\" width=\"525\" height=\"317\" \/><figcaption id=\"caption-attachment-2643\" class=\"wp-caption-text\">C\u00e9r\u00e9monie de cl\u00f4ture du stage<\/figcaption><\/figure>\n<p>Le lendemain 13 juillet, veille du grand d\u00e9part, la journ\u00e9e est d\u00e9di\u00e9e au tourisme. Les \u00e9quipes roumaines et bulgares ont d\u00e9cid\u00e9 de faire une excursion \u00e0 Paris, les fran\u00e7ais ont pr\u00e9f\u00e9r\u00e9 visiter les environs. Le matin, d\u00e9couverte du ch\u00e2teau de Pierrefonds, juste en face du lyc\u00e9e. L\u2019apr\u00e8s-midi, c\u2019est Valeriu qui nous conduit \u00e0 la Clari\u00e8re de l\u2019Armistice.<\/p>\n<figure id=\"attachment_2642\" aria-describedby=\"caption-attachment-2642\" style=\"width: 525px\" class=\"wp-caption aligncenter\"><img loading=\"lazy\" decoding=\"async\" class=\"wp-image-2642 size-large\" src=\"http:\/\/maths-olympiques.fr\/wp-content\/uploads\/2019\/07\/2-1-1024x768.jpg\" alt=\"\" width=\"525\" height=\"394\" \/><figcaption id=\"caption-attachment-2642\" class=\"wp-caption-text\">De gauche \u00e0 droite : Vladimir, Ya\u00ebl, Elias, Timoth\u00e9, Timoth\u00e9e, Th\u00e9odore, Emile, devant le ch\u00e2teau de Pierrefonds<\/figcaption><\/figure>\n<p>Valeriu et Razvan ont accompagn\u00e9 les participants au stage en voiture tout au long de la semaine pour leurs trajets entre le lyc\u00e9e et la gare la plus proche, voire Paris\u00a0: arriv\u00e9es et d\u00e9parts, c\u00e9r\u00e9monie de remise des prix du Concours g\u00e9n\u00e9ral (!), visites, etc. \u00c0 la fin de la semaine, ils nous confient que le m\u00e9tier de taxi est \u00e9puisant.<\/p>\n<p>Un grand merci \u00e0 Razvan pour l\u2019organisation\u00a0!<\/p>\n","protected":false},"excerpt":{"rendered":"<p>Du 7 au 14 juillet, au lyc\u00e9e Charles Quentin de Pierrefonds, est organis\u00e9 un stage intensif afin de pr\u00e9parer l\u2019\u00e9quipe pour l\u2019Olympiade Internationale de Math\u00e9matiques, qui se d\u00e9roule cette ann\u00e9e du 14 au 22 juillet \u00e0 Bath. Pour la premi\u00e8re fois, trois pays y participent\u00a0: la France, la Bulgarie et la Roumanie. Ce stage prend &hellip; <\/p>\n<p class=\"link-more\"><a href=\"https:\/\/maths-olympiques.fr\/?p=2574\" class=\"more-link\">Continuer la lecture<span class=\"screen-reader-text\"> de &laquo;&nbsp;Stage final de pr\u00e9paration \u00e0 l&#8217;IMO &#8211; Pierrefonds, 7-14 juillet&nbsp;&raquo;<\/span><\/a><\/p>\n","protected":false},"author":4,"featured_media":0,"comment_status":"closed","ping_status":"closed","sticky":false,"template":"","format":"standard","meta":{"footnotes":""},"categories":[2,5],"tags":[],"class_list":["post-2574","post","type-post","status-publish","format-standard","hentry","category-toutes_les_news","category-stages"],"_links":{"self":[{"href":"https:\/\/maths-olympiques.fr\/index.php?rest_route=\/wp\/v2\/posts\/2574","targetHints":{"allow":["GET"]}}],"collection":[{"href":"https:\/\/maths-olympiques.fr\/index.php?rest_route=\/wp\/v2\/posts"}],"about":[{"href":"https:\/\/maths-olympiques.fr\/index.php?rest_route=\/wp\/v2\/types\/post"}],"author":[{"embeddable":true,"href":"https:\/\/maths-olympiques.fr\/index.php?rest_route=\/wp\/v2\/users\/4"}],"replies":[{"embeddable":true,"href":"https:\/\/maths-olympiques.fr\/index.php?rest_route=%2Fwp%2Fv2%2Fcomments&post=2574"}],"version-history":[{"count":8,"href":"https:\/\/maths-olympiques.fr\/index.php?rest_route=\/wp\/v2\/posts\/2574\/revisions"}],"predecessor-version":[{"id":7429,"href":"https:\/\/maths-olympiques.fr\/index.php?rest_route=\/wp\/v2\/posts\/2574\/revisions\/7429"}],"wp:attachment":[{"href":"https:\/\/maths-olympiques.fr\/index.php?rest_route=%2Fwp%2Fv2%2Fmedia&parent=2574"}],"wp:term":[{"taxonomy":"category","embeddable":true,"href":"https:\/\/maths-olympiques.fr\/index.php?rest_route=%2Fwp%2Fv2%2Fcategories&post=2574"},{"taxonomy":"post_tag","embeddable":true,"href":"https:\/\/maths-olympiques.fr\/index.php?rest_route=%2Fwp%2Fv2%2Ftags&post=2574"}],"curies":[{"name":"wp","href":"https:\/\/api.w.org\/{rel}","templated":true}]}}