{"id":2475,"date":"2019-06-21T01:12:38","date_gmt":"2019-06-20T23:12:38","guid":{"rendered":"http:\/\/maths-olympiques.fr\/?p=2475"},"modified":"2019-06-30T14:25:44","modified_gmt":"2019-06-30T12:25:44","slug":"resultats-de-la-coupe-animath-de-printemps-2019","status":"publish","type":"post","link":"https:\/\/maths-olympiques.fr\/?p=2475","title":{"rendered":"R\u00e9sultats de la coupe Animath de printemps 2019"},"content":{"rendered":"<p>Les r\u00e9sultats de la coupe Animath de printemps 2019 sont en ligne ! Voici le <a href=\"http:\/\/igm.univ-mlv.fr\/~juge\/pofm\/Palmar%C3%A8s-coupe-Animath.pdf\">palmar\u00e8s<\/a>. Il y avait 964 \u00e9l\u00e8ves inscrits, dont 707 ont pass\u00e9 le cap des \u00e9liminatoires, et figurent au palmar\u00e8s ci-dessus.<\/p>\n<p>Voici aussi la <a href=\"http:\/\/igm.univ-mlv.fr\/~juge\/pofm\/Selection.pdf\">liste des \u00e9l\u00e8ves admis<\/a> au stage olympique qui aura lieu \u00e0 Valbonne du 19 au 29 ao\u00fbt.<\/p>\n<p>La s\u00e9lection s&#8217;est op\u00e9r\u00e9e sur les bases du processus d\u00e9j\u00e0 utilis\u00e9 pour le stage d&#8217;ao\u00fbt 2018, indiqu\u00e9 <a href=\"http:\/\/maths-olympiques.fr\/wp-content\/uploads\/2019\/06\/Crit\u00e8res.pdf\">ici<\/a>.<\/p>\n<p>Les \u00e9l\u00e8ves dont les noms sont surlign\u00e9s en rouge ou en vert sont admis au stage, et ceux dont les noms sont surlign\u00e9s en jaune sont sur liste d&#8217;attente.<\/p>\n<h1><strong><span style=\"color: #ff0000;\">Les \u00e9l\u00e8ves admis au stage (ou sur liste d&#8217;attente) ont \u00e9t\u00e9 contact\u00e9s cette semaine : si vous faites partie de ces \u00e9l\u00e8ves et n&#8217;avez pas re\u00e7u de message, merci de contacter l&#8217;adresse <a href=\"mailto:contact-pofm@animath.fr\"><span style=\"color: #0000ff;\">contact-pofm [at] animath.fr<\/span><\/a> au plus vite !<\/span><\/strong><\/h1>\n<p>L&#8217;ensemble des \u00e9l\u00e8ves ayant indiqu\u00e9 leur adresse mail ou celle de leurs parents sera contact\u00e9e prochainement, pour recevoir le d\u00e9tail de leurs scores ainsi qu&#8217;un dipl\u00f4me (\u00e9lectronique) correspondant \u00e0 la r\u00e9compense indiqu\u00e9e au palmar\u00e8s de la coupe.<\/p>\n<p>L&#8217;ensemble des membres de la POFM tient \u00e0 f\u00e9liciter tous les candidats qui ont particip\u00e9 \u00e0 la coupe Animath et \u00e0 ses \u00e9liminatoires, ainsi qu&#8217;\u00e0 leurs enseignants et \u00e0 toutes les personnes ayant permis \u00e0 la coupe Animath d&#8217;\u00eatre organis\u00e9e. Nous esp\u00e9rons que s&#8217;attaquer \u00e0 des probl\u00e8mes ardus aura \u00e9t\u00e9 pour chacun une source d&#8217;inspiration et un moment math\u00e9matique agr\u00e9able.<\/p>\n","protected":false},"excerpt":{"rendered":"<p>Les r\u00e9sultats de la coupe Animath de printemps 2019 sont en ligne ! Voici le palmar\u00e8s. Il y avait 964 \u00e9l\u00e8ves inscrits, dont 707 ont pass\u00e9 le cap des \u00e9liminatoires, et figurent au palmar\u00e8s ci-dessus. Voici aussi la liste des \u00e9l\u00e8ves admis au stage olympique qui aura lieu \u00e0 Valbonne du 19 au 29 ao\u00fbt. &hellip; <\/p>\n<p class=\"link-more\"><a href=\"https:\/\/maths-olympiques.fr\/?p=2475\" class=\"more-link\">Continuer la lecture<span class=\"screen-reader-text\"> de &laquo;&nbsp;R\u00e9sultats de la coupe Animath de printemps 2019&nbsp;&raquo;<\/span><\/a><\/p>\n","protected":false},"author":6,"featured_media":0,"comment_status":"closed","ping_status":"closed","sticky":false,"template":"","format":"standard","meta":{"footnotes":""},"categories":[2,16],"tags":[],"class_list":["post-2475","post","type-post","status-publish","format-standard","hentry","category-toutes_les_news","category-coupes-animath"],"_links":{"self":[{"href":"https:\/\/maths-olympiques.fr\/index.php?rest_route=\/wp\/v2\/posts\/2475","targetHints":{"allow":["GET"]}}],"collection":[{"href":"https:\/\/maths-olympiques.fr\/index.php?rest_route=\/wp\/v2\/posts"}],"about":[{"href":"https:\/\/maths-olympiques.fr\/index.php?rest_route=\/wp\/v2\/types\/post"}],"author":[{"embeddable":true,"href":"https:\/\/maths-olympiques.fr\/index.php?rest_route=\/wp\/v2\/users\/6"}],"replies":[{"embeddable":true,"href":"https:\/\/maths-olympiques.fr\/index.php?rest_route=%2Fwp%2Fv2%2Fcomments&post=2475"}],"version-history":[{"count":6,"href":"https:\/\/maths-olympiques.fr\/index.php?rest_route=\/wp\/v2\/posts\/2475\/revisions"}],"predecessor-version":[{"id":2509,"href":"https:\/\/maths-olympiques.fr\/index.php?rest_route=\/wp\/v2\/posts\/2475\/revisions\/2509"}],"wp:attachment":[{"href":"https:\/\/maths-olympiques.fr\/index.php?rest_route=%2Fwp%2Fv2%2Fmedia&parent=2475"}],"wp:term":[{"taxonomy":"category","embeddable":true,"href":"https:\/\/maths-olympiques.fr\/index.php?rest_route=%2Fwp%2Fv2%2Fcategories&post=2475"},{"taxonomy":"post_tag","embeddable":true,"href":"https:\/\/maths-olympiques.fr\/index.php?rest_route=%2Fwp%2Fv2%2Ftags&post=2475"}],"curies":[{"name":"wp","href":"https:\/\/api.w.org\/{rel}","templated":true}]}}