{"id":2369,"date":"2019-05-28T18:00:06","date_gmt":"2019-05-28T16:00:06","guid":{"rendered":"http:\/\/maths-olympiques.fr\/?p=2369"},"modified":"2019-05-31T09:16:53","modified_gmt":"2019-05-31T07:16:53","slug":"resultats-du-test-du-15-mai","status":"publish","type":"post","link":"https:\/\/maths-olympiques.fr\/?p=2369","title":{"rendered":"R\u00e9sultats du test du 15 mai"},"content":{"rendered":"<p>La correction du test du 15 mai est termin\u00e9e. Voici les 16 meilleures notes des \u00e9l\u00e8ves du groupe Junior :<\/p>\n<ul>\n<li>28 points : Mano \u00c9til\u00e9 et Alec Le Helloco,<\/li>\n<li>27 points : Matthieu Vogel,<\/li>\n<li>23 points : Sacha Arrou\u00e8s-Paykin et Hannah Faucheux,<\/li>\n<li>\u00a021 points : Emilhan D\u00fcrr\u00fcoglu,<\/li>\n<li>19 points : \u00c9lie Verhille,<\/li>\n<li>16 points : Brieux Madeline-Derou,<\/li>\n<li>14 points : Dominique Bazin, \u00c9tienne Conchon&#8211;Kerjan, Isidore Fontaine et Am\u00e9lie Triqueneaux,<\/li>\n<li>10 points : Galileo Grey,<\/li>\n<li>7 points : Nelly Cerf, Clementina Tierno et Lubin Wilhelm.<\/li>\n<\/ul>\n<p>Voici \u00e9galement les 24 meilleures notes des \u00e9l\u00e8ves du groupe Senior :<\/p>\n<ul>\n<li>21 points : Timoth\u00e9 Ringeard,<\/li>\n<li>20 points : Arthur L\u00e9onard,<\/li>\n<li>17 points : Ya\u00ebl Dillies,<\/li>\n<li>16 points :\u00a0 Daniel Cortild et Aur\u00e9lien Fourr\u00e9,<\/li>\n<li>15 points : \u00c9mile Averous et Timoth\u00e9e Rocquet,<\/li>\n<li>14 points : Andrei Barbu, Maud de la Bret\u00e8che, Vladimir Ivanov, Xavier Pig\u00e9 et \u00c9tienne Rossignol,<\/li>\n<li>13 points : Elias Caeiro,<\/li>\n<li>12 points :\u00a0 Mathis Wetterwald et Jean Zablocki,<\/li>\n<li>9 points : Th\u00e9odore Fougereux et F\u00e9lix Houdouin,<\/li>\n<li>8 points : Micha\u00ebl Chen,<\/li>\n<li>7 points : Stefan Barbu, Justin Cahuzac, Charles Liu, Anna Luchnikova, Simon Martin, Romain Poyet, Maena Quemener et \u00c9milie Zheng.<\/li>\n<\/ul>\n","protected":false},"excerpt":{"rendered":"<p>La correction du test du 15 mai est termin\u00e9e. Voici les 16 meilleures notes des \u00e9l\u00e8ves du groupe Junior : 28 points : Mano \u00c9til\u00e9 et Alec Le Helloco, 27 points : Matthieu Vogel, 23 points : Sacha Arrou\u00e8s-Paykin et Hannah Faucheux, \u00a021 points : Emilhan D\u00fcrr\u00fcoglu, 19 points : \u00c9lie Verhille, 16 points : &hellip; <\/p>\n<p class=\"link-more\"><a href=\"https:\/\/maths-olympiques.fr\/?p=2369\" class=\"more-link\">Continuer la lecture<span class=\"screen-reader-text\"> de &laquo;&nbsp;R\u00e9sultats du test du 15 mai&nbsp;&raquo;<\/span><\/a><\/p>\n","protected":false},"author":4,"featured_media":0,"comment_status":"closed","ping_status":"closed","sticky":false,"template":"","format":"standard","meta":{"footnotes":""},"categories":[2,4],"tags":[],"class_list":["post-2369","post","type-post","status-publish","format-standard","hentry","category-toutes_les_news","category-envois"],"_links":{"self":[{"href":"https:\/\/maths-olympiques.fr\/index.php?rest_route=\/wp\/v2\/posts\/2369","targetHints":{"allow":["GET"]}}],"collection":[{"href":"https:\/\/maths-olympiques.fr\/index.php?rest_route=\/wp\/v2\/posts"}],"about":[{"href":"https:\/\/maths-olympiques.fr\/index.php?rest_route=\/wp\/v2\/types\/post"}],"author":[{"embeddable":true,"href":"https:\/\/maths-olympiques.fr\/index.php?rest_route=\/wp\/v2\/users\/4"}],"replies":[{"embeddable":true,"href":"https:\/\/maths-olympiques.fr\/index.php?rest_route=%2Fwp%2Fv2%2Fcomments&post=2369"}],"version-history":[{"count":1,"href":"https:\/\/maths-olympiques.fr\/index.php?rest_route=\/wp\/v2\/posts\/2369\/revisions"}],"predecessor-version":[{"id":2370,"href":"https:\/\/maths-olympiques.fr\/index.php?rest_route=\/wp\/v2\/posts\/2369\/revisions\/2370"}],"wp:attachment":[{"href":"https:\/\/maths-olympiques.fr\/index.php?rest_route=%2Fwp%2Fv2%2Fmedia&parent=2369"}],"wp:term":[{"taxonomy":"category","embeddable":true,"href":"https:\/\/maths-olympiques.fr\/index.php?rest_route=%2Fwp%2Fv2%2Fcategories&post=2369"},{"taxonomy":"post_tag","embeddable":true,"href":"https:\/\/maths-olympiques.fr\/index.php?rest_route=%2Fwp%2Fv2%2Ftags&post=2369"}],"curies":[{"name":"wp","href":"https:\/\/api.w.org\/{rel}","templated":true}]}}