{"id":18573,"date":"2026-03-13T00:00:22","date_gmt":"2026-03-12T23:00:22","guid":{"rendered":"https:\/\/maths-olympiques.fr\/?p=18573"},"modified":"2026-03-21T11:14:09","modified_gmt":"2026-03-21T10:14:09","slug":"le-stage-egmo-au-jour-le-jour","status":"publish","type":"post","link":"https:\/\/maths-olympiques.fr\/?p=18573","title":{"rendered":"Le stage EGMO au jour le jour"},"content":{"rendered":"\n<blockquote class=\"wp-block-quote is-layout-flow wp-block-quote-is-layout-flow\">\n<p><em>Comme l&#8217;an dernier, un stage de pr\u00e9paration \u00e0 l&#8217;EGMO est organis\u00e9 pour r\u00e9unir diff\u00e9rentes pr\u00e9parations dans un moment convivial. Contrairement \u00e0 l&#8217;an dernier, ce stage se d\u00e9roule en Allemagne et non en Suisse, \u00e0 Bonn. Voici les aventures fantasmagoriques v\u00e9cues par notre \u00e9quipe de choc lors de ce stage !<\/em><\/p>\n<\/blockquote>\n\n\n\n<!--more-->\n\n\n\n<h2 class=\"wp-block-heading\">Jeudi 12 mars : Abfahrt!<\/h2>\n\n\n\n<p>Notre odyss\u00e9e devait commencer \u00e0 9h15, devant la voie 10 du hall 1 de la gare du Nord. Si la moiti\u00e9 de l&#8217;\u00e9quipe a \u00e9t\u00e9 tr\u00e8s ponctuelle, il n&#8217;en est pas de m\u00eame pour l&#8217;autre partie qui est arriv\u00e9e \u00e0 9h17 au rendez-vous. \u00c0 cause de la pression des animatheurs (dont nous tairons le nom) ces \u00e9l\u00e8ves se sont senties oblig\u00e9es de s&#8217;excuser pour le retard de seulement 2 minutes <em>[\u00e0 ce moment du r\u00e9cit un animatheur dont le nom est tu se doit de pr\u00e9ciser que cette partie a \u00e9t\u00e9 r\u00e9dig\u00e9e par des membres de l&#8217;\u00e9quipe, et que l&#8217;animatheur se d\u00e9tache de ces propos]<\/em>. Apr\u00e8s quelques ravitaillements, nous montons dans notre train de 9h46 sans encombre.  Apr\u00e8s cette premi\u00e8re partie du voyage, o\u00f9 nous nous sommes occup\u00e9es comme nous pouvions lors de ce trajet de 4h, o\u00f9&nbsp; (certaines font un peu de math\u00e9matiques, pendant que d\u2019autres en profitent pour am\u00e9liorer leur skills en jeu vid\u00e9o, ou collecter un maximum de potins), nous arrivons finalement \u00e0 Cologne.<\/p>\n\n\n\n<p>Il est maintenant temps d\u2019introduire la magnifique \u00e9quipe qui sera votre reporter de la semaine.<\/p>\n\n\n\n<figure class=\"wp-block-image size-large\"><img loading=\"lazy\" decoding=\"async\" width=\"1024\" height=\"768\" src=\"https:\/\/maths-olympiques.fr\/wp-content\/uploads\/2026\/03\/WhatsApp-Image-2026-03-12-at-13.52.48-1024x768.jpeg\" alt=\"\" class=\"wp-image-18575\" srcset=\"https:\/\/maths-olympiques.fr\/wp-content\/uploads\/2026\/03\/WhatsApp-Image-2026-03-12-at-13.52.48-1024x768.jpeg 1024w, https:\/\/maths-olympiques.fr\/wp-content\/uploads\/2026\/03\/WhatsApp-Image-2026-03-12-at-13.52.48-300x225.jpeg 300w, https:\/\/maths-olympiques.fr\/wp-content\/uploads\/2026\/03\/WhatsApp-Image-2026-03-12-at-13.52.48-768x576.jpeg 768w, https:\/\/maths-olympiques.fr\/wp-content\/uploads\/2026\/03\/WhatsApp-Image-2026-03-12-at-13.52.48-1536x1152.jpeg 1536w, https:\/\/maths-olympiques.fr\/wp-content\/uploads\/2026\/03\/WhatsApp-Image-2026-03-12-at-13.52.48.jpeg 1600w\" sizes=\"auto, (max-width: 706px) 89vw, (max-width: 767px) 82vw, 740px\" \/><figcaption class=\"wp-element-caption\">Deutschland, wir kommen!! De gauche \u00e0 droite : In\u00e8s, Tha\u00efs, Noemi, Ruirong, Antoine<\/figcaption><\/figure>\n\n\n\n<p>Comme nous sommes une \u00e9quipe de 4 talentueuses math\u00e9maticiennes, pour changer un peu des comparaisons aux athl\u00e8tes dans les compte-rendus pr\u00e9c\u00e9dents, nous allons nous pr\u00e9senter \u00e0 travers les 4 domaines des maths olympiques \u00e0 la place. Laissez-nous vous pr\u00e9senter de gauche \u00e0 droite :&nbsp;<\/p>\n\n\n\n<ul class=\"wp-block-list\">\n<li>Avec de la cr\u00e9ativit\u00e9 et une habilet\u00e9 devant les exos, In\u00e8s est la combinatoire du groupe !<\/li>\n\n\n\n<li>Notre petite nouvelle a qui su tr\u00e8s rapidement apprivoiser les concepts de maths olympiques, Tha\u00efs est telle la g\u00e9om\u00e9trie.<\/li>\n\n\n\n<li>Avec de l&#8217;inventivit\u00e9 et des astuces, Noemi est l&#8217;alg\u00e8bre du groupe.<\/li>\n\n\n\n<li>C&#8217;est l&#8217;ancienne du groupe, avec de la rigueur et de l&#8217;intelligence, la th\u00e9orie des nombres va \u00e0 Ruirong !<\/li>\n<\/ul>\n\n\n\n<p>Malgr\u00e9 la courte correspondance de 10 minutes entre les deux trains, notre \u00e2me d\u2019exploratrices nous a men\u00e9es vers la cath\u00e9drale situ\u00e9e juste en face de la gare.<\/p>\n\n\n\n<figure class=\"wp-block-image size-large is-resized\"><img loading=\"lazy\" decoding=\"async\" width=\"461\" height=\"1024\" src=\"https:\/\/maths-olympiques.fr\/wp-content\/uploads\/2026\/03\/WhatsApp-Image-2026-03-12-at-13.56.00-461x1024.jpeg\" alt=\"\" class=\"wp-image-18574\" style=\"width:240px;height:auto\" srcset=\"https:\/\/maths-olympiques.fr\/wp-content\/uploads\/2026\/03\/WhatsApp-Image-2026-03-12-at-13.56.00-461x1024.jpeg 461w, https:\/\/maths-olympiques.fr\/wp-content\/uploads\/2026\/03\/WhatsApp-Image-2026-03-12-at-13.56.00-135x300.jpeg 135w, https:\/\/maths-olympiques.fr\/wp-content\/uploads\/2026\/03\/WhatsApp-Image-2026-03-12-at-13.56.00-768x1708.jpeg 768w, https:\/\/maths-olympiques.fr\/wp-content\/uploads\/2026\/03\/WhatsApp-Image-2026-03-12-at-13.56.00-691x1536.jpeg 691w, https:\/\/maths-olympiques.fr\/wp-content\/uploads\/2026\/03\/WhatsApp-Image-2026-03-12-at-13.56.00.jpeg 921w\" sizes=\"auto, (max-width: 461px) 100vw, 461px\" \/><figcaption class=\"wp-element-caption\">Un PIGEON ! (avec un bout de la cath\u00e9drale)<\/figcaption><\/figure>\n\n\n\n<figure class=\"wp-block-image size-large\"><img loading=\"lazy\" decoding=\"async\" width=\"1024\" height=\"768\" src=\"https:\/\/maths-olympiques.fr\/wp-content\/uploads\/2026\/03\/WhatsApp-Image-2026-03-12-at-13.52.53-1024x768.jpeg\" alt=\"\" class=\"wp-image-18577\" srcset=\"https:\/\/maths-olympiques.fr\/wp-content\/uploads\/2026\/03\/WhatsApp-Image-2026-03-12-at-13.52.53-1024x768.jpeg 1024w, https:\/\/maths-olympiques.fr\/wp-content\/uploads\/2026\/03\/WhatsApp-Image-2026-03-12-at-13.52.53-300x225.jpeg 300w, https:\/\/maths-olympiques.fr\/wp-content\/uploads\/2026\/03\/WhatsApp-Image-2026-03-12-at-13.52.53-768x576.jpeg 768w, https:\/\/maths-olympiques.fr\/wp-content\/uploads\/2026\/03\/WhatsApp-Image-2026-03-12-at-13.52.53-1536x1152.jpeg 1536w, https:\/\/maths-olympiques.fr\/wp-content\/uploads\/2026\/03\/WhatsApp-Image-2026-03-12-at-13.52.53.jpeg 1600w\" sizes=\"auto, (max-width: 706px) 89vw, (max-width: 767px) 82vw, 740px\" \/><figcaption class=\"wp-element-caption\">(Oui on sait que la cath\u00e9drale est l\u00e0&#8230;)<\/figcaption><\/figure>\n\n\n\n<figure class=\"wp-block-image size-large\"><img loading=\"lazy\" decoding=\"async\" width=\"1024\" height=\"768\" src=\"https:\/\/maths-olympiques.fr\/wp-content\/uploads\/2026\/03\/WhatsApp-Image-2026-03-12-at-13.52.53-1-1024x768.jpeg\" alt=\"\" class=\"wp-image-18585\" srcset=\"https:\/\/maths-olympiques.fr\/wp-content\/uploads\/2026\/03\/WhatsApp-Image-2026-03-12-at-13.52.53-1-1024x768.jpeg 1024w, https:\/\/maths-olympiques.fr\/wp-content\/uploads\/2026\/03\/WhatsApp-Image-2026-03-12-at-13.52.53-1-300x225.jpeg 300w, https:\/\/maths-olympiques.fr\/wp-content\/uploads\/2026\/03\/WhatsApp-Image-2026-03-12-at-13.52.53-1-768x576.jpeg 768w, https:\/\/maths-olympiques.fr\/wp-content\/uploads\/2026\/03\/WhatsApp-Image-2026-03-12-at-13.52.53-1-1536x1152.jpeg 1536w, https:\/\/maths-olympiques.fr\/wp-content\/uploads\/2026\/03\/WhatsApp-Image-2026-03-12-at-13.52.53-1.jpeg 1600w\" sizes=\"auto, (max-width: 706px) 89vw, (max-width: 767px) 82vw, 740px\" \/><figcaption class=\"wp-element-caption\">Tiens et puis elle est aussi l\u00e0 la cath\u00e9drale<\/figcaption><\/figure>\n\n\n\n<p>On arrive \u00e0 Bonn qui, comme \u00e7a n&#8217;a pas \u00e9chapp\u00e9 \u00e0 certaines, est la ville o\u00f9 Haribo a \u00e9t\u00e9 fond\u00e9.<\/p>\n\n\n\n<figure class=\"wp-block-image size-large is-resized\"><img loading=\"lazy\" decoding=\"async\" width=\"768\" height=\"1024\" src=\"https:\/\/maths-olympiques.fr\/wp-content\/uploads\/2026\/03\/WhatsApp-Image-2026-03-12-at-14.19.52-768x1024.jpeg\" alt=\"\" class=\"wp-image-18582\" style=\"aspect-ratio:0.750008693535487;width:379px;height:auto\" srcset=\"https:\/\/maths-olympiques.fr\/wp-content\/uploads\/2026\/03\/WhatsApp-Image-2026-03-12-at-14.19.52-768x1024.jpeg 768w, https:\/\/maths-olympiques.fr\/wp-content\/uploads\/2026\/03\/WhatsApp-Image-2026-03-12-at-14.19.52-225x300.jpeg 225w, https:\/\/maths-olympiques.fr\/wp-content\/uploads\/2026\/03\/WhatsApp-Image-2026-03-12-at-14.19.52-1152x1536.jpeg 1152w, https:\/\/maths-olympiques.fr\/wp-content\/uploads\/2026\/03\/WhatsApp-Image-2026-03-12-at-14.19.52.jpeg 1536w\" sizes=\"auto, (max-width: 706px) 89vw, (max-width: 767px) 82vw, 740px\" \/><figcaption class=\"wp-element-caption\">Je cite : &#8220;Yooo&#8221; (anonyme)<\/figcaption><\/figure>\n\n\n\n<p>La fin de notre p\u00e9riple se d\u00e9roule en bus et sans encombres, et nous arrivons dans la meilleure (et seule\u2026) Jugendherberge de Bonn. [\u00c0 ce moment, pr\u00e9textant qu&#8217;il &#8220;se fait tard&#8221;, les \u00e9l\u00e8ves estiment que \u00e7a fait assez d&#8217;\u00e9criture pour aujourd&#8217;hui, et qu&#8217;il est temps de laisser l&#8217;animatheur dont le nom est tu finir de r\u00e9diger ce compte rendu.]<\/p>\n\n\n\n<p>Apr\u00e8s s&#8217;\u00eatre install\u00e9s et s&#8217;\u00eatre lav\u00e9s les mains, la fi\u00e8re d\u00e9l\u00e9gation rencontre l&#8217;\u00e9l\u00e8ve de la pr\u00e9paration allemande d\u00e9j\u00e0 sur place sous pr\u00e9texte qu&#8217;elle n&#8217;habite pas \u00e0 Bonn, et part &#8220;se balader dans la for\u00eat&#8221;, autrement dit aller dans un parc de jeu pour enfants qu&#8217;une participante connaissait car elle \u00e9tait d\u00e9j\u00e0 venue ici l&#8217;an dernier.<\/p>\n\n\n\n<figure class=\"wp-block-image size-large is-resized\"><img loading=\"lazy\" decoding=\"async\" width=\"768\" height=\"1024\" src=\"https:\/\/maths-olympiques.fr\/wp-content\/uploads\/2026\/03\/WhatsApp-Image-2026-03-12-at-15.39.53-768x1024.jpeg\" alt=\"\" class=\"wp-image-18581\" style=\"aspect-ratio:0.750008693535487;width:575px;height:auto\" srcset=\"https:\/\/maths-olympiques.fr\/wp-content\/uploads\/2026\/03\/WhatsApp-Image-2026-03-12-at-15.39.53-768x1024.jpeg 768w, https:\/\/maths-olympiques.fr\/wp-content\/uploads\/2026\/03\/WhatsApp-Image-2026-03-12-at-15.39.53-225x300.jpeg 225w, https:\/\/maths-olympiques.fr\/wp-content\/uploads\/2026\/03\/WhatsApp-Image-2026-03-12-at-15.39.53-1152x1536.jpeg 1152w, https:\/\/maths-olympiques.fr\/wp-content\/uploads\/2026\/03\/WhatsApp-Image-2026-03-12-at-15.39.53.jpeg 1536w\" sizes=\"auto, (max-width: 706px) 89vw, (max-width: 767px) 82vw, 740px\" \/><figcaption class=\"wp-element-caption\">while True: print(&#8220;Quand j&#8217;\u00e9tais l\u00e0 l&#8217;an dernier pour les EGOI [&#8230;]&#8221;)<\/figcaption><\/figure>\n\n\n\n<p>Une fois ces activit\u00e9s finies (on montre ici la seule l&#8217;activit\u00e9 montrable sur un compte rendu qui se veut des plus s\u00e9rieux mais croyez-nous il y en avait d&#8217;autres), on rentre \u00e0 l&#8217;h\u00f4tel pour une petite session de Set avant le d\u00eener \u00e0 <strong><em>18 h !!!<\/em><\/strong>, horaire commun\u00e9ment appel\u00e9 &#8220;bienvenue en Allemagne&#8221;.<\/p>\n\n\n\n<p>Apr\u00e8s le d\u00eener en un anglais&#8230; approximatif, on a droit \u00e0 un discours de bienvenue, puis un discours pour nous expliquer comment jouer au Tichu, puis un certain nombre de parties de Tichu, le jeu allemand (ou suisse ?) \u00e0 la mode chez les jeunes.<\/p>\n\n\n\n<figure class=\"wp-block-image size-large is-resized\"><img loading=\"lazy\" decoding=\"async\" width=\"768\" height=\"1024\" src=\"https:\/\/maths-olympiques.fr\/wp-content\/uploads\/2026\/03\/IMG_3428-768x1024.jpg\" alt=\"\" class=\"wp-image-18583\" style=\"aspect-ratio:0.750008693535487;width:406px;height:auto\" srcset=\"https:\/\/maths-olympiques.fr\/wp-content\/uploads\/2026\/03\/IMG_3428-768x1024.jpg 768w, https:\/\/maths-olympiques.fr\/wp-content\/uploads\/2026\/03\/IMG_3428-225x300.jpg 225w, https:\/\/maths-olympiques.fr\/wp-content\/uploads\/2026\/03\/IMG_3428-1152x1536.jpg 1152w, https:\/\/maths-olympiques.fr\/wp-content\/uploads\/2026\/03\/IMG_3428-1536x2048.jpg 1536w, https:\/\/maths-olympiques.fr\/wp-content\/uploads\/2026\/03\/IMG_3428-scaled.jpg 1920w\" sizes=\"auto, (max-width: 706px) 89vw, (max-width: 767px) 82vw, 740px\" \/><figcaption class=\"wp-element-caption\">\u00e9dition <strong>sp\u00e9ciale<\/strong> du Tichu, avec Mathematigerin, la mascotte c\u00e9l\u00e8bre de l&#8217;\u00e9quipe allemande aux comp\u00e9titions internationales<\/figcaption><\/figure>\n\n\n\n<figure class=\"wp-block-image size-large\"><img loading=\"lazy\" decoding=\"async\" width=\"1024\" height=\"768\" src=\"https:\/\/maths-olympiques.fr\/wp-content\/uploads\/2026\/03\/IMG_3427-1024x768.jpg\" alt=\"\" class=\"wp-image-18584\" srcset=\"https:\/\/maths-olympiques.fr\/wp-content\/uploads\/2026\/03\/IMG_3427-1024x768.jpg 1024w, https:\/\/maths-olympiques.fr\/wp-content\/uploads\/2026\/03\/IMG_3427-300x225.jpg 300w, https:\/\/maths-olympiques.fr\/wp-content\/uploads\/2026\/03\/IMG_3427-768x576.jpg 768w, https:\/\/maths-olympiques.fr\/wp-content\/uploads\/2026\/03\/IMG_3427-1536x1152.jpg 1536w, https:\/\/maths-olympiques.fr\/wp-content\/uploads\/2026\/03\/IMG_3427-2048x1536.jpg 2048w\" sizes=\"auto, (max-width: 706px) 89vw, (max-width: 767px) 82vw, 740px\" \/><figcaption class=\"wp-element-caption\">Tichu ist ein Spiel, der f\u00fcr 4 Spielern ist&#8230;<\/figcaption><\/figure>\n\n\n\n<p>Apr\u00e8s une session r\u00e9daction de compte rendu bien men\u00e9e, l&#8217;\u00e9quipe va dans sa chambre. On ne peut qu&#8217;imaginer qu&#8217;il n&#8217;y a pas eu de bruit apr\u00e8s 22h, n&#8217;est-ce pas ?<\/p>\n\n\n\n<p><em>On murmure \u00e9galement l&#8217;arriv\u00e9e d&#8217;une animathrice l\u00e9gendaire tard dans la nuit, se d\u00e9pla\u00e7ant \u00e0 pas feutr\u00e9s entre les murs de l&#8217;h\u00f4tel&#8230;<\/em><\/p>\n\n\n\n<h2 class=\"wp-block-heading\">Vendredi 13 mars : il y aura un titre quand on me l&#8217;aura donn\u00e9<\/h2>\n\n\n\n<p>R\u00e9veill\u00e9es tr\u00e8s t\u00f4t le matin apr\u00e8s une nuit trop courte par une annonce en allemand, nous nous retrouvons pour le petit-d\u00e9jeuner en pr\u00e9sence d&#8217;Eva qui nous as rejoints tard la nuit derni\u00e8re ! Si nous avons le privil\u00e8ge de commencer les cours \u00e0 9h15, \u00e7a n\u2019a pas emp\u00each\u00e9 la salle d&#8217;\u00eatre vide \u00e0 9h14\u2026<\/p>\n\n\n\n<p>Une fois la salle remplie, nous e\u00fbmes droit \u00e0 un magnifique cours de g\u00e9om\u00e9trie. \u00c0 la grande surprise de tout le monde, le th\u00e9or\u00e8me de Ceva s&#8217;est av\u00e9r\u00e9 d&#8217;une grande utilit\u00e9 dans le tout premier exercice.&nbsp; Bien \u00e9videmment, notre \u00e9quipe est tr\u00e8s concentr\u00e9e pendant tout le reste du cours.&nbsp;<\/p>\n\n\n\n<p>Apr\u00e8s notre d\u00e9jeuner succulent <em>[note : l&#8217;utilisation de cet adjectif est controvers\u00e9e]<\/em>, c\u2019est parti pour notre photoshoot avec les autres \u00e9quipes du stage.<\/p>\n\n\n\n<p>Pour les \u00e9l\u00e8ves, l&#8217;apr\u00e8s-midi s&#8217;annonce charg\u00e9e. On commence par un cours de TN o\u00f9 les \u00e9l\u00e8ves s&#8217;amusent \u00e0 traduire les diff\u00e9rents th\u00e9or\u00e8mes en anglais. Malgr\u00e9 le cours captivant, la s\u00e9ance peut se r\u00e9sumer par le graphique suivant  :<\/p>\n\n\n\n<figure class=\"wp-block-image size-large is-resized\"><img loading=\"lazy\" decoding=\"async\" width=\"1024\" height=\"722\" src=\"https:\/\/maths-olympiques.fr\/wp-content\/uploads\/2026\/03\/WhatsApp-Image-2026-03-14-at-17.26.11-1024x722.jpeg\" alt=\"\" class=\"wp-image-18611\" style=\"aspect-ratio:1.4182942066153745;width:500px;height:auto\" srcset=\"https:\/\/maths-olympiques.fr\/wp-content\/uploads\/2026\/03\/WhatsApp-Image-2026-03-14-at-17.26.11-1024x722.jpeg 1024w, https:\/\/maths-olympiques.fr\/wp-content\/uploads\/2026\/03\/WhatsApp-Image-2026-03-14-at-17.26.11-300x212.jpeg 300w, https:\/\/maths-olympiques.fr\/wp-content\/uploads\/2026\/03\/WhatsApp-Image-2026-03-14-at-17.26.11-768x542.jpeg 768w, https:\/\/maths-olympiques.fr\/wp-content\/uploads\/2026\/03\/WhatsApp-Image-2026-03-14-at-17.26.11-1536x1083.jpeg 1536w, https:\/\/maths-olympiques.fr\/wp-content\/uploads\/2026\/03\/WhatsApp-Image-2026-03-14-at-17.26.11.jpeg 2048w\" sizes=\"auto, (max-width: 706px) 89vw, (max-width: 767px) 82vw, 740px\" \/><figcaption class=\"wp-element-caption\"><em>Pouvez-vous deviner \u00e0 quel moment du cours ce graphique \u00e9tait dessin\u00e9 ?<\/em><\/figcaption><\/figure>\n\n\n\n<p>Le moment \u00e9tait enfin venu de nous reposer : certaines se sont amus\u00e9es au Tichu tandis que les autres ont brav\u00e9 la pluie et sont parties se balader dans le parc.<\/p>\n\n\n\n<figure class=\"wp-block-gallery has-nested-images columns-default is-cropped wp-block-gallery-1 is-layout-flex wp-block-gallery-is-layout-flex\">\n<figure class=\"wp-block-image size-large\"><img loading=\"lazy\" decoding=\"async\" width=\"768\" height=\"1024\" data-id=\"18612\" src=\"https:\/\/maths-olympiques.fr\/wp-content\/uploads\/2026\/03\/WhatsApp-Image-2026-03-13-at-18.54.05-768x1024.jpeg\" alt=\"\" class=\"wp-image-18612\" srcset=\"https:\/\/maths-olympiques.fr\/wp-content\/uploads\/2026\/03\/WhatsApp-Image-2026-03-13-at-18.54.05-768x1024.jpeg 768w, https:\/\/maths-olympiques.fr\/wp-content\/uploads\/2026\/03\/WhatsApp-Image-2026-03-13-at-18.54.05-225x300.jpeg 225w, https:\/\/maths-olympiques.fr\/wp-content\/uploads\/2026\/03\/WhatsApp-Image-2026-03-13-at-18.54.05-1152x1536.jpeg 1152w, https:\/\/maths-olympiques.fr\/wp-content\/uploads\/2026\/03\/WhatsApp-Image-2026-03-13-at-18.54.05.jpeg 1500w\" sizes=\"auto, (max-width: 706px) 89vw, (max-width: 767px) 82vw, 740px\" \/><figcaption class=\"wp-element-caption\">Et&#8230;<\/figcaption><\/figure>\n\n\n\n<figure class=\"wp-block-image size-large\"><img loading=\"lazy\" decoding=\"async\" width=\"768\" height=\"1024\" data-id=\"18613\" src=\"https:\/\/maths-olympiques.fr\/wp-content\/uploads\/2026\/03\/WhatsApp-Image-2026-03-13-at-18.54.04-768x1024.jpeg\" alt=\"\" class=\"wp-image-18613\" srcset=\"https:\/\/maths-olympiques.fr\/wp-content\/uploads\/2026\/03\/WhatsApp-Image-2026-03-13-at-18.54.04-768x1024.jpeg 768w, https:\/\/maths-olympiques.fr\/wp-content\/uploads\/2026\/03\/WhatsApp-Image-2026-03-13-at-18.54.04-225x300.jpeg 225w, https:\/\/maths-olympiques.fr\/wp-content\/uploads\/2026\/03\/WhatsApp-Image-2026-03-13-at-18.54.04-1152x1536.jpeg 1152w, https:\/\/maths-olympiques.fr\/wp-content\/uploads\/2026\/03\/WhatsApp-Image-2026-03-13-at-18.54.04.jpeg 1500w\" sizes=\"auto, (max-width: 706px) 89vw, (max-width: 767px) 82vw, 740px\" \/><figcaption class=\"wp-element-caption\">Hop !!<\/figcaption><\/figure>\n<\/figure>\n\n\n\n<p>Apr\u00e8s un d\u00eener bien charg\u00e9 (notre niveau d&#8217;anglais progresse, pour certaines d&#8217;entre nous\u2026) nous nous rejoignons pour un \u201cPubquiz\u201d, qui, selon une personne anonyme \u00e9tait \u201ctr\u00e8s puby et tr\u00e8s quizzy\u201d. Il s&#8217;agit d&#8217;un quiz o\u00f9 quatre \u00e9quipes d&#8217;\u00e9l\u00e8ves, une fille par pays, ainsi qu&#8217;une \u00e9quipe de leaders (pour qu&#8217;ils ne s&#8217;ennuient pas les pauvres) , doivent r\u00e9pondre \u00e0 des questions parfois al\u00e9atoires et parfois tr\u00e8s sp\u00e9cifiques. <\/p>\n\n\n\n<figure class=\"wp-block-image size-large\"><img loading=\"lazy\" decoding=\"async\" width=\"1024\" height=\"768\" src=\"https:\/\/maths-olympiques.fr\/wp-content\/uploads\/2026\/03\/WhatsApp-Image-2026-03-13-at-21.46.30-1024x768.jpeg\" alt=\"\" class=\"wp-image-18614\" srcset=\"https:\/\/maths-olympiques.fr\/wp-content\/uploads\/2026\/03\/WhatsApp-Image-2026-03-13-at-21.46.30-1024x768.jpeg 1024w, https:\/\/maths-olympiques.fr\/wp-content\/uploads\/2026\/03\/WhatsApp-Image-2026-03-13-at-21.46.30-300x225.jpeg 300w, https:\/\/maths-olympiques.fr\/wp-content\/uploads\/2026\/03\/WhatsApp-Image-2026-03-13-at-21.46.30-768x576.jpeg 768w, https:\/\/maths-olympiques.fr\/wp-content\/uploads\/2026\/03\/WhatsApp-Image-2026-03-13-at-21.46.30-1536x1152.jpeg 1536w, https:\/\/maths-olympiques.fr\/wp-content\/uploads\/2026\/03\/WhatsApp-Image-2026-03-13-at-21.46.30.jpeg 2000w\" sizes=\"auto, (max-width: 706px) 89vw, (max-width: 767px) 82vw, 740px\" \/><figcaption class=\"wp-element-caption\">Malheureusement la seule photo de la soir\u00e9e, merci Eva<\/figcaption><\/figure>\n\n\n\n<p>Certaines s&#8217;en sortent tr\u00e8s bien (\u00e0 cause de la fran\u00e7aise du groupe bien s\u00fbr) , alors que d&#8217;autres&#8230; s&#8217;en sortent peut-\u00eatre un peu moins bien (la fran\u00e7aise de l&#8217;\u00e9quipe y est alors pour rien). On pense notamment \u00e0 l&#8217;\u00e9quipe qui a soumis cette magnifique forme \u00e0 14 sommets qui sortait de la masse de cubes<\/p>\n\n\n\n<figure class=\"wp-block-image size-large is-resized\"><img loading=\"lazy\" decoding=\"async\" width=\"1024\" height=\"932\" src=\"https:\/\/maths-olympiques.fr\/wp-content\/uploads\/2026\/03\/Screenshot-2026-03-14-at-22.56.59-1024x932.png\" alt=\"\" class=\"wp-image-18610\" style=\"aspect-ratio:1.09872643912379;width:426px;height:auto\" srcset=\"https:\/\/maths-olympiques.fr\/wp-content\/uploads\/2026\/03\/Screenshot-2026-03-14-at-22.56.59-1024x932.png 1024w, https:\/\/maths-olympiques.fr\/wp-content\/uploads\/2026\/03\/Screenshot-2026-03-14-at-22.56.59-300x273.png 300w, https:\/\/maths-olympiques.fr\/wp-content\/uploads\/2026\/03\/Screenshot-2026-03-14-at-22.56.59-768x699.png 768w, https:\/\/maths-olympiques.fr\/wp-content\/uploads\/2026\/03\/Screenshot-2026-03-14-at-22.56.59.png 1160w\" sizes=\"auto, (max-width: 706px) 89vw, (max-width: 767px) 82vw, 740px\" \/><figcaption class=\"wp-element-caption\">Faite en douze minutes, sans colle !<\/figcaption><\/figure>\n\n\n\n<p>tout \u00e7a pour se faire refuser parce que &#8220;ce n&#8217;est pas un solide archim\u00e9dien&#8221;.<\/p>\n\n\n\n<p>Apr\u00e8s cette soir\u00e9e bien charg\u00e9e, l&#8217;\u00e9quipe rentre au lit. Toute mention d&#8217;une victoire (\u00e9crasante) de l&#8217;\u00e9quipe des leaders serait bien s\u00fbr un mensonge \u00e9hont\u00e9. <em>[Note de l&#8217;animateur dont le nom est tu : bof]<\/em><\/p>\n\n\n\n<h2 class=\"wp-block-heading\">Samedi 14 mars : Frohes pi day!<\/h2>\n\n\n\n<p>Apr\u00e8s un r\u00e9veil \u00e0 8h45, l&#8217;\u00e9quipe se retrouve quand m\u00eame choqu\u00e9e d\u2019\u00eatre en retard au cours \u00e0 9h15, au grand malheur des responsables. Apr\u00e8s un petit-d\u00e9jeuner\u2026 paniqu\u00e9, vient un cours d&#8217;alg\u00e8bre sur les r\u00e9currences, suites et in\u00e9galit\u00e9s.&nbsp;<\/p>\n\n\n\n<p>Ce cours, propos\u00e9 par les leaders espagnoles, garde pour une fois la concentration du groupe pendant la majorit\u00e9 du cours.<\/p>\n\n\n\n<p>Nous mangeons ensuite le d\u00e9jeuner qui \u00e9tait (selon les \u00e9l\u00e8ves) : dr\u00f4le, amusant, succulent, g\u00e9nial comme Tha\u00efs, moyen, grivois, aberrant, surprenant.<\/p>\n\n\n\n<figure class=\"wp-block-image size-large is-resized\"><img loading=\"lazy\" decoding=\"async\" width=\"760\" height=\"1024\" src=\"https:\/\/maths-olympiques.fr\/wp-content\/uploads\/2026\/03\/Screenshot-2026-03-16-at-18.24.42-760x1024.png\" alt=\"\" class=\"wp-image-18638\" style=\"aspect-ratio:0.7421885753613214;width:441px;height:auto\" srcset=\"https:\/\/maths-olympiques.fr\/wp-content\/uploads\/2026\/03\/Screenshot-2026-03-16-at-18.24.42-760x1024.png 760w, https:\/\/maths-olympiques.fr\/wp-content\/uploads\/2026\/03\/Screenshot-2026-03-16-at-18.24.42-223x300.png 223w, https:\/\/maths-olympiques.fr\/wp-content\/uploads\/2026\/03\/Screenshot-2026-03-16-at-18.24.42-768x1034.png 768w, https:\/\/maths-olympiques.fr\/wp-content\/uploads\/2026\/03\/Screenshot-2026-03-16-at-18.24.42.png 888w\" sizes=\"auto, (max-width: 706px) 89vw, (max-width: 767px) 82vw, 740px\" \/><figcaption class=\"wp-element-caption\">aberrant ou surprenant ?<\/figcaption><\/figure>\n\n\n\n<p>Certaines d\u00e9cident ensuite aller au parc, alors que d\u2019autres, encourag\u00e9es par un leader pr\u00e9sent, partent se balader. Ils ignorent bien s\u00fbr qu&#8217;il a plu ces deux derniers jours, et parviennent heureusement \u00e0 s&#8217;en sortir avec un minimum de d\u00e9g\u00e2ts, seulement quatre paires de chaussures, un pull et un pantalon couverts de boue.&nbsp;<\/p>\n\n\n\n<p>Puis, on a eu l&#8217;honneur d&#8217;avoir Eva, notre leader favori, nous donner un cours sur les suites d&#8217;entiers. Ce cours peut s\u2019av\u00e9rer d\u2019une grande utilit\u00e9 pour l\u2019EGMO, donc on esp\u00e8re que les \u00e9l\u00e8ves l&#8217;ont appr\u00e9ci\u00e9\u2026<\/p>\n\n\n\n<p>Apr\u00e8s un d\u00eener pass\u00e9 \u00e0 d\u00e9battre du niveau de d\u00e9go\u00fbt des desserts de la cantine, nous nous retrouvons pour un tournoi de Tichu. Ici, le r\u00e9sultat des heures d&#8217;entra\u00eenement intensif des jours pr\u00e9c\u00e9dents se fait ressentir. Ceci contribue \u00e0 un esprit comp\u00e9titif \u00e9lev\u00e9, et le tournoi est finalement remport\u00e9 haut la main par l&#8217;\u00e9quipe France-Allemagne, devant les \u00e9quipes France-Allemagne, France-Allemagne, France-Allemagne et France-Allemagne (les espagnoles ont pr\u00e9f\u00e9r\u00e9 regarder la retransmission de la remise des prix de leur olympiade de math\u00e9matiques). <\/p>\n\n\n\n<figure class=\"wp-block-image size-large\"><img loading=\"lazy\" decoding=\"async\" width=\"1024\" height=\"768\" src=\"https:\/\/maths-olympiques.fr\/wp-content\/uploads\/2026\/03\/WhatsApp-Image-2026-03-15-at-12.24.03-1024x768.jpeg\" alt=\"\" class=\"wp-image-18637\" srcset=\"https:\/\/maths-olympiques.fr\/wp-content\/uploads\/2026\/03\/WhatsApp-Image-2026-03-15-at-12.24.03-1024x768.jpeg 1024w, https:\/\/maths-olympiques.fr\/wp-content\/uploads\/2026\/03\/WhatsApp-Image-2026-03-15-at-12.24.03-300x225.jpeg 300w, https:\/\/maths-olympiques.fr\/wp-content\/uploads\/2026\/03\/WhatsApp-Image-2026-03-15-at-12.24.03-768x576.jpeg 768w, https:\/\/maths-olympiques.fr\/wp-content\/uploads\/2026\/03\/WhatsApp-Image-2026-03-15-at-12.24.03-1536x1152.jpeg 1536w, https:\/\/maths-olympiques.fr\/wp-content\/uploads\/2026\/03\/WhatsApp-Image-2026-03-15-at-12.24.03.jpeg 1600w\" sizes=\"auto, (max-width: 706px) 89vw, (max-width: 767px) 82vw, 740px\" \/><figcaption class=\"wp-element-caption\"><em>France vs Allemagne ou France + Allemagne ?<\/em><\/figcaption><\/figure>\n\n\n\n<p><em>[Note de l&#8217;\u00e9diteur : il semblerait que les narratrices oublient souvent de pr\u00e9ciser qui gagne&#8230; Allez savoir pourquoi !]<\/em><\/p>\n\n\n\n<p>Apr\u00e8s cette soir\u00e9e bien remplie, notre \u00e9quipe rentre au lit (apr\u00e8s *encore* quelques parties non comp\u00e9titives de Tichu parce que quand m\u00eame).&nbsp;<\/p>\n\n\n\n<p>On vous laisse avec une proposition pour la nouvelle mascotte fran\u00e7aise pour les comp\u00e9titions :<\/p>\n\n\n\n<figure class=\"wp-block-image size-large\"><img loading=\"lazy\" decoding=\"async\" width=\"1024\" height=\"505\" src=\"https:\/\/maths-olympiques.fr\/wp-content\/uploads\/2026\/03\/Screenshot-2026-03-16-at-18.44.32-1024x505.png\" alt=\"\" class=\"wp-image-18639\" srcset=\"https:\/\/maths-olympiques.fr\/wp-content\/uploads\/2026\/03\/Screenshot-2026-03-16-at-18.44.32-1024x505.png 1024w, https:\/\/maths-olympiques.fr\/wp-content\/uploads\/2026\/03\/Screenshot-2026-03-16-at-18.44.32-300x148.png 300w, https:\/\/maths-olympiques.fr\/wp-content\/uploads\/2026\/03\/Screenshot-2026-03-16-at-18.44.32-768x379.png 768w, https:\/\/maths-olympiques.fr\/wp-content\/uploads\/2026\/03\/Screenshot-2026-03-16-at-18.44.32.png 1228w\" sizes=\"auto, (max-width: 706px) 89vw, (max-width: 767px) 82vw, 740px\" \/><figcaption class=\"wp-element-caption\">Entre \u00e7a et croissantine la peluche en forme de croissant on a l&#8217;embarras du choix<\/figcaption><\/figure>\n\n\n\n<h2 class=\"wp-block-heading\">Dimanche 15 mars : d\u00e9j\u00e0 le dernier jour de cours<\/h2>\n\n\n\n<p>Apr\u00e8s un petit-d\u00e9jeuner express,&nbsp; mais qui compense quand m\u00eame la nullit\u00e9 des desserts des autres repas, nous nous regroupons pour faire de la g\u00e9om\u00e9trie. On ne croyait pas que c&#8217;\u00e9tait possible, mais l&#8217;\u00e9quipe r\u00e9ussit \u00e0 \u00eatre encore plus en retard pour les cours, avec un retard de 10 minutes !<\/p>\n\n\n\n<figure class=\"wp-block-image size-large is-resized\"><img loading=\"lazy\" decoding=\"async\" width=\"1024\" height=\"661\" src=\"https:\/\/maths-olympiques.fr\/wp-content\/uploads\/2026\/03\/WhatsApp-Image-2026-03-16-at-18.19.17-1024x661.jpeg\" alt=\"\" class=\"wp-image-18722\" style=\"aspect-ratio:1.5492027007613849;width:587px;height:auto\" srcset=\"https:\/\/maths-olympiques.fr\/wp-content\/uploads\/2026\/03\/WhatsApp-Image-2026-03-16-at-18.19.17-1024x661.jpeg 1024w, https:\/\/maths-olympiques.fr\/wp-content\/uploads\/2026\/03\/WhatsApp-Image-2026-03-16-at-18.19.17-300x194.jpeg 300w, https:\/\/maths-olympiques.fr\/wp-content\/uploads\/2026\/03\/WhatsApp-Image-2026-03-16-at-18.19.17-768x496.jpeg 768w, https:\/\/maths-olympiques.fr\/wp-content\/uploads\/2026\/03\/WhatsApp-Image-2026-03-16-at-18.19.17.jpeg 1064w\" sizes=\"auto, (max-width: 706px) 89vw, (max-width: 767px) 82vw, 740px\" \/><figcaption class=\"wp-element-caption\">9h20 \u00e7a vaaaa<\/figcaption><\/figure>\n\n\n\n<p>Deux d&#8217;entre nous n&#8217;ont pas de compas et sommes oblig\u00e9es de voler ceux de nos voisines. Comme lors du cours de g\u00e9om\u00e9trie pr\u00e9c\u00e9dent, les \u00e9l\u00e8ves ont des r\u00e9actions\u2026 vari\u00e9es quand elles apprennent que le th\u00e9or\u00e8me de Pappus \u00e9tait \u00e0 la base d&#8217;une solution.<\/p>\n\n\n\n<p>On vous laisse avec cette anecdote pour r\u00e9sumer notre d\u00e9jeuner : une d&#8217;entre nous s&#8217;est retrouv\u00e9e \u00e0 faire la poule pour expliquer le mot \u201cchicken\u201d \u00e0 la cantine : apparemment, l&#8217;imitation s&#8217;est faite avec les mains parce qu\u2019elle en avait \u201cl&#8217;habitude\u201d, et en faisant des bruits de poule.<\/p>\n\n\n\n<p>Finalement, nous avons enfin NOTRE PREMIER COURS DE COMBI !!!!!!!! Ce cours est anim\u00e9 par Susanne, la leader Allemande et organisatrice de ce stage. <\/p>\n\n\n\n<p>Alors que certaines font le bon (le Bonn haha vous avez compris ?) choix de rester dans l&#8217;h\u00f4tel, d&#8217;autres d\u00e9cident de recr\u00e9er une tradition ancienne au Jugendherberge de Bonn (non parce que en fait une personne ici avait d\u00e9j\u00e0 particip\u00e9 aux EGOI ici l&#8217;an dernier, je sais pas si on vous avait d\u00e9j\u00e0 dit) : appeler Martin dans la coupole de l&#8217;aire de jeux. Ici, les discussions durent jusqu\u2019\u00e0 ce qu&#8217;il n&#8217;y ait plus de batterie&#8230; ce qui \u00e9tait possiblement un peu tard pour le d\u00eener.<\/p>\n\n\n\n<figure class=\"wp-block-image size-large\"><img loading=\"lazy\" decoding=\"async\" width=\"1024\" height=\"768\" src=\"https:\/\/maths-olympiques.fr\/wp-content\/uploads\/2026\/03\/WhatsApp-Image-2026-03-16-at-19.14.54-1024x768.jpeg\" alt=\"\" class=\"wp-image-18721\" srcset=\"https:\/\/maths-olympiques.fr\/wp-content\/uploads\/2026\/03\/WhatsApp-Image-2026-03-16-at-19.14.54-1024x768.jpeg 1024w, https:\/\/maths-olympiques.fr\/wp-content\/uploads\/2026\/03\/WhatsApp-Image-2026-03-16-at-19.14.54-300x225.jpeg 300w, https:\/\/maths-olympiques.fr\/wp-content\/uploads\/2026\/03\/WhatsApp-Image-2026-03-16-at-19.14.54-768x576.jpeg 768w, https:\/\/maths-olympiques.fr\/wp-content\/uploads\/2026\/03\/WhatsApp-Image-2026-03-16-at-19.14.54-1536x1152.jpeg 1536w, https:\/\/maths-olympiques.fr\/wp-content\/uploads\/2026\/03\/WhatsApp-Image-2026-03-16-at-19.14.54.jpeg 2048w\" sizes=\"auto, (max-width: 706px) 89vw, (max-width: 767px) 82vw, 740px\" \/><figcaption class=\"wp-element-caption\">En retard mais au moins on a eu ce super coucher de soleil derri\u00e8re la grille des terrains de tennis<\/figcaption><\/figure>\n\n\n\n<p>Vers 21h, n&#8217;ayant rien d&#8217;autre \u00e0 faire, nous rejoignons l&#8217;\u00e9quipe allemande pour des parties de Tichu et de The Mind. Le premier est notamment l&#8217;occasion pour certains d&#8217;entre nous de hyst\u00e9riquement mourir de rire par terre (pas de photos malheureusement, d\u00e9sol\u00e9), et de d\u00e9couvrir que 4 + 1 \u2260 6\u2026 Cette soir\u00e9e qui, pour certaines, \u00e0 pris un tournant en folie se finit vers minuit, o\u00f9 nous nous couchons tr\u00e8s tr\u00e8s fatigu\u00e9es.<\/p>\n\n\n\n<h2 class=\"wp-block-heading\">Lundi 16 mars : pareil que vendredi, il faut croire que les titres sont en option<\/h2>\n\n\n\n<p>Apr\u00e8s avoir bien dit la veille que les chambres devraient \u00eatre rang\u00e9es pour 9h, votre animateur dont le nom est tu pr\u00e9f\u00e9r\u00e9 a du mal \u00e0 contenir ses \u00e9motions quand, apr\u00e8s avoir toqu\u00e9 plusieurs fois \u00e0 la porte \u00e0 8h50, ce sont des yeux bouffis qui viennent de se lever qui lui ouvrent (mais bon au moins elle elle \u00e9tait lev\u00e9e&#8230;).<\/p>\n\n\n\n<p>S&#8217;ensuivent 25 minutes de chaos total, o\u00f9 une membre de l&#8217;\u00e9quipe a d\u00fb fermer et rouvrir sa valise pleine \u00e0 craquer parce qu&#8217;elle avait laiss\u00e9 respectivement ses chaussures, ses chaussettes et son chargeur de t\u00e9l\u00e9phone \u00e0 l&#8217;int\u00e9rieur<\/p>\n\n\n\n<figure class=\"wp-block-image size-large is-resized\"><img loading=\"lazy\" decoding=\"async\" width=\"768\" height=\"1024\" src=\"https:\/\/maths-olympiques.fr\/wp-content\/uploads\/2026\/03\/WhatsApp-Image-2026-03-16-at-18.16.54-768x1024.jpeg\" alt=\"\" class=\"wp-image-18729\" style=\"aspect-ratio:0.750008693535487;width:466px;height:auto\" srcset=\"https:\/\/maths-olympiques.fr\/wp-content\/uploads\/2026\/03\/WhatsApp-Image-2026-03-16-at-18.16.54-768x1024.jpeg 768w, https:\/\/maths-olympiques.fr\/wp-content\/uploads\/2026\/03\/WhatsApp-Image-2026-03-16-at-18.16.54-225x300.jpeg 225w, https:\/\/maths-olympiques.fr\/wp-content\/uploads\/2026\/03\/WhatsApp-Image-2026-03-16-at-18.16.54-1152x1536.jpeg 1152w, https:\/\/maths-olympiques.fr\/wp-content\/uploads\/2026\/03\/WhatsApp-Image-2026-03-16-at-18.16.54.jpeg 1536w\" sizes=\"auto, (max-width: 706px) 89vw, (max-width: 767px) 82vw, 740px\" \/><figcaption class=\"wp-element-caption\">Titre : &#8220;aaah mes chaussettes&#8221;<\/figcaption><\/figure>\n\n\n\n<p>On devait \u00eatre partis de l&#8217;h\u00f4tel aux alentours de 9h30, et notre train \u00e9tait seulement \u00e0 16h40 \u00e0 Cologne. Comme l&#8217;avion de la d\u00e9l\u00e9gation espagnole \u00e9tait \u00e9galement assez tard, Susanne entreprend alors de nous faire une petite visite guid\u00e9e de Bonn \u00e0 la place d&#8217;aller \u00e0 une conf\u00e9rence qu&#8217;elle organise au m\u00eame moment (&#8220;yeah but the Monday talks aren&#8217;t really interesting anyway&#8221;). Ainsi, apr\u00e8s un petit-d\u00e9jeuner pass\u00e9 \u00e0 d\u00e9battre lequel d&#8217;entre nous est le plus dr\u00f4le, nous partons de l\u2019h\u00f4tel pour une grande et derni\u00e8re balade dans la ville. Apr\u00e8s une demi-heure de trajet en bus, nous arrivons \u00e0 l\u2019Arithmeum de Bonn, qui est \u00e0 la fois un mus\u00e9e o\u00f9 on y d\u00e9couvre les l\u00e9gendaires machines \u00e0 compter et les anciennes calculatrices, mais \u00e9galement un institut de math\u00e9matiques o\u00f9 moult chercheurs (dont Susanne) travaillent. Elle nous permet alors de faire une visite du mus\u00e9e, alors m\u00eame que celui-ci est ferm\u00e9 le lundi.<\/p>\n\n\n\n<figure class=\"wp-block-gallery has-nested-images columns-default is-cropped wp-block-gallery-2 is-layout-flex wp-block-gallery-is-layout-flex\">\n<figure class=\"wp-block-image size-large\"><img loading=\"lazy\" decoding=\"async\" width=\"765\" height=\"1024\" data-id=\"18731\" src=\"https:\/\/maths-olympiques.fr\/wp-content\/uploads\/2026\/03\/Screenshot-2026-03-21-at-10.22.39-765x1024.png\" alt=\"\" class=\"wp-image-18731\" srcset=\"https:\/\/maths-olympiques.fr\/wp-content\/uploads\/2026\/03\/Screenshot-2026-03-21-at-10.22.39-765x1024.png 765w, https:\/\/maths-olympiques.fr\/wp-content\/uploads\/2026\/03\/Screenshot-2026-03-21-at-10.22.39-224x300.png 224w, https:\/\/maths-olympiques.fr\/wp-content\/uploads\/2026\/03\/Screenshot-2026-03-21-at-10.22.39-768x1028.png 768w, https:\/\/maths-olympiques.fr\/wp-content\/uploads\/2026\/03\/Screenshot-2026-03-21-at-10.22.39.png 868w\" sizes=\"auto, (max-width: 706px) 89vw, (max-width: 767px) 82vw, 740px\" \/><figcaption class=\"wp-element-caption\">\u00c7a tourne !<\/figcaption><\/figure>\n\n\n\n<figure class=\"wp-block-image size-large\"><img loading=\"lazy\" decoding=\"async\" width=\"759\" height=\"1024\" data-id=\"18732\" src=\"https:\/\/maths-olympiques.fr\/wp-content\/uploads\/2026\/03\/Screenshot-2026-03-21-at-10.22.48-759x1024.png\" alt=\"\" class=\"wp-image-18732\" srcset=\"https:\/\/maths-olympiques.fr\/wp-content\/uploads\/2026\/03\/Screenshot-2026-03-21-at-10.22.48-759x1024.png 759w, https:\/\/maths-olympiques.fr\/wp-content\/uploads\/2026\/03\/Screenshot-2026-03-21-at-10.22.48-222x300.png 222w, https:\/\/maths-olympiques.fr\/wp-content\/uploads\/2026\/03\/Screenshot-2026-03-21-at-10.22.48-768x1036.png 768w, https:\/\/maths-olympiques.fr\/wp-content\/uploads\/2026\/03\/Screenshot-2026-03-21-at-10.22.48.png 866w\" sizes=\"auto, (max-width: 706px) 89vw, (max-width: 767px) 82vw, 740px\" \/><figcaption class=\"wp-element-caption\">On r\u00e9apprend \u00e0 compter<\/figcaption><\/figure>\n\n\n\n<figure class=\"wp-block-image size-large\"><img loading=\"lazy\" decoding=\"async\" width=\"1024\" height=\"768\" data-id=\"18728\" src=\"https:\/\/maths-olympiques.fr\/wp-content\/uploads\/2026\/03\/WhatsApp-Image-2026-03-16-at-18.16.55-1024x768.jpeg\" alt=\"\" class=\"wp-image-18728\" srcset=\"https:\/\/maths-olympiques.fr\/wp-content\/uploads\/2026\/03\/WhatsApp-Image-2026-03-16-at-18.16.55-1024x768.jpeg 1024w, https:\/\/maths-olympiques.fr\/wp-content\/uploads\/2026\/03\/WhatsApp-Image-2026-03-16-at-18.16.55-300x225.jpeg 300w, https:\/\/maths-olympiques.fr\/wp-content\/uploads\/2026\/03\/WhatsApp-Image-2026-03-16-at-18.16.55-768x576.jpeg 768w, https:\/\/maths-olympiques.fr\/wp-content\/uploads\/2026\/03\/WhatsApp-Image-2026-03-16-at-18.16.55-1536x1152.jpeg 1536w, https:\/\/maths-olympiques.fr\/wp-content\/uploads\/2026\/03\/WhatsApp-Image-2026-03-16-at-18.16.55.jpeg 2048w\" sizes=\"auto, (max-width: 706px) 89vw, (max-width: 767px) 82vw, 740px\" \/><figcaption class=\"wp-element-caption\">Le mus\u00e9e est ferm\u00e9 donc on n&#8217;a pas acc\u00e8s \u00e0 tout \ud83d\ude41<\/figcaption><\/figure>\n<\/figure>\n\n\n\n<p>Malheur : quand on entre dans la derni\u00e8re salle, les \u00e9l\u00e8ves se retrouvent instantan\u00e9ment captiv\u00e9es par les puzzles offerts, et d\u00e9cident de ne pas partir jusqu&#8217;\u00e0 ce qu&#8217;elles la r\u00e9solvent. Mais ce qu&#8217;aucune d&#8217;entre elles ne pouvait pr\u00e9dire, \u00e9tait que les puzzles allemands dans un institut de math\u00e9matiques allemands, sont DURS (NP durs avec N=pfiouuu 11 ?)<\/p>\n\n\n\n<figure class=\"wp-block-gallery has-nested-images columns-default is-cropped wp-block-gallery-3 is-layout-flex wp-block-gallery-is-layout-flex\">\n<figure class=\"wp-block-image size-large\"><img loading=\"lazy\" decoding=\"async\" width=\"768\" height=\"1024\" data-id=\"18733\" src=\"https:\/\/maths-olympiques.fr\/wp-content\/uploads\/2026\/03\/WhatsApp-Image-2026-03-16-at-18.16.56-3-768x1024.jpeg\" alt=\"\" class=\"wp-image-18733\" srcset=\"https:\/\/maths-olympiques.fr\/wp-content\/uploads\/2026\/03\/WhatsApp-Image-2026-03-16-at-18.16.56-3-768x1024.jpeg 768w, https:\/\/maths-olympiques.fr\/wp-content\/uploads\/2026\/03\/WhatsApp-Image-2026-03-16-at-18.16.56-3-225x300.jpeg 225w, https:\/\/maths-olympiques.fr\/wp-content\/uploads\/2026\/03\/WhatsApp-Image-2026-03-16-at-18.16.56-3-1152x1536.jpeg 1152w, https:\/\/maths-olympiques.fr\/wp-content\/uploads\/2026\/03\/WhatsApp-Image-2026-03-16-at-18.16.56-3.jpeg 1536w\" sizes=\"auto, (max-width: 706px) 89vw, (max-width: 767px) 82vw, 740px\" \/><figcaption class=\"wp-element-caption\">cette solution utilise une ar\u00eate de trop (regardez tout \u00e0 gauche)<\/figcaption><\/figure>\n\n\n\n<figure class=\"wp-block-image size-large\"><img loading=\"lazy\" decoding=\"async\" width=\"768\" height=\"1024\" data-id=\"18727\" src=\"https:\/\/maths-olympiques.fr\/wp-content\/uploads\/2026\/03\/WhatsApp-Image-2026-03-16-at-18.16.56-768x1024.jpeg\" alt=\"\" class=\"wp-image-18727\" srcset=\"https:\/\/maths-olympiques.fr\/wp-content\/uploads\/2026\/03\/WhatsApp-Image-2026-03-16-at-18.16.56-768x1024.jpeg 768w, https:\/\/maths-olympiques.fr\/wp-content\/uploads\/2026\/03\/WhatsApp-Image-2026-03-16-at-18.16.56-225x300.jpeg 225w, https:\/\/maths-olympiques.fr\/wp-content\/uploads\/2026\/03\/WhatsApp-Image-2026-03-16-at-18.16.56-1152x1536.jpeg 1152w, https:\/\/maths-olympiques.fr\/wp-content\/uploads\/2026\/03\/WhatsApp-Image-2026-03-16-at-18.16.56.jpeg 1536w\" sizes=\"auto, (max-width: 706px) 89vw, (max-width: 767px) 82vw, 740px\" \/><figcaption class=\"wp-element-caption\">\u00c7a ne se voit peut-\u00eatre pas tr\u00e8s bien mais il y a \u00e9crit sehr schwer sur ce probl\u00e8me l\u00e0<\/figcaption><\/figure>\n<figcaption class=\"blocks-gallery-caption wp-element-caption\">Un <a href=\"https:\/\/fr.wikipedia.org\/wiki\/Probl\u00e8me_de_l%27arbre_de_Steiner\" data-type=\"link\" data-id=\"https:\/\/fr.wikipedia.org\/wiki\/Probl\u00e8me_de_l%27arbre_de_Steiner\">arbre de Steiner<\/a> est un sous-graphe (ici de la grille) avec un nombre d&#8217;ar\u00eates minimales qui relie un certain ensemble de sommets. (Exercice : pourquoi est-ce un arbre ?)<\/figcaption><\/figure>\n\n\n\n<figure class=\"wp-block-gallery has-nested-images columns-default is-cropped wp-block-gallery-4 is-layout-flex wp-block-gallery-is-layout-flex\">\n<figure class=\"wp-block-image size-large\"><img loading=\"lazy\" decoding=\"async\" width=\"474\" height=\"634\" data-id=\"18734\" src=\"https:\/\/maths-olympiques.fr\/wp-content\/uploads\/2026\/03\/Screenshot-2026-03-21-at-10.39.51.png\" alt=\"\" class=\"wp-image-18734\" srcset=\"https:\/\/maths-olympiques.fr\/wp-content\/uploads\/2026\/03\/Screenshot-2026-03-21-at-10.39.51.png 474w, https:\/\/maths-olympiques.fr\/wp-content\/uploads\/2026\/03\/Screenshot-2026-03-21-at-10.39.51-224x300.png 224w\" sizes=\"auto, (max-width: 474px) 100vw, 474px\" \/><figcaption class=\"wp-element-caption\">Apr\u00e8s 10 min&#8230;<\/figcaption><\/figure>\n\n\n\n<figure class=\"wp-block-image size-large\"><img loading=\"lazy\" decoding=\"async\" width=\"482\" height=\"648\" data-id=\"18735\" src=\"https:\/\/maths-olympiques.fr\/wp-content\/uploads\/2026\/03\/Screenshot-2026-03-21-at-10.40.00.png\" alt=\"\" class=\"wp-image-18735\" srcset=\"https:\/\/maths-olympiques.fr\/wp-content\/uploads\/2026\/03\/Screenshot-2026-03-21-at-10.40.00.png 482w, https:\/\/maths-olympiques.fr\/wp-content\/uploads\/2026\/03\/Screenshot-2026-03-21-at-10.40.00-223x300.png 223w\" sizes=\"auto, (max-width: 482px) 100vw, 482px\" \/><figcaption class=\"wp-element-caption\">Apr\u00e8s une heure&#8230;<\/figcaption><\/figure>\n<figcaption class=\"blocks-gallery-caption wp-element-caption\">Ici le but est plus simple \u00e0 comprendre : on vout paver un rectangle avec des rectangles. Si vous voulez conna\u00eetre les dimensions exactes, demandez \u00e0 Ruirong, elle les a toutes not\u00e9es pour essayer de r\u00e9soudre ce pavage.<\/figcaption><\/figure>\n\n\n\n<figure class=\"wp-block-gallery has-nested-images columns-default is-cropped wp-block-gallery-5 is-layout-flex wp-block-gallery-is-layout-flex\">\n<figure class=\"wp-block-image size-large\"><img loading=\"lazy\" decoding=\"async\" width=\"506\" height=\"680\" data-id=\"18736\" src=\"https:\/\/maths-olympiques.fr\/wp-content\/uploads\/2026\/03\/Screenshot-2026-03-21-at-10.40.11.png\" alt=\"\" class=\"wp-image-18736\" srcset=\"https:\/\/maths-olympiques.fr\/wp-content\/uploads\/2026\/03\/Screenshot-2026-03-21-at-10.40.11.png 506w, https:\/\/maths-olympiques.fr\/wp-content\/uploads\/2026\/03\/Screenshot-2026-03-21-at-10.40.11-223x300.png 223w\" sizes=\"auto, (max-width: 506px) 100vw, 506px\" \/><figcaption class=\"wp-element-caption\">Attends mais&#8230;<\/figcaption><\/figure>\n\n\n\n<figure class=\"wp-block-image size-large\"><img loading=\"lazy\" decoding=\"async\" width=\"768\" height=\"1024\" data-id=\"18726\" src=\"https:\/\/maths-olympiques.fr\/wp-content\/uploads\/2026\/03\/WhatsApp-Image-2026-03-16-at-18.16.56-1-768x1024.jpeg\" alt=\"\" class=\"wp-image-18726\" srcset=\"https:\/\/maths-olympiques.fr\/wp-content\/uploads\/2026\/03\/WhatsApp-Image-2026-03-16-at-18.16.56-1-768x1024.jpeg 768w, https:\/\/maths-olympiques.fr\/wp-content\/uploads\/2026\/03\/WhatsApp-Image-2026-03-16-at-18.16.56-1-225x300.jpeg 225w, https:\/\/maths-olympiques.fr\/wp-content\/uploads\/2026\/03\/WhatsApp-Image-2026-03-16-at-18.16.56-1-1152x1536.jpeg 1152w, https:\/\/maths-olympiques.fr\/wp-content\/uploads\/2026\/03\/WhatsApp-Image-2026-03-16-at-18.16.56-1.jpeg 1536w\" sizes=\"auto, (max-width: 706px) 89vw, (max-width: 767px) 82vw, 740px\" \/><figcaption class=\"wp-element-caption\">Yessss !!<\/figcaption><\/figure>\n<figcaption class=\"blocks-gallery-caption wp-element-caption\">Et ce apr\u00e8s seulement 1h30 mesdames et messieurs !<\/figcaption><\/figure>\n\n\n\n<p>Ces probl\u00e8mes sont pr\u00e9sent\u00e9s dans ce mus\u00e9e car leur r\u00e9solution sert lors  de la construction de puces \u00e9lectroniques : les rectangles repr\u00e9sentent les diff\u00e9rentes parties de la puce qu&#8217;il faut faire rentrer dans le moins de place possible, et l&#8217;arbre de Steiner repr\u00e9sente les fils \u00e9lectriques n\u00e9cessaires pour connecter ces composants entre eux, et on a \u00e9galement envie de d\u00e9penser le moins de place possible pour \u00e7a.<\/p>\n\n\n\n<p>On ach\u00e8te un d\u00e9jeuner dans une boulangerie avec un allemand tr\u00e8s improvis\u00e9, puis c&#8217;est parti pour un tour de Bonn !<\/p>\n\n\n\n<figure class=\"wp-block-image size-large is-resized\"><img loading=\"lazy\" decoding=\"async\" width=\"1024\" height=\"768\" src=\"https:\/\/maths-olympiques.fr\/wp-content\/uploads\/2026\/03\/WhatsApp-Image-2026-03-16-at-18.16.56-2-1024x768.jpeg\" alt=\"\" class=\"wp-image-18725\" style=\"width:539px;height:auto\" srcset=\"https:\/\/maths-olympiques.fr\/wp-content\/uploads\/2026\/03\/WhatsApp-Image-2026-03-16-at-18.16.56-2-1024x768.jpeg 1024w, https:\/\/maths-olympiques.fr\/wp-content\/uploads\/2026\/03\/WhatsApp-Image-2026-03-16-at-18.16.56-2-300x225.jpeg 300w, https:\/\/maths-olympiques.fr\/wp-content\/uploads\/2026\/03\/WhatsApp-Image-2026-03-16-at-18.16.56-2-768x576.jpeg 768w, https:\/\/maths-olympiques.fr\/wp-content\/uploads\/2026\/03\/WhatsApp-Image-2026-03-16-at-18.16.56-2-1536x1152.jpeg 1536w, https:\/\/maths-olympiques.fr\/wp-content\/uploads\/2026\/03\/WhatsApp-Image-2026-03-16-at-18.16.56-2.jpeg 2048w\" sizes=\"auto, (max-width: 706px) 89vw, (max-width: 767px) 82vw, 740px\" \/><figcaption class=\"wp-element-caption\">Beethoven (en arri\u00e8re plan) est n\u00e9 \u00e0 Bonn, alors il y a une statue de lui \u00e0 Bonn.<\/figcaption><\/figure>\n\n\n\n<figure class=\"wp-block-image size-large is-resized\"><img loading=\"lazy\" decoding=\"async\" width=\"1024\" height=\"768\" src=\"https:\/\/maths-olympiques.fr\/wp-content\/uploads\/2026\/03\/WhatsApp-Image-2026-03-16-at-18.16.57-1024x768.jpeg\" alt=\"\" class=\"wp-image-18724\" style=\"width:550px;height:auto\" srcset=\"https:\/\/maths-olympiques.fr\/wp-content\/uploads\/2026\/03\/WhatsApp-Image-2026-03-16-at-18.16.57-1024x768.jpeg 1024w, https:\/\/maths-olympiques.fr\/wp-content\/uploads\/2026\/03\/WhatsApp-Image-2026-03-16-at-18.16.57-300x225.jpeg 300w, https:\/\/maths-olympiques.fr\/wp-content\/uploads\/2026\/03\/WhatsApp-Image-2026-03-16-at-18.16.57-768x576.jpeg 768w, https:\/\/maths-olympiques.fr\/wp-content\/uploads\/2026\/03\/WhatsApp-Image-2026-03-16-at-18.16.57-1536x1152.jpeg 1536w, https:\/\/maths-olympiques.fr\/wp-content\/uploads\/2026\/03\/WhatsApp-Image-2026-03-16-at-18.16.57.jpeg 2048w\" sizes=\"auto, (max-width: 706px) 89vw, (max-width: 767px) 82vw, 740px\" \/><figcaption class=\"wp-element-caption\">Moment de culture g\u00e9ographique : quel est ce fleuve ?<\/figcaption><\/figure>\n\n\n\n<figure class=\"wp-block-image size-large\"><img loading=\"lazy\" decoding=\"async\" width=\"1024\" height=\"505\" src=\"https:\/\/maths-olympiques.fr\/wp-content\/uploads\/2026\/03\/Screenshot-2026-03-21-at-10.47.27-1024x505.png\" alt=\"\" class=\"wp-image-18737\" srcset=\"https:\/\/maths-olympiques.fr\/wp-content\/uploads\/2026\/03\/Screenshot-2026-03-21-at-10.47.27-1024x505.png 1024w, https:\/\/maths-olympiques.fr\/wp-content\/uploads\/2026\/03\/Screenshot-2026-03-21-at-10.47.27-300x148.png 300w, https:\/\/maths-olympiques.fr\/wp-content\/uploads\/2026\/03\/Screenshot-2026-03-21-at-10.47.27-768x379.png 768w, https:\/\/maths-olympiques.fr\/wp-content\/uploads\/2026\/03\/Screenshot-2026-03-21-at-10.47.27.png 1240w\" sizes=\"auto, (max-width: 706px) 89vw, (max-width: 767px) 82vw, 740px\" \/><\/figure>\n\n\n\n<p>Tout \u00e0 droite du panorama ci-dessus se trouve l&#8217;ancien parlement de l&#8217;Allemagne de l&#8217;Ouest, puisque Bonn en \u00e9tait la capitale. Dans les collines qu&#8217;on voit au loin \u00e0 droite se trouvent les quelques h\u00f4tels dans lesquels les dignitaires \u00e9trangers \u00e9taient re\u00e7us lorsqu&#8217;ils \u00e9taient en visite en Allemagne (de l&#8217;Ouest donc). Bonn est une assez petite ville donc le quartier du parlement etc n&#8217;est pas si loin que \u00e7a mais nous n&#8217;avons n\u00e9anmoins pas le temps d&#8217;y aller avant notre train.<\/p>\n\n\n\n<p>J&#8217;ai trouv\u00e9 qu&#8217;\u00e0 l&#8217;aller tout s&#8217;\u00e9tait un peu trop bien pass\u00e9, donc pour faire profiter \u00e0 nos \u00e9l\u00e8ves la v\u00e9ritable exp\u00e9rience des trains allemands j&#8217;ai soudoy\u00e9 le chef de gare pour que le train r\u00e9gional que nous devions prendre pour aller \u00e0 Cologne ait <em>50 min<\/em> de retard. Heureusement, nous avions pris 40 min d&#8217;avance avec des trains de backup, si bien que c&#8217;est le train pr\u00e9vu apr\u00e8s qui est arriv\u00e9 avant et nous a emmen\u00e9s \u00e0 Cologne. Avec 5 minutes de changement restant \u00e0 Cologne nous courons vers le quai de notre train&#8230; pour derri\u00e8re attendre 30 min avant que celui-ci daigne pointer le bout de son nez.<\/p>\n\n\n\n<figure class=\"wp-block-image size-large is-resized\"><img loading=\"lazy\" decoding=\"async\" width=\"768\" height=\"1024\" src=\"https:\/\/maths-olympiques.fr\/wp-content\/uploads\/2026\/03\/WhatsApp-Image-2026-03-16-at-18.16.58-768x1024.jpeg\" alt=\"\" class=\"wp-image-18723\" style=\"aspect-ratio:0.750008693535487;width:551px;height:auto\" srcset=\"https:\/\/maths-olympiques.fr\/wp-content\/uploads\/2026\/03\/WhatsApp-Image-2026-03-16-at-18.16.58-768x1024.jpeg 768w, https:\/\/maths-olympiques.fr\/wp-content\/uploads\/2026\/03\/WhatsApp-Image-2026-03-16-at-18.16.58-225x300.jpeg 225w, https:\/\/maths-olympiques.fr\/wp-content\/uploads\/2026\/03\/WhatsApp-Image-2026-03-16-at-18.16.58-1152x1536.jpeg 1152w, https:\/\/maths-olympiques.fr\/wp-content\/uploads\/2026\/03\/WhatsApp-Image-2026-03-16-at-18.16.58.jpeg 1536w\" sizes=\"auto, (max-width: 706px) 89vw, (max-width: 767px) 82vw, 740px\" \/><figcaption class=\"wp-element-caption\">\u00c0 quoi pourraient-elles bien jouer ?<\/figcaption><\/figure>\n\n\n\n<p>Les adieux \u00e0 Gare du Nord sont h\u00e2tifs, car une correspondance \u00e0 Gare de Lyon se fait attendre, surtout avec le retard de notre train. <\/p>\n\n\n\n<p>C&#8217;est ainsi que se finit notre aventure, mais ce n&#8217;est que pour mieux se retrouver, lors de l&#8217;EGMO qui aura lieu d\u00e9but avril ! N&#8217;h\u00e9sitez pas \u00e0 suivre attentivement cette aventure \u00e9galement si vous avez appr\u00e9ci\u00e9 celle-l\u00e0 !<\/p>\n\n\n\n<p><\/p>\n","protected":false},"excerpt":{"rendered":"<p>Comme l&#8217;an dernier, un stage de pr\u00e9paration \u00e0 l&#8217;EGMO est organis\u00e9 pour r\u00e9unir diff\u00e9rentes pr\u00e9parations dans un moment convivial. Contrairement \u00e0 l&#8217;an dernier, ce stage se d\u00e9roule en Allemagne et non en Suisse, \u00e0 Bonn. Voici les aventures fantasmagoriques v\u00e9cues par notre \u00e9quipe de choc lors de ce stage !<\/p>\n","protected":false},"author":23,"featured_media":0,"comment_status":"closed","ping_status":"closed","sticky":false,"template":"","format":"standard","meta":{"footnotes":""},"categories":[2,3],"tags":[],"class_list":["post-18573","post","type-post","status-publish","format-standard","hentry","category-toutes_les_news","category-imo_etc"],"_links":{"self":[{"href":"https:\/\/maths-olympiques.fr\/index.php?rest_route=\/wp\/v2\/posts\/18573","targetHints":{"allow":["GET"]}}],"collection":[{"href":"https:\/\/maths-olympiques.fr\/index.php?rest_route=\/wp\/v2\/posts"}],"about":[{"href":"https:\/\/maths-olympiques.fr\/index.php?rest_route=\/wp\/v2\/types\/post"}],"author":[{"embeddable":true,"href":"https:\/\/maths-olympiques.fr\/index.php?rest_route=\/wp\/v2\/users\/23"}],"replies":[{"embeddable":true,"href":"https:\/\/maths-olympiques.fr\/index.php?rest_route=%2Fwp%2Fv2%2Fcomments&post=18573"}],"version-history":[{"count":6,"href":"https:\/\/maths-olympiques.fr\/index.php?rest_route=\/wp\/v2\/posts\/18573\/revisions"}],"predecessor-version":[{"id":18740,"href":"https:\/\/maths-olympiques.fr\/index.php?rest_route=\/wp\/v2\/posts\/18573\/revisions\/18740"}],"wp:attachment":[{"href":"https:\/\/maths-olympiques.fr\/index.php?rest_route=%2Fwp%2Fv2%2Fmedia&parent=18573"}],"wp:term":[{"taxonomy":"category","embeddable":true,"href":"https:\/\/maths-olympiques.fr\/index.php?rest_route=%2Fwp%2Fv2%2Fcategories&post=18573"},{"taxonomy":"post_tag","embeddable":true,"href":"https:\/\/maths-olympiques.fr\/index.php?rest_route=%2Fwp%2Fv2%2Ftags&post=18573"}],"curies":[{"name":"wp","href":"https:\/\/api.w.org\/{rel}","templated":true}]}}