{"id":16275,"date":"2025-05-20T01:39:49","date_gmt":"2025-05-19T23:39:49","guid":{"rendered":"https:\/\/maths-olympiques.fr\/?p=16275"},"modified":"2025-05-23T21:34:19","modified_gmt":"2025-05-23T19:34:19","slug":"a-oslo-pour-la-remise-du-prix-abel-2025","status":"publish","type":"post","link":"https:\/\/maths-olympiques.fr\/?p=16275","title":{"rendered":"A Oslo pour la remise du Prix Abel 2025"},"content":{"rendered":"\n<blockquote class=\"wp-block-quote is-layout-flow wp-block-quote-is-layout-flow\">\n<p>Comme l&#8217;an dernier, 5 \u00e9l\u00e8ves de la POFM sont invit\u00e9s \u00e0 la semaine d&#8217;\u00e9v\u00e9nements organis\u00e9e par l&#8217;Acad\u00e9mie de Norv\u00e8ge des Sciences et Lettres, \u00e0 Oslo, \u00e0 l&#8217;occasion de la remise du <a href=\"https:\/\/abelprize.no\/\" data-type=\"link\" data-id=\"https:\/\/abelprize.no\/\">Prix Abel<\/a>. Ce sont pour cette \u00e9dition Maxime Chevalier, Pierre Akin D\u00fcrr\u00fcoglu, David Lei, Ruirong Li et Margot Sur&#8211;Cortier qui participent \u00e0 cet \u00e9v\u00e9nement, avec Aline Cahuzac au reportage illustr\u00e9.<\/p>\n<\/blockquote>\n\n\n\n<!--more-->\n\n\n\n<h2 class=\"wp-block-heading\">Dimanche 18 mai &#8211; rendez-vous d&#8217;a\u00e9roports<\/h2>\n\n\n\n<p>D&#8217;o\u00f9 peut-on venir un dimanche midi pour se retrouver \u00e0 l&#8217;a\u00e9roport de Paris Orly ? Margot arrive par train de Nancy, David interrompt ses vacances, Aline sort aussi tout juste d&#8217;un train de nuit, mais tout le monde est \u00e0 peu pr\u00e8s \u00e0 l&#8217;heure (placement de produit au b\u00e9n\u00e9fice de la ligne 14).<\/p>\n\n\n\n<p>Notre avion, lui, ne l&#8217;est pas tout \u00e0 fait, ce qui commence par un changement de porte d&#8217;embarquement, un embarquement tr\u00e8s lent, puis un temps interminable pour &#8220;nettoyer la soute suite \u00e0 la rupture d&#8217;un flacon d&#8217;alcool sur le vol pr\u00e9c\u00e9dent&#8221;. 45 minutes plus tard, le pilote nous annonce avec assurance que nous d\u00e9collons enfin pour de bon (avec une soute r\u00e9cur\u00e9e au coton-tige certainement) pour Copenhague. Les passagers se r\u00e9crient bruyamment et le pilote change d&#8217;avis, nous allons plut\u00f4t \u00e0 Oslo, ce qui nous convient mieux.<\/p>\n\n\n\n<figure class=\"wp-block-gallery has-nested-images columns-default is-cropped wp-block-gallery-1 is-layout-flex wp-block-gallery-is-layout-flex\">\n<figure class=\"wp-block-image size-large\"><img loading=\"lazy\" decoding=\"async\" width=\"1024\" height=\"915\" data-id=\"16285\" src=\"https:\/\/maths-olympiques.fr\/wp-content\/uploads\/2025\/05\/P1200418-1024x915.jpg\" alt=\"\" class=\"wp-image-16285\" srcset=\"https:\/\/maths-olympiques.fr\/wp-content\/uploads\/2025\/05\/P1200418-1024x915.jpg 1024w, https:\/\/maths-olympiques.fr\/wp-content\/uploads\/2025\/05\/P1200418-300x268.jpg 300w, https:\/\/maths-olympiques.fr\/wp-content\/uploads\/2025\/05\/P1200418-768x687.jpg 768w, https:\/\/maths-olympiques.fr\/wp-content\/uploads\/2025\/05\/P1200418-1536x1373.jpg 1536w, https:\/\/maths-olympiques.fr\/wp-content\/uploads\/2025\/05\/P1200418-2048x1831.jpg 2048w\" sizes=\"auto, (max-width: 706px) 89vw, (max-width: 767px) 82vw, 740px\" \/><figcaption class=\"wp-element-caption\">Aucun bagage de perdu !<\/figcaption><\/figure>\n\n\n\n<figure class=\"wp-block-image size-large\"><img loading=\"lazy\" decoding=\"async\" width=\"1024\" height=\"768\" data-id=\"16284\" src=\"https:\/\/maths-olympiques.fr\/wp-content\/uploads\/2025\/05\/P1200420-1024x768.jpg\" alt=\"\" class=\"wp-image-16284\" srcset=\"https:\/\/maths-olympiques.fr\/wp-content\/uploads\/2025\/05\/P1200420-1024x768.jpg 1024w, https:\/\/maths-olympiques.fr\/wp-content\/uploads\/2025\/05\/P1200420-300x225.jpg 300w, https:\/\/maths-olympiques.fr\/wp-content\/uploads\/2025\/05\/P1200420-768x576.jpg 768w, https:\/\/maths-olympiques.fr\/wp-content\/uploads\/2025\/05\/P1200420-1536x1152.jpg 1536w, https:\/\/maths-olympiques.fr\/wp-content\/uploads\/2025\/05\/P1200420-2048x1536.jpg 2048w\" sizes=\"auto, (max-width: 706px) 89vw, (max-width: 767px) 82vw, 740px\" \/><figcaption class=\"wp-element-caption\">Couverture de notre prochain album de rock<\/figcaption><\/figure>\n<\/figure>\n\n\n\n<p>Bien qu&#8217;il ait annonc\u00e9 un rattrapage du retard en vol, 35 des 45 minutes de retard ont surv\u00e9cu quand nous atterrissons, apr\u00e8s une petite s\u00e9ance de turbulo-th\u00e9rapie au son d\u00e9lassant du bip-bip-bip d&#8217;une alarme qui a un certain sens de l&#8217;\u00e0 propos. Nous retrouvons la valise de Ruirong, et Akin nous trouve rapidement au milieu du flot de passagers ; il est arriv\u00e9 de Bruxelles juste avant nous. Jusqu&#8217;ici, la seule victime du trajet fut le flacon de shampoing de David qui, sur les bons conseils d&#8217;un employ\u00e9 de l&#8217;a\u00e9roport, a tent\u00e9 de frauder la limite de volume au contr\u00f4le des bagages. Il ne s&#8217;est pas fait prendre le moins du monde, mais le contr\u00f4leur a d\u00fb trouver le shampoing \u00e0 son go\u00fbt puisque le flacon a \u00e9t\u00e9 simplement kidnapp\u00e9 par la machine sans laisser de trace.<\/p>\n\n\n\n<figure class=\"wp-block-gallery has-nested-images columns-default is-cropped wp-block-gallery-2 is-layout-flex wp-block-gallery-is-layout-flex\">\n<figure class=\"wp-block-image size-large\"><img loading=\"lazy\" decoding=\"async\" width=\"1024\" height=\"768\" data-id=\"16286\" src=\"https:\/\/maths-olympiques.fr\/wp-content\/uploads\/2025\/05\/P1200421-1024x768.jpg\" alt=\"\" class=\"wp-image-16286\" srcset=\"https:\/\/maths-olympiques.fr\/wp-content\/uploads\/2025\/05\/P1200421-1024x768.jpg 1024w, https:\/\/maths-olympiques.fr\/wp-content\/uploads\/2025\/05\/P1200421-300x225.jpg 300w, https:\/\/maths-olympiques.fr\/wp-content\/uploads\/2025\/05\/P1200421-768x576.jpg 768w, https:\/\/maths-olympiques.fr\/wp-content\/uploads\/2025\/05\/P1200421-1536x1152.jpg 1536w, https:\/\/maths-olympiques.fr\/wp-content\/uploads\/2025\/05\/P1200421-2048x1536.jpg 2048w\" sizes=\"auto, (max-width: 706px) 89vw, (max-width: 767px) 82vw, 740px\" \/><figcaption class=\"wp-element-caption\">Baignade ?<\/figcaption><\/figure>\n\n\n\n<figure class=\"wp-block-image size-large\"><img loading=\"lazy\" decoding=\"async\" width=\"1024\" height=\"768\" data-id=\"16287\" src=\"https:\/\/maths-olympiques.fr\/wp-content\/uploads\/2025\/05\/P1200426-1024x768.jpg\" alt=\"\" class=\"wp-image-16287\" srcset=\"https:\/\/maths-olympiques.fr\/wp-content\/uploads\/2025\/05\/P1200426-1024x768.jpg 1024w, https:\/\/maths-olympiques.fr\/wp-content\/uploads\/2025\/05\/P1200426-300x225.jpg 300w, https:\/\/maths-olympiques.fr\/wp-content\/uploads\/2025\/05\/P1200426-768x576.jpg 768w, https:\/\/maths-olympiques.fr\/wp-content\/uploads\/2025\/05\/P1200426-1536x1152.jpg 1536w, https:\/\/maths-olympiques.fr\/wp-content\/uploads\/2025\/05\/P1200426-2048x1536.jpg 2048w\" sizes=\"auto, (max-width: 706px) 89vw, (max-width: 767px) 82vw, 740px\" \/><figcaption class=\"wp-element-caption\">On se croirait sur un yacht mais on bouge un peu moins.<\/figcaption><\/figure>\n<\/figure>\n\n\n\n<p>Notre h\u00f4tel nous accueille au bout d&#8217;un petit trajet de Flytoget (&#8220;c&#8217;est comme le RER B mais grand, propre, confortable et sans les passagers ni les 36 arr\u00eats&#8221;) et une travers\u00e9e des jardins du Palais royal. D&#8217;o\u00f9 le Smarthotel tire-t-il son nom ? Est-il &#8220;smart&#8221; comme la tablette (tr\u00e8s peu patiente) de la r\u00e9ception ? &#8220;Smart&#8221; comme la voiture qui fait \u00e0 peu pr\u00e8s la taille de nos chambres ?<\/p>\n\n\n\n<figure class=\"wp-block-gallery has-nested-images columns-default is-cropped wp-block-gallery-3 is-layout-flex wp-block-gallery-is-layout-flex\">\n<figure class=\"wp-block-image size-large\"><img loading=\"lazy\" decoding=\"async\" width=\"1024\" height=\"768\" data-id=\"16291\" src=\"https:\/\/maths-olympiques.fr\/wp-content\/uploads\/2025\/05\/P1200427-1024x768.jpg\" alt=\"\" class=\"wp-image-16291\" srcset=\"https:\/\/maths-olympiques.fr\/wp-content\/uploads\/2025\/05\/P1200427-1024x768.jpg 1024w, https:\/\/maths-olympiques.fr\/wp-content\/uploads\/2025\/05\/P1200427-300x225.jpg 300w, https:\/\/maths-olympiques.fr\/wp-content\/uploads\/2025\/05\/P1200427-768x576.jpg 768w, https:\/\/maths-olympiques.fr\/wp-content\/uploads\/2025\/05\/P1200427-1536x1152.jpg 1536w, https:\/\/maths-olympiques.fr\/wp-content\/uploads\/2025\/05\/P1200427-2048x1536.jpg 2048w\" sizes=\"auto, (max-width: 706px) 89vw, (max-width: 767px) 82vw, 740px\" \/><figcaption class=\"wp-element-caption\">Le soleil va-t-il finir par se coucher ?<\/figcaption><\/figure>\n\n\n\n<figure class=\"wp-block-image size-large\"><img loading=\"lazy\" decoding=\"async\" width=\"1024\" height=\"720\" data-id=\"16290\" src=\"https:\/\/maths-olympiques.fr\/wp-content\/uploads\/2025\/05\/P1200428-1024x720.jpg\" alt=\"\" class=\"wp-image-16290\" srcset=\"https:\/\/maths-olympiques.fr\/wp-content\/uploads\/2025\/05\/P1200428-1024x720.jpg 1024w, https:\/\/maths-olympiques.fr\/wp-content\/uploads\/2025\/05\/P1200428-300x211.jpg 300w, https:\/\/maths-olympiques.fr\/wp-content\/uploads\/2025\/05\/P1200428-768x540.jpg 768w, https:\/\/maths-olympiques.fr\/wp-content\/uploads\/2025\/05\/P1200428-1536x1080.jpg 1536w, https:\/\/maths-olympiques.fr\/wp-content\/uploads\/2025\/05\/P1200428-2048x1440.jpg 2048w\" sizes=\"auto, (max-width: 706px) 89vw, (max-width: 767px) 82vw, 740px\" \/><figcaption class=\"wp-element-caption\">Le parlement d&#8217;Oslo et sa fa\u00e7ade toute neuve<\/figcaption><\/figure>\n\n\n\n<figure class=\"wp-block-image size-large\"><img loading=\"lazy\" decoding=\"async\" width=\"1024\" height=\"866\" data-id=\"16289\" src=\"https:\/\/maths-olympiques.fr\/wp-content\/uploads\/2025\/05\/P1200431-1024x866.jpg\" alt=\"\" class=\"wp-image-16289\" srcset=\"https:\/\/maths-olympiques.fr\/wp-content\/uploads\/2025\/05\/P1200431-1024x866.jpg 1024w, https:\/\/maths-olympiques.fr\/wp-content\/uploads\/2025\/05\/P1200431-300x254.jpg 300w, https:\/\/maths-olympiques.fr\/wp-content\/uploads\/2025\/05\/P1200431-768x649.jpg 768w, https:\/\/maths-olympiques.fr\/wp-content\/uploads\/2025\/05\/P1200431-1536x1298.jpg 1536w, https:\/\/maths-olympiques.fr\/wp-content\/uploads\/2025\/05\/P1200431-2048x1731.jpg 2048w\" sizes=\"auto, (max-width: 706px) 89vw, (max-width: 767px) 82vw, 740px\" \/><figcaption class=\"wp-element-caption\">Une des innombrables bizarreries artistiques du coin<\/figcaption><\/figure>\n<\/figure>\n\n\n\n<p>En d\u00e9pit du grand Soleil de milieu d&#8217;apr\u00e8s-midi dehors, il se fait tard et l&#8217;heure est venue d&#8217;aller chercher \u00e0 d\u00eener. La f\u00eate nationale de la veille a d\u00fb se terminer tard, puisque les rues sont absolument vides, le calme r\u00e8gne, de petits drapeaux norv\u00e9giens pendent et surgissent de partout, les restaurants sont soit ferm\u00e9s soit d\u00e9serts. Nous optons en tout cas pour un banquet \u00e0 emporter dans un restaurant indien bien not\u00e9 (et d\u00e9sert). Une dame d&#8217;une grande amabilit\u00e9 tente de d\u00e9courager Akin de prendre un plat sur\u00e9pic\u00e9, mais il gagne et on nous sert \u00e0 boire en pr\u00e9vision de l&#8217;incendie, certainement. Nous allons pique-niquer au bout d&#8217;une petite jet\u00e9e dans le port, face au Fjord qui \u00e9voque \u00e0 la fois une mer et un lac, mais fait un tr\u00e8s beau paysage de soleil couchant.<\/p>\n\n\n\n<h2 class=\"wp-block-heading\">Lundi 19 mai &#8211; o\u00f9 l&#8217;on rencontre Masaki Kashiwara<\/h2>\n\n\n\n<p>Lorsque le premier rendez-vous de la journ\u00e9e est \u00e0 10h30, il y a trois types de personnes :<\/p>\n\n\n\n<ul class=\"wp-block-list\">\n<li>&#8220;Chic, j&#8217;ai le temps pour travailler !&#8221;<\/li>\n\n\n\n<li>&#8220;Chic, j&#8217;ai le temps pour un footing !&#8221;<\/li>\n\n\n\n<li>&#8220;Si le petit-d\u00e9jeuner ferme \u00e0 10h, c&#8217;est que l&#8217;on peut arriver \u00e0 9h59 n&#8217;est-ce pas ?&#8221;<\/li>\n<\/ul>\n\n\n\n<p>Nous laissons le lecteur identifier quel groupe correspond \u00e0 qui.<\/p>\n\n\n\n<p>A 10h30, d\u00e9part avec les \u00e9quipes Hongroises et Allemandes pour la Oslo Katedralskole, o\u00f9 est remis le prix Holmboe. Ce monsieur fut le jeune et g\u00e9nial professeur du plus jeune et g\u00e9nial encore N. H. Abel, donc, logiquement, le prix en son nom r\u00e9compense le meilleur enseignant de math\u00e9matiques de Norv\u00e8ge, les candidatures \u00e9tant port\u00e9es par les \u00e9l\u00e8ves et coll\u00e8gues. La c\u00e9r\u00e9monie fait beaucoup participer les \u00e9l\u00e8ves du lyc\u00e9e, qui font l&#8217;animation, la musique&#8230; Nous y rencontrons aussi le r\u00e9cipiendaire du prix Abel, le japonais Masaki Kashiwara, qui remet \u00e0  Margot, au nom de l&#8217;\u00e9quipe, le roman <em>Fermat&#8217;s Last Theorem<\/em>.<\/p>\n\n\n\n<figure class=\"wp-block-gallery has-nested-images columns-default is-cropped wp-block-gallery-4 is-layout-flex wp-block-gallery-is-layout-flex\">\n<figure class=\"wp-block-image size-large\"><img loading=\"lazy\" decoding=\"async\" width=\"1024\" height=\"768\" data-id=\"16293\" src=\"https:\/\/maths-olympiques.fr\/wp-content\/uploads\/2025\/05\/P1200434-1024x768.jpg\" alt=\"\" class=\"wp-image-16293\" srcset=\"https:\/\/maths-olympiques.fr\/wp-content\/uploads\/2025\/05\/P1200434-1024x768.jpg 1024w, https:\/\/maths-olympiques.fr\/wp-content\/uploads\/2025\/05\/P1200434-300x225.jpg 300w, https:\/\/maths-olympiques.fr\/wp-content\/uploads\/2025\/05\/P1200434-768x576.jpg 768w, https:\/\/maths-olympiques.fr\/wp-content\/uploads\/2025\/05\/P1200434-1536x1152.jpg 1536w, https:\/\/maths-olympiques.fr\/wp-content\/uploads\/2025\/05\/P1200434-2048x1536.jpg 2048w\" sizes=\"auto, (max-width: 706px) 89vw, (max-width: 767px) 82vw, 740px\" \/><figcaption class=\"wp-element-caption\">Accueil avec un certain dech\u0153urum<\/figcaption><\/figure>\n\n\n\n<figure class=\"wp-block-image size-large\"><img loading=\"lazy\" decoding=\"async\" width=\"1024\" height=\"768\" data-id=\"16294\" src=\"https:\/\/maths-olympiques.fr\/wp-content\/uploads\/2025\/05\/P1200445-1024x768.jpg\" alt=\"\" class=\"wp-image-16294\" srcset=\"https:\/\/maths-olympiques.fr\/wp-content\/uploads\/2025\/05\/P1200445-1024x768.jpg 1024w, https:\/\/maths-olympiques.fr\/wp-content\/uploads\/2025\/05\/P1200445-300x225.jpg 300w, https:\/\/maths-olympiques.fr\/wp-content\/uploads\/2025\/05\/P1200445-768x576.jpg 768w, https:\/\/maths-olympiques.fr\/wp-content\/uploads\/2025\/05\/P1200445-1536x1152.jpg 1536w, https:\/\/maths-olympiques.fr\/wp-content\/uploads\/2025\/05\/P1200445-2048x1536.jpg 2048w\" sizes=\"auto, (max-width: 706px) 89vw, (max-width: 767px) 82vw, 740px\" \/><figcaption class=\"wp-element-caption\">Oh, chic, un roman de maths, quel bonheur !<\/figcaption><\/figure>\n<\/figure>\n\n\n\n<p>Nous attendons ensuite un bus qui doit nous emmener au Norwegian Computing Center. Une lyc\u00e9enne s&#8217;avise de sympathiser avec nous mais nous avons mutuellement un mal fou \u00e0 comprendre un mot de temps \u00e0 autre, ce qui cr\u00e9e de gros fous rires de g\u00eane. De ce que nous comprenons : il y a beaucoup de fran\u00e7ais (3) dans sa classe, on n&#8217;aime pas les fran\u00e7ais en Norv\u00e8ge, souffrons-nous beaucoup de discrimination anti-fran\u00e7ais ? que voudrions-nous visiter \u00e0 Oso, a-t-on la moindre id\u00e9e de l\u00e0 o\u00f9 l&#8217;on va ? Ce dialogue aimablement surr\u00e9aliste prend fin quand Eirik nous dirige vers le m\u00e9tro faute de bus escompt\u00e9.<\/p>\n\n\n\n<figure class=\"wp-block-gallery has-nested-images columns-default is-cropped wp-block-gallery-5 is-layout-flex wp-block-gallery-is-layout-flex\">\n<figure class=\"wp-block-image size-large\"><img loading=\"lazy\" decoding=\"async\" width=\"1024\" height=\"768\" data-id=\"16295\" src=\"https:\/\/maths-olympiques.fr\/wp-content\/uploads\/2025\/05\/P1200447-1024x768.jpg\" alt=\"\" class=\"wp-image-16295\" srcset=\"https:\/\/maths-olympiques.fr\/wp-content\/uploads\/2025\/05\/P1200447-1024x768.jpg 1024w, https:\/\/maths-olympiques.fr\/wp-content\/uploads\/2025\/05\/P1200447-300x225.jpg 300w, https:\/\/maths-olympiques.fr\/wp-content\/uploads\/2025\/05\/P1200447-768x576.jpg 768w, https:\/\/maths-olympiques.fr\/wp-content\/uploads\/2025\/05\/P1200447-1536x1152.jpg 1536w, https:\/\/maths-olympiques.fr\/wp-content\/uploads\/2025\/05\/P1200447-2048x1536.jpg 2048w\" sizes=\"auto, (max-width: 706px) 89vw, (max-width: 767px) 82vw, 740px\" \/><figcaption class=\"wp-element-caption\">Elles poussent bien vos tomates ?<\/figcaption><\/figure>\n\n\n\n<figure class=\"wp-block-image size-large\"><img loading=\"lazy\" decoding=\"async\" width=\"768\" height=\"1024\" data-id=\"16296\" src=\"https:\/\/maths-olympiques.fr\/wp-content\/uploads\/2025\/05\/P1200450-768x1024.jpg\" alt=\"\" class=\"wp-image-16296\" srcset=\"https:\/\/maths-olympiques.fr\/wp-content\/uploads\/2025\/05\/P1200450-768x1024.jpg 768w, https:\/\/maths-olympiques.fr\/wp-content\/uploads\/2025\/05\/P1200450-225x300.jpg 225w, https:\/\/maths-olympiques.fr\/wp-content\/uploads\/2025\/05\/P1200450-1152x1536.jpg 1152w, https:\/\/maths-olympiques.fr\/wp-content\/uploads\/2025\/05\/P1200450-1536x2048.jpg 1536w, https:\/\/maths-olympiques.fr\/wp-content\/uploads\/2025\/05\/P1200450-scaled.jpg 1920w\" sizes=\"auto, (max-width: 706px) 89vw, (max-width: 767px) 82vw, 740px\" \/><figcaption class=\"wp-element-caption\">Ah vous croyez que le beau temps va durer ?<\/figcaption><\/figure>\n\n\n\n<figure class=\"wp-block-image size-large\"><img loading=\"lazy\" decoding=\"async\" width=\"1024\" height=\"889\" data-id=\"16298\" src=\"https:\/\/maths-olympiques.fr\/wp-content\/uploads\/2025\/05\/P1200452-1024x889.jpg\" alt=\"\" class=\"wp-image-16298\" srcset=\"https:\/\/maths-olympiques.fr\/wp-content\/uploads\/2025\/05\/P1200452-1024x889.jpg 1024w, https:\/\/maths-olympiques.fr\/wp-content\/uploads\/2025\/05\/P1200452-300x260.jpg 300w, https:\/\/maths-olympiques.fr\/wp-content\/uploads\/2025\/05\/P1200452-768x667.jpg 768w, https:\/\/maths-olympiques.fr\/wp-content\/uploads\/2025\/05\/P1200452-1536x1333.jpg 1536w, https:\/\/maths-olympiques.fr\/wp-content\/uploads\/2025\/05\/P1200452-2048x1778.jpg 2048w\" sizes=\"auto, (max-width: 706px) 89vw, (max-width: 767px) 82vw, 740px\" \/><figcaption class=\"wp-element-caption\">Et voil\u00e0 le marteau de Thor &#8211; heu, le monument aux morts<\/figcaption><\/figure>\n\n\n\n<figure class=\"wp-block-image size-large\"><img loading=\"lazy\" decoding=\"async\" width=\"1024\" height=\"768\" data-id=\"16300\" src=\"https:\/\/maths-olympiques.fr\/wp-content\/uploads\/2025\/05\/P1200459-1024x768.jpg\" alt=\"\" class=\"wp-image-16300\" srcset=\"https:\/\/maths-olympiques.fr\/wp-content\/uploads\/2025\/05\/P1200459-1024x768.jpg 1024w, https:\/\/maths-olympiques.fr\/wp-content\/uploads\/2025\/05\/P1200459-300x225.jpg 300w, https:\/\/maths-olympiques.fr\/wp-content\/uploads\/2025\/05\/P1200459-768x576.jpg 768w, https:\/\/maths-olympiques.fr\/wp-content\/uploads\/2025\/05\/P1200459-1536x1152.jpg 1536w, https:\/\/maths-olympiques.fr\/wp-content\/uploads\/2025\/05\/P1200459-2048x1536.jpg 2048w\" sizes=\"auto, (max-width: 706px) 89vw, (max-width: 767px) 82vw, 740px\" \/><figcaption class=\"wp-element-caption\">\u0152uvre d&#8217;art en installation ou invasion extraterrestre ?<\/figcaption><\/figure>\n\n\n\n<figure class=\"wp-block-image size-large\"><img loading=\"lazy\" decoding=\"async\" width=\"1024\" height=\"566\" data-id=\"16299\" src=\"https:\/\/maths-olympiques.fr\/wp-content\/uploads\/2025\/05\/P1200461-1024x566.jpg\" alt=\"\" class=\"wp-image-16299\" srcset=\"https:\/\/maths-olympiques.fr\/wp-content\/uploads\/2025\/05\/P1200461-1024x566.jpg 1024w, https:\/\/maths-olympiques.fr\/wp-content\/uploads\/2025\/05\/P1200461-300x166.jpg 300w, https:\/\/maths-olympiques.fr\/wp-content\/uploads\/2025\/05\/P1200461-768x424.jpg 768w, https:\/\/maths-olympiques.fr\/wp-content\/uploads\/2025\/05\/P1200461-1536x849.jpg 1536w, https:\/\/maths-olympiques.fr\/wp-content\/uploads\/2025\/05\/P1200461-2048x1132.jpg 2048w\" sizes=\"auto, (max-width: 706px) 89vw, (max-width: 767px) 82vw, 740px\" \/><figcaption class=\"wp-element-caption\">On a le temps de visiter le mus\u00e9e Munch ?<\/figcaption><\/figure>\n<\/figure>\n\n\n\n<p>Le Norwegian Computing Center se trouve sur le campus de l&#8217;universit\u00e9, sous une serre qui fonctionne \u00e0 plein aujourd&#8217;hui \u00e0 midi, et o\u00f9 l&#8217;on mettrait plut\u00f4t des orangers et des palmiers que des ordinateurs. Fort heureusement, ce n&#8217;est pas un centre de calcul comme son nom pourrait l&#8217;indiquer, mais plut\u00f4t un petit centre de recherche. Un petit buffet nous attend pour d\u00e9jeuner pendant que des chercheurs nous racontent leurs travaux, qui portent sur plusieurs applications des math\u00e9matiques \u00e0 des probl\u00e8mes assez concrets : sant\u00e9, analyse d&#8217;images, <s>exploration p\u00e9troli\u00e8re<\/s> g\u00e9ologie, diverses sujets li\u00e9s \u00e0 l&#8217;IA.<\/p>\n\n\n\n<p>Il nous reste un petit temps libre avant d&#8217;aller \u00e0 la c\u00e9r\u00e9monie de d\u00e9p\u00f4t de gerbe au Monument Abel, juste le temps d&#8217;aller voir l&#8217;Op\u00e9ra et acheter des maillots de bains manquants pour la sortie baignade post-c\u00e9r\u00e9monie. Les c\u00e9r\u00e9monies sont ici courtes, minut\u00e9es et planifi\u00e9es dans les moindres d\u00e9tails, et celle-ci termine apr\u00e8s trois petits discours (presque identiques \u00e0 ceux de l&#8217;ann\u00e9e derni\u00e8re, la vie et l&#8217;\u0153uvre d&#8217;Abel n&#8217;ayant pas beaucoup chang\u00e9 entre temps), un interm\u00e8de de mini-fanfare \u00e0 trois et quelques photos avec le laur\u00e9at (qui s&#8217;y pr\u00eate de bonne gr\u00e2ce).<\/p>\n\n\n\n<figure class=\"wp-block-gallery has-nested-images columns-default is-cropped wp-block-gallery-6 is-layout-flex wp-block-gallery-is-layout-flex\">\n<figure class=\"wp-block-image size-large\"><img loading=\"lazy\" decoding=\"async\" width=\"1024\" height=\"768\" data-id=\"16301\" src=\"https:\/\/maths-olympiques.fr\/wp-content\/uploads\/2025\/05\/P1200462-1024x768.jpg\" alt=\"\" class=\"wp-image-16301\" srcset=\"https:\/\/maths-olympiques.fr\/wp-content\/uploads\/2025\/05\/P1200462-1024x768.jpg 1024w, https:\/\/maths-olympiques.fr\/wp-content\/uploads\/2025\/05\/P1200462-300x225.jpg 300w, https:\/\/maths-olympiques.fr\/wp-content\/uploads\/2025\/05\/P1200462-768x576.jpg 768w, https:\/\/maths-olympiques.fr\/wp-content\/uploads\/2025\/05\/P1200462-1536x1152.jpg 1536w, https:\/\/maths-olympiques.fr\/wp-content\/uploads\/2025\/05\/P1200462-2048x1536.jpg 2048w\" sizes=\"auto, (max-width: 706px) 89vw, (max-width: 767px) 82vw, 740px\" \/><figcaption class=\"wp-element-caption\">On a enfin trouv\u00e9 toutes les mouettes du port !<\/figcaption><\/figure>\n\n\n\n<figure class=\"wp-block-image size-large\"><img loading=\"lazy\" decoding=\"async\" width=\"1024\" height=\"768\" data-id=\"16303\" src=\"https:\/\/maths-olympiques.fr\/wp-content\/uploads\/2025\/05\/P1200463-1024x768.jpg\" alt=\"\" class=\"wp-image-16303\" srcset=\"https:\/\/maths-olympiques.fr\/wp-content\/uploads\/2025\/05\/P1200463-1024x768.jpg 1024w, https:\/\/maths-olympiques.fr\/wp-content\/uploads\/2025\/05\/P1200463-300x225.jpg 300w, https:\/\/maths-olympiques.fr\/wp-content\/uploads\/2025\/05\/P1200463-768x576.jpg 768w, https:\/\/maths-olympiques.fr\/wp-content\/uploads\/2025\/05\/P1200463-1536x1152.jpg 1536w, https:\/\/maths-olympiques.fr\/wp-content\/uploads\/2025\/05\/P1200463-2048x1536.jpg 2048w\" sizes=\"auto, (max-width: 706px) 89vw, (max-width: 767px) 82vw, 740px\" \/><figcaption class=\"wp-element-caption\">La Karl Johans Gate, les champs Elys\u00e9e locaux en gros<\/figcaption><\/figure>\n\n\n\n<figure class=\"wp-block-image size-large\"><img loading=\"lazy\" decoding=\"async\" width=\"1024\" height=\"768\" data-id=\"16304\" src=\"https:\/\/maths-olympiques.fr\/wp-content\/uploads\/2025\/05\/P1200465-1024x768.jpg\" alt=\"\" class=\"wp-image-16304\" srcset=\"https:\/\/maths-olympiques.fr\/wp-content\/uploads\/2025\/05\/P1200465-1024x768.jpg 1024w, https:\/\/maths-olympiques.fr\/wp-content\/uploads\/2025\/05\/P1200465-300x225.jpg 300w, https:\/\/maths-olympiques.fr\/wp-content\/uploads\/2025\/05\/P1200465-768x576.jpg 768w, https:\/\/maths-olympiques.fr\/wp-content\/uploads\/2025\/05\/P1200465-1536x1152.jpg 1536w, https:\/\/maths-olympiques.fr\/wp-content\/uploads\/2025\/05\/P1200465-2048x1536.jpg 2048w\" sizes=\"auto, (max-width: 706px) 89vw, (max-width: 767px) 82vw, 740px\" \/><figcaption class=\"wp-element-caption\">Ah voil\u00e0 la fameuse discrimination anti-fran\u00e7ais<\/figcaption><\/figure>\n\n\n\n<figure class=\"wp-block-image size-large\"><img loading=\"lazy\" decoding=\"async\" width=\"1024\" height=\"768\" data-id=\"16302\" src=\"https:\/\/maths-olympiques.fr\/wp-content\/uploads\/2025\/05\/P1200469-1024x768.jpg\" alt=\"\" class=\"wp-image-16302\" srcset=\"https:\/\/maths-olympiques.fr\/wp-content\/uploads\/2025\/05\/P1200469-1024x768.jpg 1024w, https:\/\/maths-olympiques.fr\/wp-content\/uploads\/2025\/05\/P1200469-300x225.jpg 300w, https:\/\/maths-olympiques.fr\/wp-content\/uploads\/2025\/05\/P1200469-768x576.jpg 768w, https:\/\/maths-olympiques.fr\/wp-content\/uploads\/2025\/05\/P1200469-1536x1152.jpg 1536w, https:\/\/maths-olympiques.fr\/wp-content\/uploads\/2025\/05\/P1200469-2048x1536.jpg 2048w\" sizes=\"auto, (max-width: 706px) 89vw, (max-width: 767px) 82vw, 740px\" \/><figcaption class=\"wp-element-caption\">&#8220;C&#8217;est s\u00fbr que c&#8217;est inspirant le Prix Abel, le laur\u00e9at a le droit \u00e0 une chaise, alors on a tr\u00e8s envie d&#8217;avoir le Prix Abel aussi&#8221;<\/figcaption><\/figure>\n<\/figure>\n\n\n\n<p>Puis direction la baignade. Nous prenons un chemin sous-optimis\u00e9 mais qui nous permet d&#8217;admirer de pr\u00e8s tous les bateaux du port puisque nous longeons les quais sur 3 kilom\u00e8tres. La plage est miniature, surtout \u00e0 cot\u00e9 de l&#8217;immense op\u00e9ra au pied duquel elle se situe, et, petite d\u00e9convenue, elle est bond\u00e9e (aujourd&#8217;hui, il y a bel et bien du monde dans les rues, et pas qu&#8217;un peu). Deuxi\u00e8me d\u00e9convenue, il y a un solide tapis moussu l&#8217;algues vert clair qui chatouille et masque l&#8217;escalier de pierre qui forme le fond. Troisi\u00e8me d\u00e9convenue, elle est bigrement froide, mes a\u00efeux.<\/p>\n\n\n\n<figure class=\"wp-block-gallery has-nested-images columns-default is-cropped wp-block-gallery-7 is-layout-flex wp-block-gallery-is-layout-flex\">\n<figure class=\"wp-block-image size-large\"><img loading=\"lazy\" decoding=\"async\" width=\"768\" height=\"1024\" data-id=\"16307\" src=\"https:\/\/maths-olympiques.fr\/wp-content\/uploads\/2025\/05\/P1200480-768x1024.jpg\" alt=\"\" class=\"wp-image-16307\" srcset=\"https:\/\/maths-olympiques.fr\/wp-content\/uploads\/2025\/05\/P1200480-768x1024.jpg 768w, https:\/\/maths-olympiques.fr\/wp-content\/uploads\/2025\/05\/P1200480-225x300.jpg 225w, https:\/\/maths-olympiques.fr\/wp-content\/uploads\/2025\/05\/P1200480-1152x1536.jpg 1152w, https:\/\/maths-olympiques.fr\/wp-content\/uploads\/2025\/05\/P1200480-1536x2048.jpg 1536w, https:\/\/maths-olympiques.fr\/wp-content\/uploads\/2025\/05\/P1200480-scaled.jpg 1920w\" sizes=\"auto, (max-width: 706px) 89vw, (max-width: 767px) 82vw, 740px\" \/><figcaption class=\"wp-element-caption\">L&#8217;impressionnant Parlement : il para\u00eet que l&#8217;IMO 2022 y a fait ses c\u00e9r\u00e9monies !<\/figcaption><\/figure>\n\n\n\n<figure class=\"wp-block-image size-large\"><img loading=\"lazy\" decoding=\"async\" width=\"1024\" height=\"927\" data-id=\"16306\" src=\"https:\/\/maths-olympiques.fr\/wp-content\/uploads\/2025\/05\/P1200477-1024x927.jpg\" alt=\"\" class=\"wp-image-16306\" srcset=\"https:\/\/maths-olympiques.fr\/wp-content\/uploads\/2025\/05\/P1200477-1024x927.jpg 1024w, https:\/\/maths-olympiques.fr\/wp-content\/uploads\/2025\/05\/P1200477-300x271.jpg 300w, https:\/\/maths-olympiques.fr\/wp-content\/uploads\/2025\/05\/P1200477-768x695.jpg 768w, https:\/\/maths-olympiques.fr\/wp-content\/uploads\/2025\/05\/P1200477-1536x1390.jpg 1536w, https:\/\/maths-olympiques.fr\/wp-content\/uploads\/2025\/05\/P1200477-2048x1853.jpg 2048w\" sizes=\"auto, (max-width: 706px) 89vw, (max-width: 767px) 82vw, 740px\" \/><\/figure>\n\n\n\n<figure class=\"wp-block-image size-large\"><img loading=\"lazy\" decoding=\"async\" width=\"1024\" height=\"768\" data-id=\"16308\" src=\"https:\/\/maths-olympiques.fr\/wp-content\/uploads\/2025\/05\/P1200484-1024x768.jpg\" alt=\"\" class=\"wp-image-16308\" srcset=\"https:\/\/maths-olympiques.fr\/wp-content\/uploads\/2025\/05\/P1200484-1024x768.jpg 1024w, https:\/\/maths-olympiques.fr\/wp-content\/uploads\/2025\/05\/P1200484-300x225.jpg 300w, https:\/\/maths-olympiques.fr\/wp-content\/uploads\/2025\/05\/P1200484-768x576.jpg 768w, https:\/\/maths-olympiques.fr\/wp-content\/uploads\/2025\/05\/P1200484-1536x1152.jpg 1536w, https:\/\/maths-olympiques.fr\/wp-content\/uploads\/2025\/05\/P1200484-2048x1536.jpg 2048w\" sizes=\"auto, (max-width: 706px) 89vw, (max-width: 767px) 82vw, 740px\" \/><figcaption class=\"wp-element-caption\">Le dress code a subtilement chang\u00e9 tout \u00e0 coup&#8230;<\/figcaption><\/figure>\n\n\n\n<figure class=\"wp-block-image size-large\"><img loading=\"lazy\" decoding=\"async\" width=\"1024\" height=\"886\" data-id=\"16305\" src=\"https:\/\/maths-olympiques.fr\/wp-content\/uploads\/2025\/05\/P1200475-1024x886.jpg\" alt=\"\" class=\"wp-image-16305\" srcset=\"https:\/\/maths-olympiques.fr\/wp-content\/uploads\/2025\/05\/P1200475-1024x886.jpg 1024w, https:\/\/maths-olympiques.fr\/wp-content\/uploads\/2025\/05\/P1200475-300x259.jpg 300w, https:\/\/maths-olympiques.fr\/wp-content\/uploads\/2025\/05\/P1200475-768x664.jpg 768w, https:\/\/maths-olympiques.fr\/wp-content\/uploads\/2025\/05\/P1200475-1536x1328.jpg 1536w, https:\/\/maths-olympiques.fr\/wp-content\/uploads\/2025\/05\/P1200475-2048x1771.jpg 2048w\" sizes=\"auto, (max-width: 706px) 89vw, (max-width: 767px) 82vw, 740px\" \/><figcaption class=\"wp-element-caption\">Photo souvenir !<\/figcaption><\/figure>\n<\/figure>\n\n\n\n<p>Qu&#8217;\u00e0 cela ne tienne, Margot qui s&#8217;est baign\u00e9e \u00e0 Dunkerke et n&#8217;a peur de rien tente l&#8217;aventure, concluant que nous avons affaire \u00e0 un cru &#8220;eau peu sal\u00e9e de port, calme, environ 14\u00b0C&#8221;. Nous rentrons apr\u00e8s ce bain vivifiant, chercher de quoi remplir nos estomacs affam\u00e9s : la pizzeria de l&#8217;ann\u00e9e derni\u00e8re est toujours ouverte, mais leur cuisine a d\u00e9m\u00e9nag\u00e9 de quelques m\u00e8tres pour travaux et leur carte est r\u00e9duite. Ceci nous rend le choix plus facile et nous repartons pour un pique-nique \u00e0 notre spot hamac-mouettes-bateaux favori.<\/p>\n\n\n\n<figure class=\"wp-block-gallery has-nested-images columns-default is-cropped wp-block-gallery-8 is-layout-flex wp-block-gallery-is-layout-flex\">\n<figure class=\"wp-block-image size-large\"><img loading=\"lazy\" decoding=\"async\" width=\"1024\" height=\"768\" data-id=\"16309\" src=\"https:\/\/maths-olympiques.fr\/wp-content\/uploads\/2025\/05\/P1200487-1024x768.jpg\" alt=\"\" class=\"wp-image-16309\" srcset=\"https:\/\/maths-olympiques.fr\/wp-content\/uploads\/2025\/05\/P1200487-1024x768.jpg 1024w, https:\/\/maths-olympiques.fr\/wp-content\/uploads\/2025\/05\/P1200487-300x225.jpg 300w, https:\/\/maths-olympiques.fr\/wp-content\/uploads\/2025\/05\/P1200487-768x576.jpg 768w, https:\/\/maths-olympiques.fr\/wp-content\/uploads\/2025\/05\/P1200487-1536x1152.jpg 1536w, https:\/\/maths-olympiques.fr\/wp-content\/uploads\/2025\/05\/P1200487-2048x1536.jpg 2048w\" sizes=\"auto, (max-width: 706px) 89vw, (max-width: 767px) 82vw, 740px\" \/><figcaption class=\"wp-element-caption\">&#8220;Vivivivvvvfiant, c&#8217;est le mot&#8221;<\/figcaption><\/figure>\n\n\n\n<figure class=\"wp-block-image size-large\"><img loading=\"lazy\" decoding=\"async\" width=\"1024\" height=\"768\" data-id=\"16311\" src=\"https:\/\/maths-olympiques.fr\/wp-content\/uploads\/2025\/05\/P1200488-1024x768.jpg\" alt=\"\" class=\"wp-image-16311\" srcset=\"https:\/\/maths-olympiques.fr\/wp-content\/uploads\/2025\/05\/P1200488-1024x768.jpg 1024w, https:\/\/maths-olympiques.fr\/wp-content\/uploads\/2025\/05\/P1200488-300x225.jpg 300w, https:\/\/maths-olympiques.fr\/wp-content\/uploads\/2025\/05\/P1200488-768x576.jpg 768w, https:\/\/maths-olympiques.fr\/wp-content\/uploads\/2025\/05\/P1200488-1536x1152.jpg 1536w, https:\/\/maths-olympiques.fr\/wp-content\/uploads\/2025\/05\/P1200488-2048x1536.jpg 2048w\" sizes=\"auto, (max-width: 706px) 89vw, (max-width: 767px) 82vw, 740px\" \/><figcaption class=\"wp-element-caption\">Quelle expression repr\u00e9sente ce dessin ?<\/figcaption><\/figure>\n\n\n\n<figure class=\"wp-block-image size-large\"><img loading=\"lazy\" decoding=\"async\" width=\"1024\" height=\"768\" data-id=\"16310\" src=\"https:\/\/maths-olympiques.fr\/wp-content\/uploads\/2025\/05\/P1200490-1024x768.jpg\" alt=\"\" class=\"wp-image-16310\" srcset=\"https:\/\/maths-olympiques.fr\/wp-content\/uploads\/2025\/05\/P1200490-1024x768.jpg 1024w, https:\/\/maths-olympiques.fr\/wp-content\/uploads\/2025\/05\/P1200490-300x225.jpg 300w, https:\/\/maths-olympiques.fr\/wp-content\/uploads\/2025\/05\/P1200490-768x576.jpg 768w, https:\/\/maths-olympiques.fr\/wp-content\/uploads\/2025\/05\/P1200490-1536x1152.jpg 1536w, https:\/\/maths-olympiques.fr\/wp-content\/uploads\/2025\/05\/P1200490-2048x1536.jpg 2048w\" sizes=\"auto, (max-width: 706px) 89vw, (max-width: 767px) 82vw, 740px\" \/><figcaption class=\"wp-element-caption\">Notre terrasse gratuite pr\u00e9f\u00e9r\u00e9e<\/figcaption><\/figure>\n<\/figure>\n\n\n\n<p>La lumi\u00e8re du soir a un don particulier pour s&#8217;\u00e9terniser ici, on a l&#8217;impression que la lumi\u00e8re se fige entre 18 et 22h, et devient propice aux interrogations philosophiques comme &#8220;Mais qu&#8217;est-ce que l&#8217;on fait ici en fait, de la figuration dans un tas de c\u00e9r\u00e9monies qui ne nous concernent pas ?&#8221; Il y a deux r\u00e9ponses \u00e0 cette question : la premi\u00e8re est trop longue pour ce soir, la deuxi\u00e8me est : r\u00e9visez votre n\u0153ud de cravate et cirez vos chaussures, parce que l&#8217;on rencontre de la royaut\u00e9 demain.<\/p>\n\n\n\n<h2 class=\"wp-block-heading\">Mardi 20 mai &#8211; O\u00f9 l&#8217;on rencontre le Roi Harald V de Norv\u00e8ge<\/h2>\n\n\n\n<p>Joyeux anniversaire David ! Pour bien commencer la journ\u00e9e de ses 18 ans, son shampooing a refait surface au milieu de ses affaires, et l&#8217;h\u00f4tel lui a offert un paquet de cartes et des caramels norv\u00e9giens.<\/p>\n\n\n\n<p>Le c\u00f4t\u00e9 moins sympathique est de devoir se lever &#8220;t\u00f4t&#8221; pour partir \u00e0 9h30, au pas de course pour rattraper 6 minutes de retard (qui l&#8217;e\u00fbt cru) et rejoindre l&#8217;Acad\u00e9mie, petit b\u00e2timent remarquablement dense en fresques, statues, plafonds, meubles et boiseries du plus pur Romantisme. Nous profitons de nos 2 minutes d&#8217;avance pour prendre le Soleil sur le balcon, discuter avec quelques \u00e9tudiants norv\u00e9giens et allemands et prendre en photos nos tenues de bal. La matin\u00e9e est consacr\u00e9e \u00e0 une suite de brefs et tr\u00e8s vivants discours par diff\u00e9rents math\u00e9maticiens, qui r\u00e9ussissent l&#8217;exploit de ne pas trop parler de leur th\u00e9orie mais plut\u00f4t de leur parcours, de leurs conseils pour \u00e9tudier et s&#8217;\u00e9panouir dans les sciences, de leurs r\u00eaves et projets, ce qui semble beaucoup inspirer les \u00e9l\u00e8ves.<\/p>\n\n\n\n<figure class=\"wp-block-gallery has-nested-images columns-default is-cropped wp-block-gallery-9 is-layout-flex wp-block-gallery-is-layout-flex\">\n<figure class=\"wp-block-image size-large\"><img loading=\"lazy\" decoding=\"async\" width=\"1024\" height=\"768\" data-id=\"16317\" src=\"https:\/\/maths-olympiques.fr\/wp-content\/uploads\/2025\/05\/P1200492-1024x768.jpg\" alt=\"\" class=\"wp-image-16317\" srcset=\"https:\/\/maths-olympiques.fr\/wp-content\/uploads\/2025\/05\/P1200492-1024x768.jpg 1024w, https:\/\/maths-olympiques.fr\/wp-content\/uploads\/2025\/05\/P1200492-300x225.jpg 300w, https:\/\/maths-olympiques.fr\/wp-content\/uploads\/2025\/05\/P1200492-768x576.jpg 768w, https:\/\/maths-olympiques.fr\/wp-content\/uploads\/2025\/05\/P1200492-1536x1152.jpg 1536w, https:\/\/maths-olympiques.fr\/wp-content\/uploads\/2025\/05\/P1200492-2048x1536.jpg 2048w\" sizes=\"auto, (max-width: 706px) 89vw, (max-width: 767px) 82vw, 740px\" \/><figcaption class=\"wp-element-caption\">On a m\u00eame le Soleil du festival de Cannes<\/figcaption><\/figure>\n\n\n\n<figure class=\"wp-block-image size-large\"><img loading=\"lazy\" decoding=\"async\" width=\"1024\" height=\"768\" data-id=\"16318\" src=\"https:\/\/maths-olympiques.fr\/wp-content\/uploads\/2025\/05\/P1200499-1024x768.jpg\" alt=\"\" class=\"wp-image-16318\" srcset=\"https:\/\/maths-olympiques.fr\/wp-content\/uploads\/2025\/05\/P1200499-1024x768.jpg 1024w, https:\/\/maths-olympiques.fr\/wp-content\/uploads\/2025\/05\/P1200499-300x225.jpg 300w, https:\/\/maths-olympiques.fr\/wp-content\/uploads\/2025\/05\/P1200499-768x576.jpg 768w, https:\/\/maths-olympiques.fr\/wp-content\/uploads\/2025\/05\/P1200499-1536x1152.jpg 1536w, https:\/\/maths-olympiques.fr\/wp-content\/uploads\/2025\/05\/P1200499-2048x1536.jpg 2048w\" sizes=\"auto, (max-width: 706px) 89vw, (max-width: 767px) 82vw, 740px\" \/><figcaption class=\"wp-element-caption\">A l&#8217;\u00e9coute de la sagesse<\/figcaption><\/figure>\n\n\n\n<figure class=\"wp-block-image size-large\"><img loading=\"lazy\" decoding=\"async\" width=\"1024\" height=\"745\" data-id=\"16316\" src=\"https:\/\/maths-olympiques.fr\/wp-content\/uploads\/2025\/05\/WhatsApp-Image-2025-05-20-at-12.24.58-1024x745.jpeg\" alt=\"\" class=\"wp-image-16316\" srcset=\"https:\/\/maths-olympiques.fr\/wp-content\/uploads\/2025\/05\/WhatsApp-Image-2025-05-20-at-12.24.58-1024x745.jpeg 1024w, https:\/\/maths-olympiques.fr\/wp-content\/uploads\/2025\/05\/WhatsApp-Image-2025-05-20-at-12.24.58-300x218.jpeg 300w, https:\/\/maths-olympiques.fr\/wp-content\/uploads\/2025\/05\/WhatsApp-Image-2025-05-20-at-12.24.58-768x558.jpeg 768w, https:\/\/maths-olympiques.fr\/wp-content\/uploads\/2025\/05\/WhatsApp-Image-2025-05-20-at-12.24.58.jpeg 1466w\" sizes=\"auto, (max-width: 706px) 89vw, (max-width: 767px) 82vw, 740px\" \/><figcaption class=\"wp-element-caption\">&#8220;Mes chers concitoyens, &#8230;&#8221;<\/figcaption><\/figure>\n<\/figure>\n\n\n\n<p>Une nouvelle vint alors troubler cette s\u00e9r\u00e9nit\u00e9 : la fiche de questions que l&#8217;on nous a gliss\u00e9e plus t\u00f4t s&#8217;av\u00e8re n&#8217;\u00eatre pas \u00e0 destination des intervenants mais pour que les \u00e9l\u00e8ves puissent se pr\u00e9parer \u00e0 \u00eatre interview\u00e9 eux-m\u00eames. Calamit\u00e9, catastrophe, mis\u00e8re ! Au terme d&#8217;une partie de pierre-feuille-ciseaux digne des duels les plus mythiques de <em>Pour Une Poign\u00e9e de Dollars<\/em>, Maxime est d\u00e9sign\u00e9 victime. Akin le suit pour immortaliser tout ceci &#8220;pour le compte-rendu&#8221; bien s\u00fbr ; s&#8217;ensuivent quelques allers-retours (pendant que nous finissions tous les g\u00e2teaux de la pause caf\u00e9 en profitant de leur absence) pour r\u00e9cup\u00e9rer une veste, une cravate, etc. Les journalistes sont de fins joueurs puisque finalement ce sont Maxime et Akin qui ont \u00e9t\u00e9 interview\u00e9s ensemble, eux-m\u00eames se chargeant des photos pour le compte-rendu&#8230;<\/p>\n\n\n\n<figure class=\"wp-block-gallery has-nested-images columns-default is-cropped wp-block-gallery-10 is-layout-flex wp-block-gallery-is-layout-flex\">\n<figure class=\"wp-block-image size-large\"><img loading=\"lazy\" decoding=\"async\" width=\"768\" height=\"1024\" data-id=\"16320\" src=\"https:\/\/maths-olympiques.fr\/wp-content\/uploads\/2025\/05\/P1200502-768x1024.jpg\" alt=\"\" class=\"wp-image-16320\" srcset=\"https:\/\/maths-olympiques.fr\/wp-content\/uploads\/2025\/05\/P1200502-768x1024.jpg 768w, https:\/\/maths-olympiques.fr\/wp-content\/uploads\/2025\/05\/P1200502-225x300.jpg 225w, https:\/\/maths-olympiques.fr\/wp-content\/uploads\/2025\/05\/P1200502-1152x1536.jpg 1152w, https:\/\/maths-olympiques.fr\/wp-content\/uploads\/2025\/05\/P1200502-1536x2048.jpg 1536w, https:\/\/maths-olympiques.fr\/wp-content\/uploads\/2025\/05\/P1200502-scaled.jpg 1920w\" sizes=\"auto, (max-width: 706px) 89vw, (max-width: 767px) 82vw, 740px\" \/><figcaption class=\"wp-element-caption\">Quand tu dois aller chercher ton Oscar mais que le taxi est en retard<\/figcaption><\/figure>\n\n\n\n<figure class=\"wp-block-image size-large\"><img loading=\"lazy\" decoding=\"async\" width=\"1024\" height=\"768\" data-id=\"16322\" src=\"https:\/\/maths-olympiques.fr\/wp-content\/uploads\/2025\/05\/P1200508-1024x768.jpg\" alt=\"\" class=\"wp-image-16322\" srcset=\"https:\/\/maths-olympiques.fr\/wp-content\/uploads\/2025\/05\/P1200508-1024x768.jpg 1024w, https:\/\/maths-olympiques.fr\/wp-content\/uploads\/2025\/05\/P1200508-300x225.jpg 300w, https:\/\/maths-olympiques.fr\/wp-content\/uploads\/2025\/05\/P1200508-768x576.jpg 768w, https:\/\/maths-olympiques.fr\/wp-content\/uploads\/2025\/05\/P1200508-1536x1152.jpg 1536w, https:\/\/maths-olympiques.fr\/wp-content\/uploads\/2025\/05\/P1200508-2048x1536.jpg 2048w\" sizes=\"auto, (max-width: 706px) 89vw, (max-width: 767px) 82vw, 740px\" \/><figcaption class=\"wp-element-caption\">Bien plac\u00e9s pour le spectacle<\/figcaption><\/figure>\n\n\n\n<figure class=\"wp-block-image size-large\"><img loading=\"lazy\" decoding=\"async\" width=\"1024\" height=\"764\" data-id=\"16323\" src=\"https:\/\/maths-olympiques.fr\/wp-content\/uploads\/2025\/05\/P1200510-1024x764.jpg\" alt=\"\" class=\"wp-image-16323\" srcset=\"https:\/\/maths-olympiques.fr\/wp-content\/uploads\/2025\/05\/P1200510-1024x764.jpg 1024w, https:\/\/maths-olympiques.fr\/wp-content\/uploads\/2025\/05\/P1200510-300x224.jpg 300w, https:\/\/maths-olympiques.fr\/wp-content\/uploads\/2025\/05\/P1200510-768x573.jpg 768w, https:\/\/maths-olympiques.fr\/wp-content\/uploads\/2025\/05\/P1200510-1536x1146.jpg 1536w, https:\/\/maths-olympiques.fr\/wp-content\/uploads\/2025\/05\/P1200510-2048x1528.jpg 2048w\" sizes=\"auto, (max-width: 706px) 89vw, (max-width: 767px) 82vw, 740px\" \/><figcaption class=\"wp-element-caption\">Variation norv\u00e9gienne d&#8217;un th\u00e8me japonais, tr\u00e8s r\u00e9ussie<\/figcaption><\/figure>\n<\/figure>\n\n\n\n<p>Rira bien qui rira le dernier : voil\u00e0 que le pr\u00e9sident de l&#8217;Union Africaine pour les Math\u00e9matiques est francophone (exclusif d&#8217;anglophone) et qu&#8217;Aline se retrouve plus ou moins d\u00e9sign\u00e9e volontaire pour traduire au pied lev\u00e9, ce qui lui permet de constater que retenir 3 phrases avec des noms et de longs titres, sans faire absolument n&#8217;importe quoi, c&#8217;est un m\u00e9tier. Heureusement les \u00e9l\u00e8ves veillent au contr\u00f4le qualit\u00e9, et le moins possible fut finalement <em>Lost In Translation<\/em>. Apr\u00e8s ces \u00e9motions, le d\u00e9jeuner nous est servi de mani\u00e8re un peu brusque (disons que les assiettes d\u00e9pos\u00e9es tout sauf d\u00e9licatement devant nous et que les serveurs n&#8217;invitent pas particuli\u00e8rement \u00e0 la discussion ou aux questions), mais il est bon, m\u00eame apr\u00e8s avoir pass\u00e9 la matin\u00e9e \u00e0 manger et boire.<\/p>\n\n\n\n<figure class=\"wp-block-gallery has-nested-images columns-default is-cropped wp-block-gallery-11 is-layout-flex wp-block-gallery-is-layout-flex\">\n<figure class=\"wp-block-image size-large\"><img loading=\"lazy\" decoding=\"async\" width=\"1024\" height=\"742\" data-id=\"16325\" src=\"https:\/\/maths-olympiques.fr\/wp-content\/uploads\/2025\/05\/P1200525-1024x742.jpg\" alt=\"\" class=\"wp-image-16325\" srcset=\"https:\/\/maths-olympiques.fr\/wp-content\/uploads\/2025\/05\/P1200525-1024x742.jpg 1024w, https:\/\/maths-olympiques.fr\/wp-content\/uploads\/2025\/05\/P1200525-300x217.jpg 300w, https:\/\/maths-olympiques.fr\/wp-content\/uploads\/2025\/05\/P1200525-768x556.jpg 768w, https:\/\/maths-olympiques.fr\/wp-content\/uploads\/2025\/05\/P1200525-1536x1113.jpg 1536w, https:\/\/maths-olympiques.fr\/wp-content\/uploads\/2025\/05\/P1200525-2048x1484.jpg 2048w\" sizes=\"auto, (max-width: 706px) 89vw, (max-width: 767px) 82vw, 740px\" \/><figcaption class=\"wp-element-caption\">Mais elle est o\u00f9 la couronne ?<\/figcaption><\/figure>\n\n\n\n<figure class=\"wp-block-image size-large\"><img loading=\"lazy\" decoding=\"async\" width=\"768\" height=\"1024\" data-id=\"16326\" src=\"https:\/\/maths-olympiques.fr\/wp-content\/uploads\/2025\/05\/P1200531-768x1024.jpg\" alt=\"\" class=\"wp-image-16326\" srcset=\"https:\/\/maths-olympiques.fr\/wp-content\/uploads\/2025\/05\/P1200531-768x1024.jpg 768w, https:\/\/maths-olympiques.fr\/wp-content\/uploads\/2025\/05\/P1200531-225x300.jpg 225w, https:\/\/maths-olympiques.fr\/wp-content\/uploads\/2025\/05\/P1200531-1152x1536.jpg 1152w, https:\/\/maths-olympiques.fr\/wp-content\/uploads\/2025\/05\/P1200531-1536x2048.jpg 1536w, https:\/\/maths-olympiques.fr\/wp-content\/uploads\/2025\/05\/P1200531-scaled.jpg 1920w\" sizes=\"auto, (max-width: 706px) 89vw, (max-width: 767px) 82vw, 740px\" \/><figcaption class=\"wp-element-caption\">Un volontaire pour chiper le troph\u00e9e discr\u00e8tement ?<\/figcaption><\/figure>\n\n\n\n<figure class=\"wp-block-image size-large\"><img loading=\"lazy\" decoding=\"async\" width=\"768\" height=\"1024\" data-id=\"16337\" src=\"https:\/\/maths-olympiques.fr\/wp-content\/uploads\/2025\/05\/P1200533-768x1024.jpg\" alt=\"\" class=\"wp-image-16337\" srcset=\"https:\/\/maths-olympiques.fr\/wp-content\/uploads\/2025\/05\/P1200533-768x1024.jpg 768w, https:\/\/maths-olympiques.fr\/wp-content\/uploads\/2025\/05\/P1200533-225x300.jpg 225w, https:\/\/maths-olympiques.fr\/wp-content\/uploads\/2025\/05\/P1200533-1152x1536.jpg 1152w, https:\/\/maths-olympiques.fr\/wp-content\/uploads\/2025\/05\/P1200533-1536x2048.jpg 1536w, https:\/\/maths-olympiques.fr\/wp-content\/uploads\/2025\/05\/P1200533-scaled.jpg 1920w\" sizes=\"auto, (max-width: 706px) 89vw, (max-width: 767px) 82vw, 740px\" \/><figcaption class=\"wp-element-caption\">Il ne manque vraiment que les lunettes de Soleil<\/figcaption><\/figure>\n<\/figure>\n\n\n\n<p>Ainsi revigor\u00e9s, nous prenons le bus pour l&#8217;auditorium de l&#8217;Universit\u00e9 (en centre-ville) pour la c\u00e9r\u00e9monie. Plus pr\u00e9cise qu&#8217;un train suisse comme toujours, celle-ci se compose d&#8217;une petite heure de discours d&#8217;une grande spontan\u00e9it\u00e9 donc le texte \u00e9tait donn\u00e9 aux invit\u00e9s sur un livret, de brefs interm\u00e8des musicaux, d&#8217;applaudissements et d&#8217;une fugace intervention du fameux roi sur la sc\u00e8ne pour remettre le prix au laur\u00e9at. Puis, nous avons le temps de refaire quelques photos dans le majestueux d\u00e9cor de colonnades inond\u00e9es de Soleil, avant d&#8217;entrer dans le non moins majestueux Th\u00e9\u00e2tre National pour une petite r\u00e9ception et une interview en direct pour la t\u00e9l\u00e9vision norv\u00e9gienne de Masaki Kashiwara.<\/p>\n\n\n\n<p>L&#8217;interview d&#8217;av\u00e8re plus difficile \u00e0 suivre que le buffet, mais nous restons poliment (et coinc\u00e9s derri\u00e8re la foule) en admirant les peintures et statues de com\u00e9diens c\u00e9l\u00e8bres. Puis, enfin autoris\u00e9s \u00e0 changer de tenue pour aller se promener (on passera la baignade aujourd&#8217;hui) avec Andrea, une Oslo\u00efte que nous avions rencontr\u00e9e l&#8217;ann\u00e9e derni\u00e8re (pour des explications sur ce gentil\u00e9 non canonique, voir <a href=\"https:\/\/fr.wikipedia.org\/wiki\/Oslo\" data-type=\"link\" data-id=\"https:\/\/fr.wikipedia.org\/wiki\/Oslo\">Wikip\u00e9dia<\/a>).<\/p>\n\n\n\n<figure class=\"wp-block-gallery has-nested-images columns-default is-cropped wp-block-gallery-12 is-layout-flex wp-block-gallery-is-layout-flex\">\n<figure class=\"wp-block-image size-large\"><img loading=\"lazy\" decoding=\"async\" width=\"1024\" height=\"560\" data-id=\"16339\" src=\"https:\/\/maths-olympiques.fr\/wp-content\/uploads\/2025\/05\/P1200544-1024x560.jpg\" alt=\"\" class=\"wp-image-16339\" srcset=\"https:\/\/maths-olympiques.fr\/wp-content\/uploads\/2025\/05\/P1200544-1024x560.jpg 1024w, https:\/\/maths-olympiques.fr\/wp-content\/uploads\/2025\/05\/P1200544-300x164.jpg 300w, https:\/\/maths-olympiques.fr\/wp-content\/uploads\/2025\/05\/P1200544-768x420.jpg 768w, https:\/\/maths-olympiques.fr\/wp-content\/uploads\/2025\/05\/P1200544-1536x840.jpg 1536w, https:\/\/maths-olympiques.fr\/wp-content\/uploads\/2025\/05\/P1200544-2048x1119.jpg 2048w\" sizes=\"auto, (max-width: 706px) 89vw, (max-width: 767px) 82vw, 740px\" \/><figcaption class=\"wp-element-caption\">En terrasse \u00e0 l&#8217;op\u00e9ra<\/figcaption><\/figure>\n\n\n\n<figure class=\"wp-block-image size-large\"><img loading=\"lazy\" decoding=\"async\" width=\"1024\" height=\"768\" data-id=\"16340\" src=\"https:\/\/maths-olympiques.fr\/wp-content\/uploads\/2025\/05\/P1200547-1024x768.jpg\" alt=\"\" class=\"wp-image-16340\" srcset=\"https:\/\/maths-olympiques.fr\/wp-content\/uploads\/2025\/05\/P1200547-1024x768.jpg 1024w, https:\/\/maths-olympiques.fr\/wp-content\/uploads\/2025\/05\/P1200547-300x225.jpg 300w, https:\/\/maths-olympiques.fr\/wp-content\/uploads\/2025\/05\/P1200547-768x576.jpg 768w, https:\/\/maths-olympiques.fr\/wp-content\/uploads\/2025\/05\/P1200547-1536x1152.jpg 1536w, https:\/\/maths-olympiques.fr\/wp-content\/uploads\/2025\/05\/P1200547-2048x1536.jpg 2048w\" sizes=\"auto, (max-width: 706px) 89vw, (max-width: 767px) 82vw, 740px\" \/><figcaption class=\"wp-element-caption\">R\u00e9union au sommet (de la biblioth\u00e8que)<\/figcaption><\/figure>\n\n\n\n<figure class=\"wp-block-image size-large\"><img loading=\"lazy\" decoding=\"async\" width=\"1024\" height=\"768\" data-id=\"16341\" src=\"https:\/\/maths-olympiques.fr\/wp-content\/uploads\/2025\/05\/P1200550-1024x768.jpg\" alt=\"\" class=\"wp-image-16341\" srcset=\"https:\/\/maths-olympiques.fr\/wp-content\/uploads\/2025\/05\/P1200550-1024x768.jpg 1024w, https:\/\/maths-olympiques.fr\/wp-content\/uploads\/2025\/05\/P1200550-300x225.jpg 300w, https:\/\/maths-olympiques.fr\/wp-content\/uploads\/2025\/05\/P1200550-768x576.jpg 768w, https:\/\/maths-olympiques.fr\/wp-content\/uploads\/2025\/05\/P1200550-1536x1152.jpg 1536w, https:\/\/maths-olympiques.fr\/wp-content\/uploads\/2025\/05\/P1200550-2048x1536.jpg 2048w\" sizes=\"auto, (max-width: 706px) 89vw, (max-width: 767px) 82vw, 740px\" \/><figcaption class=\"wp-element-caption\">Quand est-ce qu&#8217;on mange ?<\/figcaption><\/figure>\n<\/figure>\n\n\n\n<p>Sur les conseils que nous ont donn\u00e9 les jeunes locaux ce matin, nous allons visiter la c\u00e9l\u00e8bre bilbioth\u00e8que d&#8217;Oslo, qui a une vue imprenable sur le fjord mais aussi de beaux, modernes, confortables et tr\u00e8s spacieux espaces pour lire, travailler, faire la sieste ou son shopping. Un petit tour sur le grand toit de l&#8217;Op\u00e9ra plus tard, l&#8217;heure de chercher o\u00f9 d\u00eener se pointe doucement.<\/p>\n\n\n\n<figure class=\"wp-block-gallery has-nested-images columns-default is-cropped wp-block-gallery-13 is-layout-flex wp-block-gallery-is-layout-flex\">\n<figure class=\"wp-block-image size-large\"><img loading=\"lazy\" decoding=\"async\" width=\"796\" height=\"1024\" data-id=\"16343\" src=\"https:\/\/maths-olympiques.fr\/wp-content\/uploads\/2025\/05\/P1200554-796x1024.jpg\" alt=\"\" class=\"wp-image-16343\" srcset=\"https:\/\/maths-olympiques.fr\/wp-content\/uploads\/2025\/05\/P1200554-796x1024.jpg 796w, https:\/\/maths-olympiques.fr\/wp-content\/uploads\/2025\/05\/P1200554-233x300.jpg 233w, https:\/\/maths-olympiques.fr\/wp-content\/uploads\/2025\/05\/P1200554-768x989.jpg 768w, https:\/\/maths-olympiques.fr\/wp-content\/uploads\/2025\/05\/P1200554-1193x1536.jpg 1193w, https:\/\/maths-olympiques.fr\/wp-content\/uploads\/2025\/05\/P1200554-1591x2048.jpg 1591w, https:\/\/maths-olympiques.fr\/wp-content\/uploads\/2025\/05\/P1200554-scaled.jpg 1989w\" sizes=\"auto, (max-width: 706px) 89vw, (max-width: 767px) 82vw, 740px\" \/><figcaption class=\"wp-element-caption\">Visiblement David a trouv\u00e9 la pizza int\u00e9ressante<\/figcaption><\/figure>\n\n\n\n<figure class=\"wp-block-image size-large\"><img loading=\"lazy\" decoding=\"async\" width=\"1024\" height=\"907\" data-id=\"16342\" src=\"https:\/\/maths-olympiques.fr\/wp-content\/uploads\/2025\/05\/P1200551-1024x907.jpg\" alt=\"\" class=\"wp-image-16342\" srcset=\"https:\/\/maths-olympiques.fr\/wp-content\/uploads\/2025\/05\/P1200551-1024x907.jpg 1024w, https:\/\/maths-olympiques.fr\/wp-content\/uploads\/2025\/05\/P1200551-300x266.jpg 300w, https:\/\/maths-olympiques.fr\/wp-content\/uploads\/2025\/05\/P1200551-768x681.jpg 768w, https:\/\/maths-olympiques.fr\/wp-content\/uploads\/2025\/05\/P1200551-1536x1361.jpg 1536w, https:\/\/maths-olympiques.fr\/wp-content\/uploads\/2025\/05\/P1200551-2048x1815.jpg 2048w\" sizes=\"auto, (max-width: 706px) 89vw, (max-width: 767px) 82vw, 740px\" \/><figcaption class=\"wp-element-caption\">Andrea a bien tent\u00e9 mais personne n&#8217;arrive \u00e0 prononcer correctement la Karl Johans Gate&#8230;<\/figcaption><\/figure>\n<\/figure>\n\n\n\n<p>Nous passerons les d\u00e9tails, les \u00e9piques h\u00e9sitations, les revirements pour cause de plus de place, les tiraillements pour se d\u00e9cider au bout de 10 minutes une fois qu&#8217;Aline a d\u00e9j\u00e0 choisi en d\u00e9sespoir de cause pour les autres. Passons aussi l&#8217;\u00e9pisode peu glorieux au terme duquel nous sommes partis piteusement d&#8217;une table \u00e0 laquelle nous en \u00e9tions \u00e0 consulter le menu, nous sentant fort minables (vive la chanson belge) mais moins fauch\u00e9s que si nous \u00e9tions rest\u00e9s. Une r\u00e9confortante pizzeria nous a finalement tous rassasi\u00e9s (portefeuille compris), bien que certains aient trouv\u00e9 que &#8220;ce n&#8217;est pas piment\u00e9 du tout en fait&#8221;, ce qui va devenir une citation m\u00e9morable \u00e0 force de r\u00e9p\u00e9tition.<\/p>\n\n\n\n<p>Un solide litre de glaces italiennes \u00e0 partager plus tard, l&#8217;heure de dormir et m\u00e9diter les enseignements de la journ\u00e9e est venue, \u00e0 d\u00e9faut de la nuit sous ces latitudes bor\u00e9ales.<\/p>\n\n\n\n<h2 class=\"wp-block-heading\">Mercredi 21 mai &#8211; &#8220;Que nul n&#8217;entre ici s&#8217;il n&#8217;est g\u00e9om\u00e8tre&#8221; (-alg\u00e9briste), sauf \u00e0 ses risques et p\u00e9rils<\/h2>\n\n\n\n<p>De plus en plus t\u00f4t : ce matin, le d\u00e9part pour le tram est \u00e0 9h10, donc, bien s\u00fbr, il se trouve quelqu&#8217;un pour arriver au petit-d\u00e9jeuner \u00e0 9h11. Petit-d\u00e9jeuner relativement efficace puisque nous partons avec \u00e0 peine 15 minutes de retard, et il s&#8217;av\u00e8re que le point caf\u00e9 \u00e0 l&#8217;Universit\u00e9 est un peu chiche et que nous avons donc bien fait d&#8217;arriver pile \u00e0 l&#8217;heure pour le d\u00e9but des <em>Abel Lectures<\/em> dans l&#8217;amphith\u00e9\u00e2tre.<\/p>\n\n\n\n<figure class=\"wp-block-gallery has-nested-images columns-default is-cropped wp-block-gallery-14 is-layout-flex wp-block-gallery-is-layout-flex\">\n<figure class=\"wp-block-image size-large\"><img loading=\"lazy\" decoding=\"async\" width=\"1024\" height=\"783\" data-id=\"16401\" src=\"https:\/\/maths-olympiques.fr\/wp-content\/uploads\/2025\/05\/P1200556-1024x783.jpg\" alt=\"\" class=\"wp-image-16401\" srcset=\"https:\/\/maths-olympiques.fr\/wp-content\/uploads\/2025\/05\/P1200556-1024x783.jpg 1024w, https:\/\/maths-olympiques.fr\/wp-content\/uploads\/2025\/05\/P1200556-300x229.jpg 300w, https:\/\/maths-olympiques.fr\/wp-content\/uploads\/2025\/05\/P1200556-768x587.jpg 768w, https:\/\/maths-olympiques.fr\/wp-content\/uploads\/2025\/05\/P1200556-1536x1174.jpg 1536w, https:\/\/maths-olympiques.fr\/wp-content\/uploads\/2025\/05\/P1200556-2048x1565.jpg 2048w\" sizes=\"auto, (max-width: 706px) 89vw, (max-width: 767px) 82vw, 740px\" \/><figcaption class=\"wp-element-caption\">On a compris l&#8217;essentiel : Kashiwara est un g\u00e9nie<\/figcaption><\/figure>\n\n\n\n<figure class=\"wp-block-image size-large\"><img loading=\"lazy\" decoding=\"async\" width=\"1024\" height=\"928\" data-id=\"16400\" src=\"https:\/\/maths-olympiques.fr\/wp-content\/uploads\/2025\/05\/P1200558-1024x928.jpg\" alt=\"\" class=\"wp-image-16400\" srcset=\"https:\/\/maths-olympiques.fr\/wp-content\/uploads\/2025\/05\/P1200558-1024x928.jpg 1024w, https:\/\/maths-olympiques.fr\/wp-content\/uploads\/2025\/05\/P1200558-300x272.jpg 300w, https:\/\/maths-olympiques.fr\/wp-content\/uploads\/2025\/05\/P1200558-768x696.jpg 768w, https:\/\/maths-olympiques.fr\/wp-content\/uploads\/2025\/05\/P1200558-1536x1391.jpg 1536w, https:\/\/maths-olympiques.fr\/wp-content\/uploads\/2025\/05\/P1200558-2048x1855.jpg 2048w\" sizes=\"auto, (max-width: 706px) 89vw, (max-width: 767px) 82vw, 740px\" \/><figcaption class=\"wp-element-caption\">Cours de multi-tasking<\/figcaption><\/figure>\n\n\n\n<figure class=\"wp-block-image size-large\"><img loading=\"lazy\" decoding=\"async\" width=\"1024\" height=\"885\" data-id=\"16402\" src=\"https:\/\/maths-olympiques.fr\/wp-content\/uploads\/2025\/05\/P1200560-1024x885.jpg\" alt=\"\" class=\"wp-image-16402\" srcset=\"https:\/\/maths-olympiques.fr\/wp-content\/uploads\/2025\/05\/P1200560-1024x885.jpg 1024w, https:\/\/maths-olympiques.fr\/wp-content\/uploads\/2025\/05\/P1200560-300x259.jpg 300w, https:\/\/maths-olympiques.fr\/wp-content\/uploads\/2025\/05\/P1200560-768x664.jpg 768w, https:\/\/maths-olympiques.fr\/wp-content\/uploads\/2025\/05\/P1200560-1536x1327.jpg 1536w, https:\/\/maths-olympiques.fr\/wp-content\/uploads\/2025\/05\/P1200560-2048x1770.jpg 2048w\" sizes=\"auto, (max-width: 706px) 89vw, (max-width: 767px) 82vw, 740px\" \/><figcaption class=\"wp-element-caption\">&#8220;faites un dessin ce sera plus clair&#8221;, qu&#8217;ils disaient<\/figcaption><\/figure>\n<\/figure>\n\n\n\n<p>Apr\u00e8s l&#8217;exp\u00e9rience de l&#8217;ann\u00e9e derni\u00e8re, les \u00e9l\u00e8ves ont pris la pr\u00e9caution d&#8217;amener de quoi s&#8217;occuper discr\u00e8tement (hum) une fois pass\u00e9es les 180 secondes intelligibles des expos\u00e9s d&#8217;une heure. Le but de ces <em>lectures<\/em> est de pr\u00e9senter assez g\u00e9n\u00e9ralement les travaux qui ont valu le prix Abel au laur\u00e9at, leur implications r\u00e9volutionnaires dans diff\u00e9rents domaines des math\u00e9matiques (ou de la physique math\u00e9matique). Tous les pr\u00e9sentateurs ne font pas les m\u00eames efforts pour rendre leur propos abordable ; on observe assez vite un certain nombre de siestes, de sudokus et de mots crois\u00e9s dans l&#8217;assistance, panoplie de survie de tout bon auditeur de conf\u00e9rences de haut vol. Pour les \u00e9l\u00e8ves, quelques shortlists IMO ou des fiches de bac d&#8217;histoire font tout \u00e0 fait l&#8217;affaire, sans pour autan renoncer trop vite \u00e0 comprendre quelques bouts de l&#8217;histoire \u00e0 l&#8217;\u00e9cran. Si l&#8217;on se fie \u00e0 la liste des laur\u00e9ats depuis sa cr\u00e9ation, la g\u00e9om\u00e9trie alg\u00e9brique est un incontournable du prix Abel&#8230;<\/p>\n\n\n\n<p>Entre les pr\u00e9sentations, nous allons fl\u00e2ner \u00e0 la micro-librairie scientifique au milieu du b\u00e2timent, qui propose des ouvrages assez \u00e9tonnants &#8220;expliqu\u00e9s aux b\u00e9b\u00e9s&#8221; : la m\u00e9canique quantique, la relativit\u00e9 g\u00e9n\u00e9rale, le calcul&#8230; mais aucun sur la g\u00e9om\u00e9trie alg\u00e9brique, \u00e0 notre grande d\u00e9ception.<\/p>\n\n\n\n<figure class=\"wp-block-gallery has-nested-images columns-default is-cropped wp-block-gallery-15 is-layout-flex wp-block-gallery-is-layout-flex\">\n<figure class=\"wp-block-image size-large\"><img loading=\"lazy\" decoding=\"async\" width=\"768\" height=\"1024\" data-id=\"16413\" src=\"https:\/\/maths-olympiques.fr\/wp-content\/uploads\/2025\/05\/P1200561-768x1024.jpg\" alt=\"\" class=\"wp-image-16413\" srcset=\"https:\/\/maths-olympiques.fr\/wp-content\/uploads\/2025\/05\/P1200561-768x1024.jpg 768w, https:\/\/maths-olympiques.fr\/wp-content\/uploads\/2025\/05\/P1200561-225x300.jpg 225w, https:\/\/maths-olympiques.fr\/wp-content\/uploads\/2025\/05\/P1200561-1152x1536.jpg 1152w, https:\/\/maths-olympiques.fr\/wp-content\/uploads\/2025\/05\/P1200561-1536x2048.jpg 1536w, https:\/\/maths-olympiques.fr\/wp-content\/uploads\/2025\/05\/P1200561-scaled.jpg 1920w\" sizes=\"auto, (max-width: 706px) 89vw, (max-width: 767px) 82vw, 740px\" \/><\/figure>\n\n\n\n<figure class=\"wp-block-image size-large\"><img loading=\"lazy\" decoding=\"async\" width=\"1024\" height=\"768\" data-id=\"16407\" src=\"https:\/\/maths-olympiques.fr\/wp-content\/uploads\/2025\/05\/P1200564-1024x768.jpg\" alt=\"\" class=\"wp-image-16407\" srcset=\"https:\/\/maths-olympiques.fr\/wp-content\/uploads\/2025\/05\/P1200564-1024x768.jpg 1024w, https:\/\/maths-olympiques.fr\/wp-content\/uploads\/2025\/05\/P1200564-300x225.jpg 300w, https:\/\/maths-olympiques.fr\/wp-content\/uploads\/2025\/05\/P1200564-768x576.jpg 768w, https:\/\/maths-olympiques.fr\/wp-content\/uploads\/2025\/05\/P1200564-1536x1152.jpg 1536w, https:\/\/maths-olympiques.fr\/wp-content\/uploads\/2025\/05\/P1200564-2048x1536.jpg 2048w\" sizes=\"auto, (max-width: 706px) 89vw, (max-width: 767px) 82vw, 740px\" \/><figcaption class=\"wp-element-caption\">IKEA a chang\u00e9 depuis les ann\u00e9es 1850<\/figcaption><\/figure>\n\n\n\n<figure class=\"wp-block-image size-large\"><img loading=\"lazy\" decoding=\"async\" width=\"768\" height=\"1024\" data-id=\"16412\" src=\"https:\/\/maths-olympiques.fr\/wp-content\/uploads\/2025\/05\/P1200571-768x1024.jpg\" alt=\"\" class=\"wp-image-16412\" srcset=\"https:\/\/maths-olympiques.fr\/wp-content\/uploads\/2025\/05\/P1200571-768x1024.jpg 768w, https:\/\/maths-olympiques.fr\/wp-content\/uploads\/2025\/05\/P1200571-225x300.jpg 225w, https:\/\/maths-olympiques.fr\/wp-content\/uploads\/2025\/05\/P1200571-1152x1536.jpg 1152w, https:\/\/maths-olympiques.fr\/wp-content\/uploads\/2025\/05\/P1200571-1536x2048.jpg 1536w, https:\/\/maths-olympiques.fr\/wp-content\/uploads\/2025\/05\/P1200571-scaled.jpg 1920w\" sizes=\"auto, (max-width: 706px) 89vw, (max-width: 767px) 82vw, 740px\" \/><figcaption class=\"wp-element-caption\">Mais d&#8217;o\u00f9 vient ce son de contrebasse ?<\/figcaption><\/figure>\n\n\n\n<figure class=\"wp-block-image size-large\"><img loading=\"lazy\" decoding=\"async\" width=\"768\" height=\"1024\" data-id=\"16406\" src=\"https:\/\/maths-olympiques.fr\/wp-content\/uploads\/2025\/05\/P1200562-768x1024.jpg\" alt=\"\" class=\"wp-image-16406\" srcset=\"https:\/\/maths-olympiques.fr\/wp-content\/uploads\/2025\/05\/P1200562-768x1024.jpg 768w, https:\/\/maths-olympiques.fr\/wp-content\/uploads\/2025\/05\/P1200562-225x300.jpg 225w, https:\/\/maths-olympiques.fr\/wp-content\/uploads\/2025\/05\/P1200562-1152x1536.jpg 1152w, https:\/\/maths-olympiques.fr\/wp-content\/uploads\/2025\/05\/P1200562-1536x2048.jpg 1536w, https:\/\/maths-olympiques.fr\/wp-content\/uploads\/2025\/05\/P1200562-scaled.jpg 1920w\" sizes=\"auto, (max-width: 706px) 89vw, (max-width: 767px) 82vw, 740px\" \/><figcaption class=\"wp-element-caption\">On vous fait visiter ?<\/figcaption><\/figure>\n<\/figure>\n\n\n\n<p>Fin de la s\u00e9ance \u00e0 15h : comme il fait nettement moins beau qu&#8217;hier, avec un petit vent frisquet bien d\u00e9sagr\u00e9able, nous d\u00e9cidons de passer les quelques heures avant la soir\u00e9e de l&#8217;Acad\u00e9mie, bien au chaud \u00e0 l&#8217;h\u00f4tel, par exemple \u00e0 faire des maths, ou une sieste.<\/p>\n\n\n\n<p>La soir\u00e9e commence \u00e0 19h, avec moins de monde sur le balcon que l&#8217;an dernier quand il faisait 25\u00b0C, mais nous avons tout le loisir d&#8217;admirer les superbes pi\u00e8ces dans lesquelles nous sommes accueillis. Un petit concert de violon et de <a href=\"https:\/\/fr.wikipedia.org\/wiki\/Violon_Hardanger\" data-type=\"link\" data-id=\"https:\/\/fr.wikipedia.org\/wiki\/Violon_Hardanger\">hardingfele<\/a>, l&#8217;instrument national de Norv\u00e8ge, une sorte de violon qui fait le bruit d&#8217;un quatuor \u00e0 cordes \u00e0 lui tout seul, ouvre les festivit\u00e9s. Il y a ensuite le classique buffet (heureusement expliqu\u00e9 sur un petit menu \u00e0 c\u00f4t\u00e9, autrement nous aurions \u00e9t\u00e9 fort mystifi\u00e9s par la viande d&#8217;\u00e9lan marin\u00e9 par exemple), puis nous sommes pris \u00e0 partie par un gentil monsieur de l&#8217;Acad\u00e9mie qui a un mal fou \u00e0 croire que Ruirong et David ne sont pas japonais et parlent bel et bien fran\u00e7ais, devant sa d\u00e9ception nous aurions pu essayer de faire semblant de parler japonais mais cela aurait risqu\u00e9 de vexer les v\u00e9ritables japonais de la soir\u00e9e. Puis nous rencontrons un normalien fran\u00e7ais en stage \u00e0 Oslo (en g\u00e9om\u00e9trie alg\u00e9brique, quelle surprise). Le monde est petit, sapristi, et se r\u00e9tr\u00e9cit encore lorsque nous r\u00e9alisons qu&#8217;il conna\u00eet tr\u00e8s bien le grand fr\u00e8re d&#8217;Akin et le petit fr\u00e8re d&#8217;Aline, sans parler de plusieurs autres connaissances en commun avec plusieurs d&#8217;entre nous. Avec tant en commun, nous palabrons bien s\u00fbr jusqu&#8217;\u00e0 nous faire poliment mettre dehors par l&#8217;Acad\u00e9mie.<\/p>\n\n\n\n<p>Heureusement, il reste quelques trams pour rentrer chez nous dans ce froid de canard.<\/p>\n\n\n\n<h2 class=\"wp-block-heading\">Jeudi 22 mai &#8211; O\u00f9 l&#8217;on improvise une s\u00e9ance de TD<\/h2>\n\n\n\n<p>Apr\u00e8s une petite grasse matin\u00e9e pour r\u00e9cup\u00e9rer de la veille, place au brainstorming pour fabriquer &#8220;un petit TD d&#8217;initiation aux math\u00e9matiques olympiques, \u00e0 destination des \u00e9l\u00e8ves de premi\u00e8re sp\u00e9cialit\u00e9 math\u00e9matiques du lyc\u00e9e fran\u00e7ais d&#8217;Oslo, qui pourra \u00eatre fait en petits groupes sur une s\u00e9ance de 20-30 minutes&#8221;. Enfin un peu de challenge !<\/p>\n\n\n\n<figure class=\"wp-block-image size-large\"><img loading=\"lazy\" decoding=\"async\" width=\"1024\" height=\"768\" src=\"https:\/\/maths-olympiques.fr\/wp-content\/uploads\/2025\/05\/P1200573-1024x768.jpg\" alt=\"\" class=\"wp-image-16408\" srcset=\"https:\/\/maths-olympiques.fr\/wp-content\/uploads\/2025\/05\/P1200573-1024x768.jpg 1024w, https:\/\/maths-olympiques.fr\/wp-content\/uploads\/2025\/05\/P1200573-300x225.jpg 300w, https:\/\/maths-olympiques.fr\/wp-content\/uploads\/2025\/05\/P1200573-768x576.jpg 768w, https:\/\/maths-olympiques.fr\/wp-content\/uploads\/2025\/05\/P1200573-1536x1152.jpg 1536w, https:\/\/maths-olympiques.fr\/wp-content\/uploads\/2025\/05\/P1200573-2048x1536.jpg 2048w\" sizes=\"auto, (max-width: 706px) 89vw, (max-width: 767px) 82vw, 740px\" \/><figcaption class=\"wp-element-caption\">Un jour normal \u00e0 Oslo : les touristes qui prennent en photo la police mont\u00e9e, qui prend en photo la parade<\/figcaption><\/figure>\n\n\n\n<p>Bien qu&#8217;il soit un peu frustrant de devoir se retreindre dans le niveau et les outils que l&#8217;on peut mobiliser, les \u00e9l\u00e8ves se pr\u00eatent tr\u00e8s efficacement au jeu et nous arrivons \u00e0 compiler assez vite un mini-TD. Les bagages termin\u00e9s, nous filons d\u00e9jeuner avant de rentrer r\u00e9cup\u00e9rer les valises, non sans nous \u00eatre arr\u00eat\u00e9s en chemin pour acheter quelques souvenirs. Akin doit nous abandonner pour prendre son avion un peu plus t\u00f4t que nous, donc nous arrivons \u00e0 5 plus autant de valises au lyc\u00e9e fran\u00e7ais, \u00e9trangement situ\u00e9 aux \u00e9tages 3 et 4 d&#8217;un petit immeuble multifonctions qui comprend aussi des bureaux d&#8217;entreprise et un bar, entre autres. Le professeur et les \u00e9l\u00e8ves nous accueillent avec un peu de curiosit\u00e9, mais montrent un grand enthousiasme pour les exercices. Tout le monde se pr\u00eate si bien au jeu que l&#8217;on \u00e9tire un peu la s\u00e9ance, et que l&#8217;on voit beaucoup de d\u00e9\u00e7us de finir si t\u00f4t.<\/p>\n\n\n\n<p>H\u00e9las, un avion nous attend, et nous n&#8217;arrivons pas trop t\u00f4t pour le prendre : le temps de prendre le bus, de trouver le Flytoget, d&#8217;arriver \u00e0 l&#8217;enregistrement, de passer les contr\u00f4les, d&#8217;acheter \u00e0 d\u00eener, et il nous reste \u00e0 peine quelques minutes avant d&#8217;embarquer. Nous d\u00e9collons m\u00eame avec 10 minutes d&#8217;avance !<\/p>\n\n\n\n<p>Encore mieux, nous atterrissons avec 45 minutes d&#8217;avance, et personne n&#8217;est f\u00e2ch\u00e9 de rentrer pus t\u00f4t que pr\u00e9vu apr\u00e8s cette longue journ\u00e9e, avant de retrouver nos activit\u00e9s respectives le lendemain.<\/p>\n","protected":false},"excerpt":{"rendered":"<p>Comme l&#8217;an dernier, 5 \u00e9l\u00e8ves de la POFM sont invit\u00e9s \u00e0 la semaine d&#8217;\u00e9v\u00e9nements organis\u00e9e par l&#8217;Acad\u00e9mie de Norv\u00e8ge des Sciences et Lettres, \u00e0 Oslo, \u00e0 l&#8217;occasion de la remise du Prix Abel. Ce sont pour cette \u00e9dition Maxime Chevalier, Pierre Akin D\u00fcrr\u00fcoglu, David Lei, Ruirong Li et Margot Sur&#8211;Cortier qui participent \u00e0 cet \u00e9v\u00e9nement, &hellip; <\/p>\n<p class=\"link-more\"><a href=\"https:\/\/maths-olympiques.fr\/?p=16275\" class=\"more-link\">Continuer la lecture<span class=\"screen-reader-text\"> de &laquo;&nbsp;A Oslo pour la remise du Prix Abel 2025&nbsp;&raquo;<\/span><\/a><\/p>\n","protected":false},"author":10,"featured_media":0,"comment_status":"closed","ping_status":"closed","sticky":false,"template":"","format":"standard","meta":{"footnotes":""},"categories":[2],"tags":[],"class_list":["post-16275","post","type-post","status-publish","format-standard","hentry","category-toutes_les_news"],"_links":{"self":[{"href":"https:\/\/maths-olympiques.fr\/index.php?rest_route=\/wp\/v2\/posts\/16275","targetHints":{"allow":["GET"]}}],"collection":[{"href":"https:\/\/maths-olympiques.fr\/index.php?rest_route=\/wp\/v2\/posts"}],"about":[{"href":"https:\/\/maths-olympiques.fr\/index.php?rest_route=\/wp\/v2\/types\/post"}],"author":[{"embeddable":true,"href":"https:\/\/maths-olympiques.fr\/index.php?rest_route=\/wp\/v2\/users\/10"}],"replies":[{"embeddable":true,"href":"https:\/\/maths-olympiques.fr\/index.php?rest_route=%2Fwp%2Fv2%2Fcomments&post=16275"}],"version-history":[{"count":8,"href":"https:\/\/maths-olympiques.fr\/index.php?rest_route=\/wp\/v2\/posts\/16275\/revisions"}],"predecessor-version":[{"id":16414,"href":"https:\/\/maths-olympiques.fr\/index.php?rest_route=\/wp\/v2\/posts\/16275\/revisions\/16414"}],"wp:attachment":[{"href":"https:\/\/maths-olympiques.fr\/index.php?rest_route=%2Fwp%2Fv2%2Fmedia&parent=16275"}],"wp:term":[{"taxonomy":"category","embeddable":true,"href":"https:\/\/maths-olympiques.fr\/index.php?rest_route=%2Fwp%2Fv2%2Fcategories&post=16275"},{"taxonomy":"post_tag","embeddable":true,"href":"https:\/\/maths-olympiques.fr\/index.php?rest_route=%2Fwp%2Fv2%2Ftags&post=16275"}],"curies":[{"name":"wp","href":"https:\/\/api.w.org\/{rel}","templated":true}]}}