{"id":15955,"date":"2025-04-12T23:22:11","date_gmt":"2025-04-12T21:22:11","guid":{"rendered":"https:\/\/maths-olympiques.fr\/?p=15955"},"modified":"2025-04-21T17:43:05","modified_gmt":"2025-04-21T15:43:05","slug":"legmo-2025-par-nos-envoyees-tres-speciales","status":"publish","type":"post","link":"https:\/\/maths-olympiques.fr\/?p=15955","title":{"rendered":"L&#8217;EGMO 2025 par nos envoy\u00e9es tr\u00e8s sp\u00e9ciales"},"content":{"rendered":"\n<blockquote class=\"wp-block-quote is-layout-flow wp-block-quote-is-layout-flow\">\n<p><em>Pour sa 14<sup>\u00e8<\/sup> \u00e9dition, l&#8217;EGMO se d\u00e9roule au Kosovo, dans la capitale Pristina, du 11 au 17 avril 2025. La France est repr\u00e9sent\u00e9e par Louise Deloye, Ruirong Li, Camille Pawlowski et Margot Sur-Cortier, accompagn\u00e9es de Elsa Lubek et Aline Cahuzac.<\/em><\/p>\n\n\n\n<p><em>Cette ann\u00e9e, la d\u00e9l\u00e9gation s&#8217;enrichit de deux observatrices : Auriane Gabaut (avec l&#8217;\u00e9quipe) et Anna Luchnikova (avec le jury).<\/em> Sans compter nos coordinateurs Maena, Th\u00e9o, Emile et Henry, et Edwige qui nous repr\u00e9sente au board EGMO.<\/p>\n\n\n\n<p>Pour plus d&#8217;informations et de photos, les sources officielles de l&#8217;EGMO 2025 sont ici :<br><a href=\"https:\/\/egmo2025.com\/\">https:\/\/egmo2025.com\/<\/a> : site officiel<\/p>\n\n\n\n<p><a href=\"https:\/\/www.facebook.com\/egmo2025\">https:\/\/www.facebook.com\/egmo2025<\/a> : page Facebook<\/p>\n\n\n\n<p><a href=\"https:\/\/www.instagram.com\/egmo2025?utm_source=ig_web_button_share_sheet&amp;igsh=ZDNlZDc0MzIxNw==\">https:\/\/www.instagram.com\/egmo2025<\/a> : page Instagram<\/p>\n<\/blockquote>\n\n\n\n<figure class=\"wp-block-gallery has-nested-images columns-default is-cropped wp-block-gallery-1 is-layout-flex wp-block-gallery-is-layout-flex\">\n<figure class=\"wp-block-image size-large\"><img loading=\"lazy\" decoding=\"async\" width=\"1024\" height=\"683\" data-id=\"15958\" src=\"https:\/\/maths-olympiques.fr\/wp-content\/uploads\/2025\/04\/IMG_9080-1024x683.jpg\" alt=\"\" class=\"wp-image-15958\" srcset=\"https:\/\/maths-olympiques.fr\/wp-content\/uploads\/2025\/04\/IMG_9080-1024x683.jpg 1024w, https:\/\/maths-olympiques.fr\/wp-content\/uploads\/2025\/04\/IMG_9080-300x200.jpg 300w, https:\/\/maths-olympiques.fr\/wp-content\/uploads\/2025\/04\/IMG_9080-768x512.jpg 768w, https:\/\/maths-olympiques.fr\/wp-content\/uploads\/2025\/04\/IMG_9080-1536x1024.jpg 1536w, https:\/\/maths-olympiques.fr\/wp-content\/uploads\/2025\/04\/IMG_9080-2048x1365.jpg 2048w\" sizes=\"auto, (max-width: 706px) 89vw, (max-width: 767px) 82vw, 740px\" \/><figcaption class=\"wp-element-caption\">La d\u00e9l\u00e9gation au (presque complet : chic \u00e0 la photographe Auriane), avec m\u00eame les coordinateurs, observateurs et board members (saurez-vous tous les identifier ?)<\/figcaption><\/figure>\n<\/figure>\n\n\n\n<!--more-->\n\n\n<h2 class=\"wp-block-heading\">Vendredi 11 avril &#8211; voyage, voyage<\/h2>\n\n\n\n<p>Vendredi matin, Ruirong, Camille, accompagn\u00e9es par Aline (leader) et Elsa (deputy leader) prennent le train de 6h16 de Paris pour retrouver Margot et Louise \u00e0 Gen\u00e8ve. L\u2019avion pr\u00e9vu \u00e0 13h30 a une heure de retard <em>(nous apprendrons par la suite qu\u2019il \u00e9tait tomb\u00e9 en panne et a \u00e9t\u00e9 remplac\u00e9)<\/em>, l\u2019occasion de faire quelques parties de \u00ab Love letters \u00bb.&nbsp;<\/p>\n\n\n\n<p>Quand nous atteignons enfin la navette pour l\u2019avion, celle-ci d\u00e9cide d\u2019entamer un concert d\u2019ouverture\/fermeture de portes, dont aucune de nos brillantes math\u00e9maticiennes ne parvient \u00e0 percer la logique. Une quinzaine de minutes plus tard, certains passagers commencent \u00e0 employer un ton agressif et signaler qu&#8217;ils ne sont pas du b\u00e9tail, quant \u00e0 nous, c&#8217;est plut\u00f4t l&#8217;hilarit\u00e9 qui r\u00e8gne. Un changement de navette et quelques m\u00e8tres de tarmac plus tard, nous retrouvons dans l&#8217;avion la leader de Norv\u00e8ge. Le monde est petit, surtout quand on va au Kosovo.<\/p>\n\n\n\n<p>Arriv\u00e9es \u00e0 Pristina, nous sommes chaleureusement accueillies par notre guide Ejota. Nous devons parlementer quelques minutes avec une vendeuse, par Google Translate interpos\u00e9, pour acheter des cartes SIM et si l&#8217;on peut, \u00e9chapper aux mauvaises surprises sur nos factures t\u00e9l\u00e9phoniques. Puis, un bus d\u00e9pose Aline \u00e0 son h\u00f4tel et le reste de&nbsp;l\u2019\u00e9quipe au sien. Un sac de goodies nous accueille, chic ! En plus, nous n&#8217;avons perdu aucune valise, contrairement aux belges. Mais o\u00f9 sont les polos d&#8217;\u00e9quipe, que nous devons arborer d\u00e8s le lendemain matin \u00e0 la c\u00e9r\u00e9monie d\u2019ouverture ? Dans le sac d&#8217;Aline, \u00e0 son h\u00f4tel, \u00e0 quelques km d&#8217;ici&#8230;<\/p>\n\n\n\n<p>Nous profitons d\u2019un excellent buffet avec l\u2019\u00e9quipe britannique, \u00e0 la fin duquel Edwige et Aline font irruption pour nous livrer le mat\u00e9riel \u00e9gar\u00e9. Plus tard dans la nuit, Auriane nous rejoint : elle accompagnera l\u2019\u00e9quipe en tant qu\u2019observatrice&nbsp; !<\/p>\n\n\n\n<h2 class=\"wp-block-heading\">Samedi 12 avril &#8211; Vue en hauteur sur Pristina<\/h2>\n\n\n\n<p>Le samedi matin a lieu la c\u00e9r\u00e9monie d\u2019ouverture. Les intervenants insistent notamment sur l\u2019importance de tisser des liens pendant cette semaine de comp\u00e9tition. Pour cela, on peut compter sur Camille : en une demi-journ\u00e9e, elle a d\u00e9j\u00e0 discut\u00e9 avec au moins une dizaine d\u2019\u00e9quipes, et ne compte pas s&#8217;arr\u00eater l\u00e0 !<\/p>\n\n\n\n<figure class=\"wp-block-gallery has-nested-images columns-default is-cropped wp-block-gallery-2 is-layout-flex wp-block-gallery-is-layout-flex\">\n<figure class=\"wp-block-image size-large\"><img loading=\"lazy\" decoding=\"async\" width=\"1024\" height=\"683\" data-id=\"15966\" src=\"https:\/\/maths-olympiques.fr\/wp-content\/uploads\/2025\/04\/IMG_9089-1024x683.jpg\" alt=\"\" class=\"wp-image-15966\" srcset=\"https:\/\/maths-olympiques.fr\/wp-content\/uploads\/2025\/04\/IMG_9089-1024x683.jpg 1024w, https:\/\/maths-olympiques.fr\/wp-content\/uploads\/2025\/04\/IMG_9089-300x200.jpg 300w, https:\/\/maths-olympiques.fr\/wp-content\/uploads\/2025\/04\/IMG_9089-768x512.jpg 768w, https:\/\/maths-olympiques.fr\/wp-content\/uploads\/2025\/04\/IMG_9089-1536x1024.jpg 1536w, https:\/\/maths-olympiques.fr\/wp-content\/uploads\/2025\/04\/IMG_9089-2048x1365.jpg 2048w\" sizes=\"auto, (max-width: 706px) 89vw, (max-width: 767px) 82vw, 740px\" \/><figcaption class=\"wp-element-caption\">La c\u00e9r\u00e9monie d&#8217;ouverture. On ne voit pas les \u00e9quipes de l&#8217;autre c\u00f4t\u00e9 de l&#8217;angle, mais on voit bien la sc\u00e8ne.<\/figcaption><\/figure>\n\n\n\n<figure class=\"wp-block-image size-large\"><img loading=\"lazy\" decoding=\"async\" width=\"1024\" height=\"683\" data-id=\"15957\" src=\"https:\/\/maths-olympiques.fr\/wp-content\/uploads\/2025\/04\/IMG_9070-1024x683.jpg\" alt=\"\" class=\"wp-image-15957\" srcset=\"https:\/\/maths-olympiques.fr\/wp-content\/uploads\/2025\/04\/IMG_9070-1024x683.jpg 1024w, https:\/\/maths-olympiques.fr\/wp-content\/uploads\/2025\/04\/IMG_9070-300x200.jpg 300w, https:\/\/maths-olympiques.fr\/wp-content\/uploads\/2025\/04\/IMG_9070-768x512.jpg 768w, https:\/\/maths-olympiques.fr\/wp-content\/uploads\/2025\/04\/IMG_9070-1536x1024.jpg 1536w, https:\/\/maths-olympiques.fr\/wp-content\/uploads\/2025\/04\/IMG_9070-2048x1365.jpg 2048w\" sizes=\"auto, (max-width: 706px) 89vw, (max-width: 767px) 82vw, 740px\" \/><figcaption class=\"wp-element-caption\">Ch\u00e8re Mamie, au Kosovo il y a beaucoup de Soleil, surtout quand on l&#8217;a dans les yeux<\/figcaption><\/figure>\n\n\n\n<figure class=\"wp-block-image size-large\"><img loading=\"lazy\" decoding=\"async\" width=\"1024\" height=\"683\" data-id=\"15956\" src=\"https:\/\/maths-olympiques.fr\/wp-content\/uploads\/2025\/04\/IMG_9079-1024x683.jpg\" alt=\"\" class=\"wp-image-15956\" srcset=\"https:\/\/maths-olympiques.fr\/wp-content\/uploads\/2025\/04\/IMG_9079-1024x683.jpg 1024w, https:\/\/maths-olympiques.fr\/wp-content\/uploads\/2025\/04\/IMG_9079-300x200.jpg 300w, https:\/\/maths-olympiques.fr\/wp-content\/uploads\/2025\/04\/IMG_9079-768x512.jpg 768w, https:\/\/maths-olympiques.fr\/wp-content\/uploads\/2025\/04\/IMG_9079-1536x1024.jpg 1536w, https:\/\/maths-olympiques.fr\/wp-content\/uploads\/2025\/04\/IMG_9079-2048x1365.jpg 2048w\" sizes=\"auto, (max-width: 706px) 89vw, (max-width: 767px) 82vw, 740px\" \/><figcaption class=\"wp-element-caption\">Photo CV !<\/figcaption><\/figure>\n<\/figure>\n\n\n\n<p>Dans l\u2019apr\u00e8s-midi, pendant que les coordinateurs choisissent et traduisent les sujets, les guides kosovars nous offrent une visite de la ville. Nous y d\u00e9couvrons diverses \u0153uvres artistiques rurales dont notamment le monument Newborn pr\u00e9sent dans la capitale depuis la d\u00e9claration d\u2019ind\u00e9pendance de la R\u00e9publique du Kosovo et qui rev\u00eat r\u00e9guli\u00e8rement des designs et couleurs vari\u00e9s. Aujourd\u2019hui c\u2019est donc fleuri que nous avons pu le d\u00e9couvrir !<\/p>\n\n\n\n<figure class=\"wp-block-gallery has-nested-images columns-default is-cropped wp-block-gallery-3 is-layout-flex wp-block-gallery-is-layout-flex\">\n<figure class=\"wp-block-image size-large\"><img loading=\"lazy\" decoding=\"async\" width=\"1024\" height=\"683\" data-id=\"15965\" src=\"https:\/\/maths-olympiques.fr\/wp-content\/uploads\/2025\/04\/IMG_9108-1024x683.jpg\" alt=\"\" class=\"wp-image-15965\" srcset=\"https:\/\/maths-olympiques.fr\/wp-content\/uploads\/2025\/04\/IMG_9108-1024x683.jpg 1024w, https:\/\/maths-olympiques.fr\/wp-content\/uploads\/2025\/04\/IMG_9108-300x200.jpg 300w, https:\/\/maths-olympiques.fr\/wp-content\/uploads\/2025\/04\/IMG_9108-768x512.jpg 768w, https:\/\/maths-olympiques.fr\/wp-content\/uploads\/2025\/04\/IMG_9108-1536x1024.jpg 1536w, https:\/\/maths-olympiques.fr\/wp-content\/uploads\/2025\/04\/IMG_9108-2048x1365.jpg 2048w\" sizes=\"auto, (max-width: 706px) 89vw, (max-width: 767px) 82vw, 740px\" \/><figcaption class=\"wp-element-caption\">C&#8217;est le printemps !<\/figcaption><\/figure>\n\n\n\n<figure class=\"wp-block-image size-large\"><img loading=\"lazy\" decoding=\"async\" width=\"1024\" height=\"683\" data-id=\"15960\" src=\"https:\/\/maths-olympiques.fr\/wp-content\/uploads\/2025\/04\/IMG_9107-1024x683.jpg\" alt=\"\" class=\"wp-image-15960\" srcset=\"https:\/\/maths-olympiques.fr\/wp-content\/uploads\/2025\/04\/IMG_9107-1024x683.jpg 1024w, https:\/\/maths-olympiques.fr\/wp-content\/uploads\/2025\/04\/IMG_9107-300x200.jpg 300w, https:\/\/maths-olympiques.fr\/wp-content\/uploads\/2025\/04\/IMG_9107-768x512.jpg 768w, https:\/\/maths-olympiques.fr\/wp-content\/uploads\/2025\/04\/IMG_9107-1536x1024.jpg 1536w, https:\/\/maths-olympiques.fr\/wp-content\/uploads\/2025\/04\/IMG_9107-2048x1365.jpg 2048w\" sizes=\"auto, (max-width: 706px) 89vw, (max-width: 767px) 82vw, 740px\" \/><figcaption class=\"wp-element-caption\">Cheveux au vent, vive la jeunesse<\/figcaption><\/figure>\n\n\n\n<figure class=\"wp-block-image size-large\"><img loading=\"lazy\" decoding=\"async\" width=\"1024\" height=\"683\" data-id=\"15964\" src=\"https:\/\/maths-olympiques.fr\/wp-content\/uploads\/2025\/04\/IMG_9112-1024x683.jpg\" alt=\"\" class=\"wp-image-15964\" srcset=\"https:\/\/maths-olympiques.fr\/wp-content\/uploads\/2025\/04\/IMG_9112-1024x683.jpg 1024w, https:\/\/maths-olympiques.fr\/wp-content\/uploads\/2025\/04\/IMG_9112-300x200.jpg 300w, https:\/\/maths-olympiques.fr\/wp-content\/uploads\/2025\/04\/IMG_9112-768x512.jpg 768w, https:\/\/maths-olympiques.fr\/wp-content\/uploads\/2025\/04\/IMG_9112-1536x1024.jpg 1536w, https:\/\/maths-olympiques.fr\/wp-content\/uploads\/2025\/04\/IMG_9112-2048x1365.jpg 2048w\" sizes=\"auto, (max-width: 706px) 89vw, (max-width: 767px) 82vw, 740px\" \/><figcaption class=\"wp-element-caption\">Un monument f\u00e9ministe, pile dans le th\u00e8me<\/figcaption><\/figure>\n<\/figure>\n\n\n\n<p>Nous avons ensuite visit\u00e9 la cath\u00e9drale Sainte-M\u00e8re Teresa, qui nous inspire des questionnements tr\u00e8s profonds. Apr\u00e8s un tour rapide de celle-ci, on nous propose de monter 5 minutes en haut d\u2019une des deux tours pour observer une vue imprenable sur toute la ville ; cette perspective enchante naturellement (et imm\u00e9diatement) Ruirong, Camille, Louise et Margot, qui sont ensuite rejointes par Auriane et Elsa. Mais rapidement, nous commen\u00e7ons \u00e0 regretter d\u2019avoir choisi l\u2019option \u00ab vue panoramique depuis la tour \u00bb lorsque nous p\u00e9n\u00e9trons \u00e0 12 avec les N\u00e9o-z\u00e9landaises dans l\u2019ascenseur pr\u00e9vu pour 8 personnes&#8230; Malgr\u00e9 quelques grincements, nous parvenons saines et sauves au sommet et profitons de la vue !<\/p>\n\n\n\n<figure class=\"wp-block-gallery has-nested-images columns-default is-cropped wp-block-gallery-4 is-layout-flex wp-block-gallery-is-layout-flex\">\n<figure class=\"wp-block-image size-large\"><img loading=\"lazy\" decoding=\"async\" width=\"1024\" height=\"683\" data-id=\"15963\" src=\"https:\/\/maths-olympiques.fr\/wp-content\/uploads\/2025\/04\/IMG_9142-1024x683.jpg\" alt=\"\" class=\"wp-image-15963\" srcset=\"https:\/\/maths-olympiques.fr\/wp-content\/uploads\/2025\/04\/IMG_9142-1024x683.jpg 1024w, https:\/\/maths-olympiques.fr\/wp-content\/uploads\/2025\/04\/IMG_9142-300x200.jpg 300w, https:\/\/maths-olympiques.fr\/wp-content\/uploads\/2025\/04\/IMG_9142-768x512.jpg 768w, https:\/\/maths-olympiques.fr\/wp-content\/uploads\/2025\/04\/IMG_9142-1536x1024.jpg 1536w, https:\/\/maths-olympiques.fr\/wp-content\/uploads\/2025\/04\/IMG_9142-2048x1365.jpg 2048w\" sizes=\"auto, (max-width: 706px) 89vw, (max-width: 767px) 82vw, 740px\" \/><figcaption class=\"wp-element-caption\">C&#8217;est presque montagneux ici !<\/figcaption><\/figure>\n\n\n\n<figure class=\"wp-block-image size-large\"><img loading=\"lazy\" decoding=\"async\" width=\"1024\" height=\"683\" data-id=\"15962\" src=\"https:\/\/maths-olympiques.fr\/wp-content\/uploads\/2025\/04\/IMG_9148-1024x683.jpg\" alt=\"\" class=\"wp-image-15962\" srcset=\"https:\/\/maths-olympiques.fr\/wp-content\/uploads\/2025\/04\/IMG_9148-1024x683.jpg 1024w, https:\/\/maths-olympiques.fr\/wp-content\/uploads\/2025\/04\/IMG_9148-300x200.jpg 300w, https:\/\/maths-olympiques.fr\/wp-content\/uploads\/2025\/04\/IMG_9148-768x512.jpg 768w, https:\/\/maths-olympiques.fr\/wp-content\/uploads\/2025\/04\/IMG_9148-1536x1024.jpg 1536w, https:\/\/maths-olympiques.fr\/wp-content\/uploads\/2025\/04\/IMG_9148-2048x1365.jpg 2048w\" sizes=\"auto, (max-width: 706px) 89vw, (max-width: 767px) 82vw, 740px\" \/><figcaption class=\"wp-element-caption\">Architecture typique ?<\/figcaption><\/figure>\n\n\n\n<figure class=\"wp-block-image size-large\"><img loading=\"lazy\" decoding=\"async\" width=\"1024\" height=\"683\" data-id=\"15959\" src=\"https:\/\/maths-olympiques.fr\/wp-content\/uploads\/2025\/04\/IMG_9128-1024x683.jpg\" alt=\"\" class=\"wp-image-15959\" srcset=\"https:\/\/maths-olympiques.fr\/wp-content\/uploads\/2025\/04\/IMG_9128-1024x683.jpg 1024w, https:\/\/maths-olympiques.fr\/wp-content\/uploads\/2025\/04\/IMG_9128-300x200.jpg 300w, https:\/\/maths-olympiques.fr\/wp-content\/uploads\/2025\/04\/IMG_9128-768x512.jpg 768w, https:\/\/maths-olympiques.fr\/wp-content\/uploads\/2025\/04\/IMG_9128-1536x1024.jpg 1536w, https:\/\/maths-olympiques.fr\/wp-content\/uploads\/2025\/04\/IMG_9128-2048x1365.jpg 2048w\" sizes=\"auto, (max-width: 706px) 89vw, (max-width: 767px) 82vw, 740px\" \/><figcaption class=\"wp-element-caption\">Bonne visite par un jour ensoleill\u00e9 !<\/figcaption><\/figure>\n<\/figure>\n\n\n\n<p>L\u2019\u00e9quipe belge avec laquelle nous discutons en allemand est tr\u00e8s surprise de nos talents linguistiques ! Nous avons en effet d\u00e9couvert que nous partageons toutes une connaissance (minimale) de la langue de Goethe, y compris notre guide Ejota ! Apr\u00e8s avoir pris une multitude de photos de tous les points de vue offerts par ce clocher, nous nous approchons de l&#8217;ascenseur\u2026. pr\u00eates \u00e0 l\u2019affronter de nouveau. Mais alors que nous attendons son arriv\u00e9e\u2026 il se bloque. Et l\u2019escalier, lui, est interdit <em>(apparemment trop dangereux)<\/em>&#8230; Il va donc falloir rester en haut un peu plus longtemps que les 5 minutes initialement pr\u00e9vues, nous permettant d\u2019ajouter quelques nouvelles photos \u00e0 notre collection. Finalement tout rentre dans l&#8217;ordre et nous pouvons enfin redescendre <em>(\u00e0 14 cette fois)<\/em> de la tour. Nous poursuivons joyeusement notre exploration de Pristina vers la Biblioth\u00e8que Nationale du Kosovo dont nous faisons le tour (au sens propre puisqu&#8217;elle est ferm\u00e9e). Apr\u00e8s toutes ces balades et visites, anim\u00e9s par les anecdotes et les \u00e9l\u00e9ments de cultures et d\u2019histoire apport\u00e9s par les guides, nous terminons notre journ\u00e9e par quelques courses de mat\u00e9riels et snacks pour les \u00e9preuves qui approchent, ainsi que des souvenirs.<\/p>\n\n\n\n<p>D\u00e9dicace \u00e0 Ejota qui s&#8217;est d\u00e9men\u00e9e, en albanais et en anglais, au t\u00e9l\u00e9phone et sur Google Maps, pour nous trouver un magasin qui vendait &#8230; un lecteur-adaptateur carte SD &#8211; \uf8ff, sans lequel les superbes photos d&#8217;Auriane auraient attendu au chaud dans l&#8217;appareil jusqu&#8217;\u00e0 la fin du s\u00e9jour.<\/p>\n\n\n\n<figure class=\"wp-block-gallery has-nested-images columns-default is-cropped wp-block-gallery-5 is-layout-flex wp-block-gallery-is-layout-flex\">\n<figure class=\"wp-block-image size-large\"><img loading=\"lazy\" decoding=\"async\" width=\"1024\" height=\"683\" data-id=\"15967\" src=\"https:\/\/maths-olympiques.fr\/wp-content\/uploads\/2025\/04\/IMG_9060-1024x683.jpg\" alt=\"\" class=\"wp-image-15967\" srcset=\"https:\/\/maths-olympiques.fr\/wp-content\/uploads\/2025\/04\/IMG_9060-1024x683.jpg 1024w, https:\/\/maths-olympiques.fr\/wp-content\/uploads\/2025\/04\/IMG_9060-300x200.jpg 300w, https:\/\/maths-olympiques.fr\/wp-content\/uploads\/2025\/04\/IMG_9060-768x512.jpg 768w, https:\/\/maths-olympiques.fr\/wp-content\/uploads\/2025\/04\/IMG_9060-1536x1024.jpg 1536w, https:\/\/maths-olympiques.fr\/wp-content\/uploads\/2025\/04\/IMG_9060-2048x1365.jpg 2048w\" sizes=\"auto, (max-width: 706px) 89vw, (max-width: 767px) 82vw, 740px\" \/><figcaption class=\"wp-element-caption\">Coucher de Soleil au sommet<\/figcaption><\/figure>\n<\/figure>\n\n\n\n<h2 class=\"wp-block-heading\">Dimanche 13 avril &#8211; &#8220;Patience et longueur de temps&#8230;&#8221;<\/h2>\n\n\n\n<p>Aujourd&#8217;hui, c\u2019est le grand jour : la premi\u00e8re \u00e9preuve de l&#8217;EGMO 2025 attend nos quatre math\u00e9maticiennes ! Trois probl\u00e8mes, quatre heures et demie, et une bonne dose d\u2019adr\u00e9naline en perspective.<\/p>\n\n\n\n<figure class=\"wp-block-gallery has-nested-images columns-default is-cropped wp-block-gallery-6 is-layout-flex wp-block-gallery-is-layout-flex\">\n<figure class=\"wp-block-image size-large\"><img loading=\"lazy\" decoding=\"async\" width=\"768\" height=\"1024\" data-id=\"15973\" src=\"https:\/\/maths-olympiques.fr\/wp-content\/uploads\/2025\/04\/IMG20250413062627-768x1024.jpg\" alt=\"\" class=\"wp-image-15973\" srcset=\"https:\/\/maths-olympiques.fr\/wp-content\/uploads\/2025\/04\/IMG20250413062627-768x1024.jpg 768w, https:\/\/maths-olympiques.fr\/wp-content\/uploads\/2025\/04\/IMG20250413062627-225x300.jpg 225w, https:\/\/maths-olympiques.fr\/wp-content\/uploads\/2025\/04\/IMG20250413062627-1152x1536.jpg 1152w, https:\/\/maths-olympiques.fr\/wp-content\/uploads\/2025\/04\/IMG20250413062627-1536x2048.jpg 1536w, https:\/\/maths-olympiques.fr\/wp-content\/uploads\/2025\/04\/IMG20250413062627-scaled.jpg 1920w\" sizes=\"auto, (max-width: 706px) 89vw, (max-width: 767px) 82vw, 740px\" \/><figcaption class=\"wp-element-caption\">Un solide petit-d\u00e9jeuner pour affronter les impr\u00e9vus pr\u00e9visibles de la journ\u00e9e<\/figcaption><\/figure>\n\n\n\n<figure class=\"wp-block-image size-large\"><img loading=\"lazy\" decoding=\"async\" width=\"1024\" height=\"683\" data-id=\"15974\" src=\"https:\/\/maths-olympiques.fr\/wp-content\/uploads\/2025\/04\/IMG_9163-1024x683.jpg\" alt=\"\" class=\"wp-image-15974\" srcset=\"https:\/\/maths-olympiques.fr\/wp-content\/uploads\/2025\/04\/IMG_9163-1024x683.jpg 1024w, https:\/\/maths-olympiques.fr\/wp-content\/uploads\/2025\/04\/IMG_9163-300x200.jpg 300w, https:\/\/maths-olympiques.fr\/wp-content\/uploads\/2025\/04\/IMG_9163-768x512.jpg 768w, https:\/\/maths-olympiques.fr\/wp-content\/uploads\/2025\/04\/IMG_9163-1536x1024.jpg 1536w, https:\/\/maths-olympiques.fr\/wp-content\/uploads\/2025\/04\/IMG_9163-2048x1365.jpg 2048w\" sizes=\"auto, (max-width: 706px) 89vw, (max-width: 767px) 82vw, 740px\" \/><figcaption class=\"wp-element-caption\">C&#8217;est parti pour l&#8217;aventure !<\/figcaption><\/figure>\n<\/figure>\n\n\n\n<p>Mais d\u00e8s le samedi soir, l\u2019organisation d\u00e9cide d\u2019ajouter un petit <em>twist<\/em> logistique : un premier message annonce que le rendez-vous pour le d\u00e9part pour l\u2019examen, pr\u00e9vu initialement \u00e0 8h, est finalement avanc\u00e9 \u00e0 7h30. Il est 21h30, extinction des feux imminente\u2026 les filles ajustent leurs r\u00e9veils apr\u00e8s cette nouvelle de derni\u00e8re minute. Le lendemain matin, nouvelle surprise pendant le petit d\u00e9jeuner : le d\u00e9part est finalement \u00e0 7h15. Autant dire que nous commen\u00e7ons la journ\u00e9e \u00e0 toute allure.<\/p>\n\n\n\n<p>En attendant le bus, l\u2019\u00e9quipe philosophe sur le nom de l&#8217;h\u00f4tel : \u201c<em>Sirius<\/em>\u201d. \u00c9toile la plus brillante du ciel et jadis associ\u00e9e aux grandes chaleurs estivales &#8211; \u00e0 tel point qu\u2019elle a donn\u00e9 son nom \u00e0 la <em>canicule<\/em>. Cela expliquerait-il la temp\u00e9rature tropicale qui r\u00e8gne dans les chambres et ces thermostats r\u00e9calcitrants \u00e0 toute tentative de r\u00e9gulation ? (Edwige devrait peut-\u00eatre creuser l&#8217;\u00e9tymologie du nom de l&#8217;h\u00f4tel <em>Ador<\/em>, pour comprendre pourquoi elle profite d&#8217;une douce atmosph\u00e8re temp\u00e9r\u00e9e \u00e0 16\u00b0C.)<\/p>\n\n\n\n<p>Finalement, tout le monde grimpe dans le bus, direction le parc des expositions de Pristina. Arriv\u00e9es \u00e0 l\u2019heure, nous patientons\u2026 puis patientons encore devant le b\u00e2timent que les tables soient install\u00e9es. Nous plaisantons sur les provisions de biscuits \u00e9tablies la veille : seront-elles suffisantes pour tenir le si\u00e8ge qui s&#8217;installe ? Panique \u00e0 nouveau : les gourdes non homologu\u00e9es (car ni &#8220;transparentes&#8221; ni &#8220;fournies par la comp\u00e9tition&#8221;) ne sont apparemment pas accept\u00e9es pendant les \u00e9preuves ! Notre guide Ejota, la jeune math\u00e9maticienne kosovare qui nous a d\u00e9j\u00e0 sorties d&#8217;affaire hier (rappelons que sans elle, ce reportage ne pourrait \u00eatre illustr\u00e9), nous sauve derechef en courant au supermarch\u00e9 du coin pour en ramener quatre bouteilles d\u2019eau ! Un petit \u00e9chauffement musculaire (il fait frisquet, m\u00eame sous le Soleil de la place) attire l\u2019attention d\u2019Enya, une camarade belge qui vient nous souhaiter bonne chance. L\u2019\u00e9quipe se pr\u00e9pare \u00e0 rentrer dans la salle d\u2019examen o\u00f9 (en d\u00e9pit d\u2019un retard d\u2019une heure d\u00e9j\u00e0) s\u2019op\u00e8re le contr\u00f4le minutieux de chaque affaire. Adieu mouchoirs, montres et baume \u00e0 l\u00e8vres&#8230; (nous n&#8217;avions pas de veaux, vaches, cochons, etc)<\/p>\n\n\n\n<figure class=\"wp-block-gallery has-nested-images columns-default is-cropped wp-block-gallery-7 is-layout-flex wp-block-gallery-is-layout-flex\">\n<figure class=\"wp-block-image size-large\"><img loading=\"lazy\" decoding=\"async\" width=\"1024\" height=\"683\" data-id=\"15975\" src=\"https:\/\/maths-olympiques.fr\/wp-content\/uploads\/2025\/04\/IMG_9168-1024x683.jpg\" alt=\"\" class=\"wp-image-15975\" srcset=\"https:\/\/maths-olympiques.fr\/wp-content\/uploads\/2025\/04\/IMG_9168-1024x683.jpg 1024w, https:\/\/maths-olympiques.fr\/wp-content\/uploads\/2025\/04\/IMG_9168-300x200.jpg 300w, https:\/\/maths-olympiques.fr\/wp-content\/uploads\/2025\/04\/IMG_9168-768x512.jpg 768w, https:\/\/maths-olympiques.fr\/wp-content\/uploads\/2025\/04\/IMG_9168-1536x1024.jpg 1536w, https:\/\/maths-olympiques.fr\/wp-content\/uploads\/2025\/04\/IMG_9168-2048x1365.jpg 2048w\" sizes=\"auto, (max-width: 706px) 89vw, (max-width: 767px) 82vw, 740px\" \/><figcaption class=\"wp-element-caption\">Rentrerons-nous avant ou apr\u00e8s avoir pris un coup de Soleil ?<\/figcaption><\/figure>\n\n\n\n<figure class=\"wp-block-image size-large\"><img loading=\"lazy\" decoding=\"async\" width=\"1024\" height=\"683\" data-id=\"15976\" src=\"https:\/\/maths-olympiques.fr\/wp-content\/uploads\/2025\/04\/IMG_9171-1024x683.jpg\" alt=\"\" class=\"wp-image-15976\" srcset=\"https:\/\/maths-olympiques.fr\/wp-content\/uploads\/2025\/04\/IMG_9171-1024x683.jpg 1024w, https:\/\/maths-olympiques.fr\/wp-content\/uploads\/2025\/04\/IMG_9171-300x200.jpg 300w, https:\/\/maths-olympiques.fr\/wp-content\/uploads\/2025\/04\/IMG_9171-768x512.jpg 768w, https:\/\/maths-olympiques.fr\/wp-content\/uploads\/2025\/04\/IMG_9171-1536x1024.jpg 1536w, https:\/\/maths-olympiques.fr\/wp-content\/uploads\/2025\/04\/IMG_9171-2048x1365.jpg 2048w\" sizes=\"auto, (max-width: 706px) 89vw, (max-width: 767px) 82vw, 740px\" \/><figcaption class=\"wp-element-caption\">V\u00e9rification des stocks strat\u00e9giques de sucre<\/figcaption><\/figure>\n\n\n\n<figure class=\"wp-block-image size-large\"><img loading=\"lazy\" decoding=\"async\" width=\"768\" height=\"1024\" data-id=\"15979\" src=\"https:\/\/maths-olympiques.fr\/wp-content\/uploads\/2025\/04\/IMG20250413081150-768x1024.jpg\" alt=\"\" class=\"wp-image-15979\" srcset=\"https:\/\/maths-olympiques.fr\/wp-content\/uploads\/2025\/04\/IMG20250413081150-768x1024.jpg 768w, https:\/\/maths-olympiques.fr\/wp-content\/uploads\/2025\/04\/IMG20250413081150-225x300.jpg 225w, https:\/\/maths-olympiques.fr\/wp-content\/uploads\/2025\/04\/IMG20250413081150-1152x1536.jpg 1152w, https:\/\/maths-olympiques.fr\/wp-content\/uploads\/2025\/04\/IMG20250413081150-1536x2048.jpg 1536w, https:\/\/maths-olympiques.fr\/wp-content\/uploads\/2025\/04\/IMG20250413081150-scaled.jpg 1920w\" sizes=\"auto, (max-width: 706px) 89vw, (max-width: 767px) 82vw, 740px\" \/><figcaption class=\"wp-element-caption\">Camille dirige l&#8217;\u00e9chauffement des poignets<\/figcaption><\/figure>\n<\/figure>\n\n\n\n<p>C\u2019est enfin avec 1h30 de retard que les concurrentes commencent l\u2019\u00e9preuve.<\/p>\n\n\n\n<p>Initialement annonc\u00e9e pour durer de 8h30 jusqu\u2019\u00e0 13h, celle-ci se termine donc aux alentours de 14h30. Les esprits sont un peu chamboul\u00e9s par la longueur de la matin\u00e9e mais tout le monde est soulag\u00e9 de sortir. Direction le hall du parc des expositions pour un buffet bien m\u00e9rit\u00e9 dans une ambiance musicale tr\u00e8s pr\u00e9gnante.<\/p>\n\n\n\n<figure class=\"wp-block-gallery has-nested-images columns-default is-cropped wp-block-gallery-8 is-layout-flex wp-block-gallery-is-layout-flex\">\n<figure class=\"wp-block-image size-large\"><img loading=\"lazy\" decoding=\"async\" width=\"1024\" height=\"683\" data-id=\"15978\" src=\"https:\/\/maths-olympiques.fr\/wp-content\/uploads\/2025\/04\/IMG_9179-1024x683.jpg\" alt=\"\" class=\"wp-image-15978\" srcset=\"https:\/\/maths-olympiques.fr\/wp-content\/uploads\/2025\/04\/IMG_9179-1024x683.jpg 1024w, https:\/\/maths-olympiques.fr\/wp-content\/uploads\/2025\/04\/IMG_9179-300x200.jpg 300w, https:\/\/maths-olympiques.fr\/wp-content\/uploads\/2025\/04\/IMG_9179-768x512.jpg 768w, https:\/\/maths-olympiques.fr\/wp-content\/uploads\/2025\/04\/IMG_9179-1536x1024.jpg 1536w, https:\/\/maths-olympiques.fr\/wp-content\/uploads\/2025\/04\/IMG_9179-2048x1365.jpg 2048w\" sizes=\"auto, (max-width: 706px) 89vw, (max-width: 767px) 82vw, 740px\" \/><figcaption class=\"wp-element-caption\">D\u00e9jeuner en fin d&#8217;\u00e9preuve ou go\u00fbter en faim des preuves ?<\/figcaption><\/figure>\n\n\n\n<figure class=\"wp-block-image size-large\"><img loading=\"lazy\" decoding=\"async\" width=\"1024\" height=\"683\" data-id=\"15977\" src=\"https:\/\/maths-olympiques.fr\/wp-content\/uploads\/2025\/04\/IMG_9187-1024x683.jpg\" alt=\"\" class=\"wp-image-15977\" srcset=\"https:\/\/maths-olympiques.fr\/wp-content\/uploads\/2025\/04\/IMG_9187-1024x683.jpg 1024w, https:\/\/maths-olympiques.fr\/wp-content\/uploads\/2025\/04\/IMG_9187-300x200.jpg 300w, https:\/\/maths-olympiques.fr\/wp-content\/uploads\/2025\/04\/IMG_9187-768x512.jpg 768w, https:\/\/maths-olympiques.fr\/wp-content\/uploads\/2025\/04\/IMG_9187-1536x1024.jpg 1536w, https:\/\/maths-olympiques.fr\/wp-content\/uploads\/2025\/04\/IMG_9187-2048x1365.jpg 2048w\" sizes=\"auto, (max-width: 706px) 89vw, (max-width: 767px) 82vw, 740px\" \/><figcaption class=\"wp-element-caption\">Fatigu\u00e9es ? Nous ? Quelle id\u00e9e voyons<\/figcaption><\/figure>\n<\/figure>\n\n\n\n<p>Il est 16h30 quand les filles retrouvent leur chambre \u00e0 l\u2019h\u00f4tel. Fatigu\u00e9es, un peu sur les rotules, mais contentes d\u2019avoir termin\u00e9 cette premi\u00e8re \u00e9tape, nous profitons d\u2019un bref moment de repos avant le d\u00e9part pour le d\u00eener. Ce soir, il est offert par le sponsor Citadel, \u00e0 un palace voisin, pendant que les deputy restent \u00e0 l&#8217;h\u00f4tel et que le jury est s\u00e9questr\u00e9 dans d&#8217;interminables r\u00e9unions.<\/p>\n\n\n\n<figure class=\"wp-block-gallery has-nested-images columns-default is-cropped wp-block-gallery-9 is-layout-flex wp-block-gallery-is-layout-flex\">\n<figure class=\"wp-block-image size-large\"><img loading=\"lazy\" decoding=\"async\" width=\"768\" height=\"1024\" data-id=\"15986\" src=\"https:\/\/maths-olympiques.fr\/wp-content\/uploads\/2025\/04\/signal-2025-04-14-12-08-00-696-768x1024.jpg\" alt=\"\" class=\"wp-image-15986\" srcset=\"https:\/\/maths-olympiques.fr\/wp-content\/uploads\/2025\/04\/signal-2025-04-14-12-08-00-696-768x1024.jpg 768w, https:\/\/maths-olympiques.fr\/wp-content\/uploads\/2025\/04\/signal-2025-04-14-12-08-00-696-225x300.jpg 225w, https:\/\/maths-olympiques.fr\/wp-content\/uploads\/2025\/04\/signal-2025-04-14-12-08-00-696-1152x1536.jpg 1152w, https:\/\/maths-olympiques.fr\/wp-content\/uploads\/2025\/04\/signal-2025-04-14-12-08-00-696.jpg 1536w\" sizes=\"auto, (max-width: 706px) 89vw, (max-width: 767px) 82vw, 740px\" \/><figcaption class=\"wp-element-caption\">Tenue n\u00b018 de la valise de Camille<\/figcaption><\/figure>\n\n\n\n<figure class=\"wp-block-image size-large\"><img loading=\"lazy\" decoding=\"async\" width=\"768\" height=\"1024\" data-id=\"15985\" src=\"https:\/\/maths-olympiques.fr\/wp-content\/uploads\/2025\/04\/signal-2025-04-14-12-08-22-785-768x1024.jpg\" alt=\"\" class=\"wp-image-15985\" srcset=\"https:\/\/maths-olympiques.fr\/wp-content\/uploads\/2025\/04\/signal-2025-04-14-12-08-22-785-768x1024.jpg 768w, https:\/\/maths-olympiques.fr\/wp-content\/uploads\/2025\/04\/signal-2025-04-14-12-08-22-785-225x300.jpg 225w, https:\/\/maths-olympiques.fr\/wp-content\/uploads\/2025\/04\/signal-2025-04-14-12-08-22-785-1152x1536.jpg 1152w, https:\/\/maths-olympiques.fr\/wp-content\/uploads\/2025\/04\/signal-2025-04-14-12-08-22-785.jpg 1536w\" sizes=\"auto, (max-width: 706px) 89vw, (max-width: 767px) 82vw, 740px\" \/><figcaption class=\"wp-element-caption\">Pas mal ce petit h\u00f4tel, non ?<\/figcaption><\/figure>\n\n\n\n<figure class=\"wp-block-image size-large\"><img loading=\"lazy\" decoding=\"async\" width=\"768\" height=\"1024\" data-id=\"15987\" src=\"https:\/\/maths-olympiques.fr\/wp-content\/uploads\/2025\/04\/signal-2025-04-14-12-08-33-069-768x1024.jpg\" alt=\"\" class=\"wp-image-15987\" srcset=\"https:\/\/maths-olympiques.fr\/wp-content\/uploads\/2025\/04\/signal-2025-04-14-12-08-33-069-768x1024.jpg 768w, https:\/\/maths-olympiques.fr\/wp-content\/uploads\/2025\/04\/signal-2025-04-14-12-08-33-069-225x300.jpg 225w, https:\/\/maths-olympiques.fr\/wp-content\/uploads\/2025\/04\/signal-2025-04-14-12-08-33-069-1152x1536.jpg 1152w, https:\/\/maths-olympiques.fr\/wp-content\/uploads\/2025\/04\/signal-2025-04-14-12-08-33-069.jpg 1536w\" sizes=\"auto, (max-width: 706px) 89vw, (max-width: 767px) 82vw, 740px\" \/><figcaption class=\"wp-element-caption\">Apr\u00e8s l&#8217;effort, le r\u00e9confort<\/figcaption><\/figure>\n<\/figure>\n\n\n\n<h2 class=\"wp-block-heading\">Lundi 14 avril 2025 &#8211; Une journ\u00e9e pleine de surprise&nbsp;<\/h2>\n\n\n\n<p>Ce lundi matin, Pristina s\u2019est r\u00e9veill\u00e9e sous la pluie. Mais pas question de laisser quelques gouttes alt\u00e9rer le moral des troupes : des parapluies sont distribu\u00e9s \u00e0 toutes les d\u00e9l\u00e9gations et c\u2019est avec \u00e9l\u00e9gance que l\u2019\u00e9quipe fran\u00e7aise se met en route pour le parc des expositions.&nbsp;<\/p>\n\n\n\n<p>Bonne surprise \u00e0 l\u2019arriv\u00e9e : cette fois, l\u2019entr\u00e9e est imm\u00e9diate et l\u2019installation rapide. Les concurrentes peuvent s\u2019asseoir, se concentrer, et souffler un bon coup avant le lancement de la deuxi\u00e8me et derni\u00e8re \u00e9preuve de l\u2019EGMO 2025. Une nouvelle fois, Ejota, notre guide aussi attentionn\u00e9e qu\u2019efficace, veille au grain et apporte des snacks \u00e0 tout le monde en vue de l\u2019\u00e9preuve.<\/p>\n\n\n\n<figure class=\"wp-block-gallery has-nested-images columns-default is-cropped wp-block-gallery-10 is-layout-flex wp-block-gallery-is-layout-flex\">\n<figure class=\"wp-block-image size-large\"><img loading=\"lazy\" decoding=\"async\" width=\"1024\" height=\"683\" data-id=\"15993\" src=\"https:\/\/maths-olympiques.fr\/wp-content\/uploads\/2025\/04\/IMG_9205-1024x683.jpg\" alt=\"\" class=\"wp-image-15993\" srcset=\"https:\/\/maths-olympiques.fr\/wp-content\/uploads\/2025\/04\/IMG_9205-1024x683.jpg 1024w, https:\/\/maths-olympiques.fr\/wp-content\/uploads\/2025\/04\/IMG_9205-300x200.jpg 300w, https:\/\/maths-olympiques.fr\/wp-content\/uploads\/2025\/04\/IMG_9205-768x512.jpg 768w, https:\/\/maths-olympiques.fr\/wp-content\/uploads\/2025\/04\/IMG_9205-1536x1024.jpg 1536w, https:\/\/maths-olympiques.fr\/wp-content\/uploads\/2025\/04\/IMG_9205-2048x1365.jpg 2048w\" sizes=\"auto, (max-width: 706px) 89vw, (max-width: 767px) 82vw, 740px\" \/><figcaption class=\"wp-element-caption\">Revue du mat\u00e9riel<\/figcaption><\/figure>\n\n\n\n<figure class=\"wp-block-image size-large\"><img loading=\"lazy\" decoding=\"async\" width=\"1024\" height=\"683\" data-id=\"15994\" src=\"https:\/\/maths-olympiques.fr\/wp-content\/uploads\/2025\/04\/IMG_9204-1024x683.jpg\" alt=\"\" class=\"wp-image-15994\" srcset=\"https:\/\/maths-olympiques.fr\/wp-content\/uploads\/2025\/04\/IMG_9204-1024x683.jpg 1024w, https:\/\/maths-olympiques.fr\/wp-content\/uploads\/2025\/04\/IMG_9204-300x200.jpg 300w, https:\/\/maths-olympiques.fr\/wp-content\/uploads\/2025\/04\/IMG_9204-768x512.jpg 768w, https:\/\/maths-olympiques.fr\/wp-content\/uploads\/2025\/04\/IMG_9204-1536x1024.jpg 1536w, https:\/\/maths-olympiques.fr\/wp-content\/uploads\/2025\/04\/IMG_9204-2048x1365.jpg 2048w\" sizes=\"auto, (max-width: 706px) 89vw, (max-width: 767px) 82vw, 740px\" \/><figcaption class=\"wp-element-caption\">On s&#8217;entra\u00eene \u00e0 faire et d\u00e9faire les sacs pour l&#8217;a\u00e9roport<\/figcaption><\/figure>\n<\/figure>\n\n\n\n<p>Apr\u00e8s 4h30 de r\u00e9flexion intense, tout le monde ressort soulag\u00e9 et satisfait : c\u2019est fini ! Les deux \u00e9preuves sont maintenant derri\u00e8re elles. L\u2019heure est venue de f\u00eater cela dignement, dans le hall les attend un buffet bien garni\u2026 mais surtout un stand de mocktails hautement sophistiqu\u00e9s proposant des boissons aux saveurs exotiques &#8211; fruit de la passion, ananas ou encore fraise &#8211; qui font rapidement l\u2019unanimit\u00e9 dans l\u2019\u00e9quipe.<\/p>\n\n\n\n<p>L\u2019apr\u00e8s midi se poursuit \u00e0 l\u2019h\u00f4tel Sirius, o\u00f9 un \u00e9v\u00e9nement ludique et cr\u00e9atif organis\u00e9 par Jane Street attend les participantes : puzzle, casse-t\u00eates, string art \u00e0 confectionner et un intriguant \u201cinfini hexagone\u201d \u00e0 construire\u2026 Une fa\u00e7on parfaite de clore cette journ\u00e9e tout en stimulant une derni\u00e8re fois les m\u00e9ninges. Et pour ajouter une touche sucr\u00e9e \u00e0 ce moment de convivialit\u00e9, notre camarade belge Enya partage des chocolats belges avec tout le monde pr\u00e9sent !<\/p>\n\n\n\n<figure class=\"wp-block-gallery has-nested-images columns-default is-cropped wp-block-gallery-11 is-layout-flex wp-block-gallery-is-layout-flex\">\n<figure class=\"wp-block-image size-large\"><img loading=\"lazy\" decoding=\"async\" width=\"683\" height=\"1024\" data-id=\"15995\" src=\"https:\/\/maths-olympiques.fr\/wp-content\/uploads\/2025\/04\/IMG_9262-683x1024.jpg\" alt=\"\" class=\"wp-image-15995\" srcset=\"https:\/\/maths-olympiques.fr\/wp-content\/uploads\/2025\/04\/IMG_9262-683x1024.jpg 683w, https:\/\/maths-olympiques.fr\/wp-content\/uploads\/2025\/04\/IMG_9262-200x300.jpg 200w, https:\/\/maths-olympiques.fr\/wp-content\/uploads\/2025\/04\/IMG_9262-768x1152.jpg 768w, https:\/\/maths-olympiques.fr\/wp-content\/uploads\/2025\/04\/IMG_9262-1024x1536.jpg 1024w, https:\/\/maths-olympiques.fr\/wp-content\/uploads\/2025\/04\/IMG_9262-1365x2048.jpg 1365w, https:\/\/maths-olympiques.fr\/wp-content\/uploads\/2025\/04\/IMG_9262-scaled.jpg 1707w\" sizes=\"auto, (max-width: 683px) 100vw, 683px\" \/><figcaption class=\"wp-element-caption\">S\u00fbre que pour sourire comme \u00e7a, elle est en train de faire de la g\u00e9om\u00e9trie en fait<\/figcaption><\/figure>\n\n\n\n<figure class=\"wp-block-image size-large\"><img loading=\"lazy\" decoding=\"async\" width=\"1024\" height=\"683\" data-id=\"15996\" src=\"https:\/\/maths-olympiques.fr\/wp-content\/uploads\/2025\/04\/IMG_9268-1024x683.jpg\" alt=\"\" class=\"wp-image-15996\" srcset=\"https:\/\/maths-olympiques.fr\/wp-content\/uploads\/2025\/04\/IMG_9268-1024x683.jpg 1024w, https:\/\/maths-olympiques.fr\/wp-content\/uploads\/2025\/04\/IMG_9268-300x200.jpg 300w, https:\/\/maths-olympiques.fr\/wp-content\/uploads\/2025\/04\/IMG_9268-768x512.jpg 768w, https:\/\/maths-olympiques.fr\/wp-content\/uploads\/2025\/04\/IMG_9268-1536x1024.jpg 1536w, https:\/\/maths-olympiques.fr\/wp-content\/uploads\/2025\/04\/IMG_9268-2048x1365.jpg 2048w\" sizes=\"auto, (max-width: 706px) 89vw, (max-width: 767px) 82vw, 740px\" \/><figcaption class=\"wp-element-caption\">Ah l\u00e0 c&#8217;est bien de la g\u00e9om\u00e9trie<\/figcaption><\/figure>\n\n\n\n<figure class=\"wp-block-image size-large\"><img loading=\"lazy\" decoding=\"async\" width=\"1024\" height=\"683\" data-id=\"15997\" src=\"https:\/\/maths-olympiques.fr\/wp-content\/uploads\/2025\/04\/IMG_9261-1024x683.jpg\" alt=\"\" class=\"wp-image-15997\" srcset=\"https:\/\/maths-olympiques.fr\/wp-content\/uploads\/2025\/04\/IMG_9261-1024x683.jpg 1024w, https:\/\/maths-olympiques.fr\/wp-content\/uploads\/2025\/04\/IMG_9261-300x200.jpg 300w, https:\/\/maths-olympiques.fr\/wp-content\/uploads\/2025\/04\/IMG_9261-768x512.jpg 768w, https:\/\/maths-olympiques.fr\/wp-content\/uploads\/2025\/04\/IMG_9261-1536x1024.jpg 1536w, https:\/\/maths-olympiques.fr\/wp-content\/uploads\/2025\/04\/IMG_9261-2048x1365.jpg 2048w\" sizes=\"auto, (max-width: 706px) 89vw, (max-width: 767px) 82vw, 740px\" \/><figcaption class=\"wp-element-caption\">Qu&#8217;est-ce que je vous disais ?<\/figcaption><\/figure>\n\n\n\n<figure class=\"wp-block-image size-large\"><img loading=\"lazy\" decoding=\"async\" width=\"1024\" height=\"683\" data-id=\"15998\" src=\"https:\/\/maths-olympiques.fr\/wp-content\/uploads\/2025\/04\/IMG_9266-1024x683.jpg\" alt=\"\" class=\"wp-image-15998\" srcset=\"https:\/\/maths-olympiques.fr\/wp-content\/uploads\/2025\/04\/IMG_9266-1024x683.jpg 1024w, https:\/\/maths-olympiques.fr\/wp-content\/uploads\/2025\/04\/IMG_9266-300x200.jpg 300w, https:\/\/maths-olympiques.fr\/wp-content\/uploads\/2025\/04\/IMG_9266-768x512.jpg 768w, https:\/\/maths-olympiques.fr\/wp-content\/uploads\/2025\/04\/IMG_9266-1536x1024.jpg 1536w, https:\/\/maths-olympiques.fr\/wp-content\/uploads\/2025\/04\/IMG_9266-2048x1365.jpg 2048w\" sizes=\"auto, (max-width: 706px) 89vw, (max-width: 767px) 82vw, 740px\" \/><figcaption class=\"wp-element-caption\">Ou bien de la combinatoire ?<\/figcaption><\/figure>\n<\/figure>\n\n\n\n<h2 class=\"wp-block-heading\">15 avril &#8211;&nbsp;O\u00f9 le vrai tourisme commence, on a failli attendre<\/h2>\n\n\n\n<p>Aujourd\u2019hui, c\u2019est jour d\u2019excursion pour l\u2019EGMO 2025 ! Direction Prizren, deuxi\u00e8me ville du Kosovo, nich\u00e9e au pied des montagnes. Le trajet commence avec une petite touche d\u2019impr\u00e9vu : une longue pause de 45 minutes sur une aire d\u2019autoroute. Les organisateurs tentent de r\u00e9organiser les \u00e9quipes, ce qui donne lieu \u00e0 une valse improvis\u00e9e de d\u00e9l\u00e9gations d\u00e9plac\u00e9es d\u2019un car \u00e0 l\u2019autre.<\/p>\n\n\n\n<p>Nous arrivons finalement \u00e0 Prizren vers 10h30. Alors que nous d\u00e9ambulons dans les rues de la ville, on remarque des regards \u00e9tonn\u00e9s, presque interloqu\u00e9s, de la part des passants. En plaisantant, nous partageons cette observation avec nos guides, qui nous expliquent que Prizren n\u2019est pas une ville tr\u00e8s touristique et qu\u2019ils n\u2019ont pas l\u2019habitude de voir autant de monde d\u2019un coup.<\/p>\n\n\n\n<p>La visite d\u00e9marre en musique, ou presque : un jeu est lanc\u00e9 pour tester les comp\u00e9tences musicales de Camille. R\u00e8gle du jeu : nous lui donnons un mot, elle doit trouver une chanson contenant ce mot. Peu de mots lui r\u00e9sistent, m\u00eame si \u201cparasol\u201d et \u201cnoix\u201d donneront du fil \u00e0 retordre \u00e0 notre encyclop\u00e9die musicale vivante.<\/p>\n\n\n\n<figure class=\"wp-block-gallery has-nested-images columns-default is-cropped wp-block-gallery-12 is-layout-flex wp-block-gallery-is-layout-flex\">\n<figure class=\"wp-block-image size-large\"><img loading=\"lazy\" decoding=\"async\" width=\"683\" height=\"1024\" data-id=\"15999\" src=\"https:\/\/maths-olympiques.fr\/wp-content\/uploads\/2025\/04\/IMG_9293-683x1024.jpg\" alt=\"\" class=\"wp-image-15999\" srcset=\"https:\/\/maths-olympiques.fr\/wp-content\/uploads\/2025\/04\/IMG_9293-683x1024.jpg 683w, https:\/\/maths-olympiques.fr\/wp-content\/uploads\/2025\/04\/IMG_9293-200x300.jpg 200w, https:\/\/maths-olympiques.fr\/wp-content\/uploads\/2025\/04\/IMG_9293-768x1152.jpg 768w, https:\/\/maths-olympiques.fr\/wp-content\/uploads\/2025\/04\/IMG_9293-1024x1536.jpg 1024w, https:\/\/maths-olympiques.fr\/wp-content\/uploads\/2025\/04\/IMG_9293-1365x2048.jpg 1365w, https:\/\/maths-olympiques.fr\/wp-content\/uploads\/2025\/04\/IMG_9293-scaled.jpg 1707w\" sizes=\"auto, (max-width: 683px) 100vw, 683px\" \/><figcaption class=\"wp-element-caption\">Vue typique d&#8217;une rue Kosovare<\/figcaption><\/figure>\n\n\n\n<figure class=\"wp-block-image size-large\"><img loading=\"lazy\" decoding=\"async\" width=\"1024\" height=\"683\" data-id=\"16001\" src=\"https:\/\/maths-olympiques.fr\/wp-content\/uploads\/2025\/04\/IMG_9300-1024x683.jpg\" alt=\"\" class=\"wp-image-16001\" srcset=\"https:\/\/maths-olympiques.fr\/wp-content\/uploads\/2025\/04\/IMG_9300-1024x683.jpg 1024w, https:\/\/maths-olympiques.fr\/wp-content\/uploads\/2025\/04\/IMG_9300-300x200.jpg 300w, https:\/\/maths-olympiques.fr\/wp-content\/uploads\/2025\/04\/IMG_9300-768x512.jpg 768w, https:\/\/maths-olympiques.fr\/wp-content\/uploads\/2025\/04\/IMG_9300-1536x1024.jpg 1536w, https:\/\/maths-olympiques.fr\/wp-content\/uploads\/2025\/04\/IMG_9300-2048x1365.jpg 2048w\" sizes=\"auto, (max-width: 706px) 89vw, (max-width: 767px) 82vw, 740px\" \/><figcaption class=\"wp-element-caption\">Bon l&#8217;arri\u00e8re-plan est ce qu&#8217;il est mais l&#8217;avant-plan est bien non ?<\/figcaption><\/figure>\n\n\n\n<figure class=\"wp-block-image size-large\"><img loading=\"lazy\" decoding=\"async\" width=\"683\" height=\"1024\" data-id=\"16000\" src=\"https:\/\/maths-olympiques.fr\/wp-content\/uploads\/2025\/04\/IMG_9311-683x1024.jpg\" alt=\"\" class=\"wp-image-16000\" srcset=\"https:\/\/maths-olympiques.fr\/wp-content\/uploads\/2025\/04\/IMG_9311-683x1024.jpg 683w, https:\/\/maths-olympiques.fr\/wp-content\/uploads\/2025\/04\/IMG_9311-200x300.jpg 200w, https:\/\/maths-olympiques.fr\/wp-content\/uploads\/2025\/04\/IMG_9311-768x1152.jpg 768w, https:\/\/maths-olympiques.fr\/wp-content\/uploads\/2025\/04\/IMG_9311-1024x1536.jpg 1024w, https:\/\/maths-olympiques.fr\/wp-content\/uploads\/2025\/04\/IMG_9311-1365x2048.jpg 1365w, https:\/\/maths-olympiques.fr\/wp-content\/uploads\/2025\/04\/IMG_9311-scaled.jpg 1707w\" sizes=\"auto, (max-width: 683px) 100vw, 683px\" \/><figcaption class=\"wp-element-caption\">On est venues faire du tourisme ce n&#8217;\u00e9tait pas le but, non ?<\/figcaption><\/figure>\n<\/figure>\n\n\n\n<p>Moment de tension en ville : Margot re\u00e7oit une avalanche de messages d\u2019une banque kosovare au sujet d\u2019impay\u00e9s. D\u2019abord sceptiques, pensant \u00e0 un simple scam, nous trouvons les messages \u00e9trangement cr\u00e9dibles\u2026 Encore une fois, c\u2019est Ejota qui vient \u00e0 notre secours. Avec l\u2019aide d\u2019autres guides, et m\u00eame de la chief guide, elle m\u00e8ne l\u2019enqu\u00eate. Verdict : il s\u2019agit bien de la banque kosovare, qui essaye de contacter\u2026 l\u2019ancien propri\u00e9taire du num\u00e9ro de Margot ! Une petite dette, un changement de num\u00e9ro, et une bonne frayeur.<\/p>\n\n\n\n<p>Apr\u00e8s cette parenth\u00e8se rocambolesque, nous entamons la mont\u00e9e vers la forteresse de Prizren. C\u2019est haut, \u00e7a grimpe, mais la vue en haut en vaut largement la peine. Et surtout, les appareils photo s\u2019activent. Margot immortalise l\u2019\u00e9quipe norv\u00e9gienne en compagnie de Camille, quand plus t\u00f4t un autre groupe \u2013 l\u2019\u00e9quipe irlandaise \u2013 demandait \u00e0 Auriane de les prendre en photo devant le paysage. Les photographes officiels de l\u2019EGMO s\u2019en m\u00ealent \u00e0 leur tour, filmant pendant plusieurs minutes Auriane en pleine s\u00e9ance photo de l\u2019\u00e9quipe fran\u00e7aise \u2013 avec consigne de ne surtout pas bouger ! \u2013 puis les filles elles-m\u00eames pendant qu\u2019elles posent. Camille, quant \u00e0 elle, ne rate jamais une occasion : d\u00e8s qu\u2019Auriane pointe son appareil vers le paysage, elle surgit pile devant l\u2019objectif\u2026 encha\u00eenant les poses les plus spectaculaires.<strong> <\/strong>Mention sp\u00e9ciale bien m\u00e9rit\u00e9e !<\/p>\n\n\n\n<figure class=\"wp-block-gallery has-nested-images columns-default is-cropped wp-block-gallery-13 is-layout-flex wp-block-gallery-is-layout-flex\">\n<figure class=\"wp-block-image size-large\"><img loading=\"lazy\" decoding=\"async\" width=\"1024\" height=\"683\" data-id=\"16004\" src=\"https:\/\/maths-olympiques.fr\/wp-content\/uploads\/2025\/04\/IMG_9328-1024x683.jpg\" alt=\"\" class=\"wp-image-16004\" srcset=\"https:\/\/maths-olympiques.fr\/wp-content\/uploads\/2025\/04\/IMG_9328-1024x683.jpg 1024w, https:\/\/maths-olympiques.fr\/wp-content\/uploads\/2025\/04\/IMG_9328-300x200.jpg 300w, https:\/\/maths-olympiques.fr\/wp-content\/uploads\/2025\/04\/IMG_9328-768x512.jpg 768w, https:\/\/maths-olympiques.fr\/wp-content\/uploads\/2025\/04\/IMG_9328-1536x1024.jpg 1536w, https:\/\/maths-olympiques.fr\/wp-content\/uploads\/2025\/04\/IMG_9328-2048x1365.jpg 2048w\" sizes=\"auto, (max-width: 706px) 89vw, (max-width: 767px) 82vw, 740px\" \/><figcaption class=\"wp-element-caption\">Vue presque a\u00e9rienne<\/figcaption><\/figure>\n\n\n\n<figure class=\"wp-block-image size-large\"><img loading=\"lazy\" decoding=\"async\" width=\"1024\" height=\"683\" data-id=\"16002\" src=\"https:\/\/maths-olympiques.fr\/wp-content\/uploads\/2025\/04\/IMG_9338-1024x683.jpg\" alt=\"\" class=\"wp-image-16002\" srcset=\"https:\/\/maths-olympiques.fr\/wp-content\/uploads\/2025\/04\/IMG_9338-1024x683.jpg 1024w, https:\/\/maths-olympiques.fr\/wp-content\/uploads\/2025\/04\/IMG_9338-300x200.jpg 300w, https:\/\/maths-olympiques.fr\/wp-content\/uploads\/2025\/04\/IMG_9338-768x512.jpg 768w, https:\/\/maths-olympiques.fr\/wp-content\/uploads\/2025\/04\/IMG_9338-1536x1024.jpg 1536w, https:\/\/maths-olympiques.fr\/wp-content\/uploads\/2025\/04\/IMG_9338-2048x1365.jpg 2048w\" sizes=\"auto, (max-width: 706px) 89vw, (max-width: 767px) 82vw, 740px\" \/><figcaption class=\"wp-element-caption\">Tiens mais le sommet c&#8217;est tout plat en fait<\/figcaption><\/figure>\n\n\n\n<figure class=\"wp-block-image size-large\"><img loading=\"lazy\" decoding=\"async\" width=\"1024\" height=\"683\" data-id=\"16003\" src=\"https:\/\/maths-olympiques.fr\/wp-content\/uploads\/2025\/04\/IMG_9350-1024x683.jpg\" alt=\"\" class=\"wp-image-16003\" srcset=\"https:\/\/maths-olympiques.fr\/wp-content\/uploads\/2025\/04\/IMG_9350-1024x683.jpg 1024w, https:\/\/maths-olympiques.fr\/wp-content\/uploads\/2025\/04\/IMG_9350-300x200.jpg 300w, https:\/\/maths-olympiques.fr\/wp-content\/uploads\/2025\/04\/IMG_9350-768x512.jpg 768w, https:\/\/maths-olympiques.fr\/wp-content\/uploads\/2025\/04\/IMG_9350-1536x1024.jpg 1536w, https:\/\/maths-olympiques.fr\/wp-content\/uploads\/2025\/04\/IMG_9350-2048x1365.jpg 2048w\" sizes=\"auto, (max-width: 706px) 89vw, (max-width: 767px) 82vw, 740px\" \/><figcaption class=\"wp-element-caption\">Petite pose au sommet !<\/figcaption><\/figure>\n<\/figure>\n\n\n\n<p>Vers 13h, nous redescendons, le ventre un peu vide et l\u2019espoir d\u2019un pique-nique en ligne de mire. Mais celui-ci se fera attendre\u2026 plusieurs arr\u00eats plus tard, c\u2019est finalement vers 15h que nous arrivons dans un parc pour d\u00e9jeuner. Nous y retrouvons Enya, notre amie belge, et m\u00eame un petit l\u00e9zard curieux qui vient grimper sur nous !<\/p>\n\n\n\n<figure class=\"wp-block-gallery has-nested-images columns-default is-cropped wp-block-gallery-14 is-layout-flex wp-block-gallery-is-layout-flex\">\n<figure class=\"wp-block-image size-large\"><img loading=\"lazy\" decoding=\"async\" width=\"1024\" height=\"683\" data-id=\"16007\" src=\"https:\/\/maths-olympiques.fr\/wp-content\/uploads\/2025\/04\/IMG_9358-1024x683.jpg\" alt=\"\" class=\"wp-image-16007\" srcset=\"https:\/\/maths-olympiques.fr\/wp-content\/uploads\/2025\/04\/IMG_9358-1024x683.jpg 1024w, https:\/\/maths-olympiques.fr\/wp-content\/uploads\/2025\/04\/IMG_9358-300x200.jpg 300w, https:\/\/maths-olympiques.fr\/wp-content\/uploads\/2025\/04\/IMG_9358-768x512.jpg 768w, https:\/\/maths-olympiques.fr\/wp-content\/uploads\/2025\/04\/IMG_9358-1536x1024.jpg 1536w, https:\/\/maths-olympiques.fr\/wp-content\/uploads\/2025\/04\/IMG_9358-2048x1365.jpg 2048w\" sizes=\"auto, (max-width: 706px) 89vw, (max-width: 767px) 82vw, 740px\" \/><figcaption class=\"wp-element-caption\">La photo manquait de couleur alors on y a rem\u00e9di\u00e9<\/figcaption><\/figure>\n\n\n\n<figure class=\"wp-block-image size-large\"><img loading=\"lazy\" decoding=\"async\" width=\"1024\" height=\"683\" data-id=\"16008\" src=\"https:\/\/maths-olympiques.fr\/wp-content\/uploads\/2025\/04\/IMG_9398-1024x683.jpg\" alt=\"\" class=\"wp-image-16008\" srcset=\"https:\/\/maths-olympiques.fr\/wp-content\/uploads\/2025\/04\/IMG_9398-1024x683.jpg 1024w, https:\/\/maths-olympiques.fr\/wp-content\/uploads\/2025\/04\/IMG_9398-300x200.jpg 300w, https:\/\/maths-olympiques.fr\/wp-content\/uploads\/2025\/04\/IMG_9398-768x512.jpg 768w, https:\/\/maths-olympiques.fr\/wp-content\/uploads\/2025\/04\/IMG_9398-1536x1024.jpg 1536w, https:\/\/maths-olympiques.fr\/wp-content\/uploads\/2025\/04\/IMG_9398-2048x1365.jpg 2048w\" sizes=\"auto, (max-width: 706px) 89vw, (max-width: 767px) 82vw, 740px\" \/><figcaption class=\"wp-element-caption\">Les horaires de repas kosovares sont encore un peu difficiles \u00e0 assimiler pour des estomacs fran\u00e7ais<\/figcaption><\/figure>\n<\/figure>\n\n\n\n<p>En fin de journ\u00e9e, nous prenons la route pour l\u2019activit\u00e9 pr\u00e9vue par QuantCo. Initialement attendu \u00e0 18h, l\u2019escape game est malheureusement compromis par notre retard. Qu\u2019\u00e0 cela ne tienne : nous sommes invit\u00e9es \u00e0 d\u00eener dans un restaurant du Pristina Mall. Au menu, un pain traditionnel kosovar et de g\u00e9n\u00e9reuses entr\u00e9es si copieuses qu\u2019il devient difficile de finir nos assiettes \u2014 mais tout est d\u00e9licieux.<\/p>\n\n\n\n<figure class=\"wp-block-gallery has-nested-images columns-default is-cropped wp-block-gallery-15 is-layout-flex wp-block-gallery-is-layout-flex\">\n<figure class=\"wp-block-image size-large\"><img loading=\"lazy\" decoding=\"async\" width=\"1024\" height=\"768\" data-id=\"16006\" src=\"https:\/\/maths-olympiques.fr\/wp-content\/uploads\/2025\/04\/IMG20250415184115-1024x768.jpg\" alt=\"\" class=\"wp-image-16006\" srcset=\"https:\/\/maths-olympiques.fr\/wp-content\/uploads\/2025\/04\/IMG20250415184115-1024x768.jpg 1024w, https:\/\/maths-olympiques.fr\/wp-content\/uploads\/2025\/04\/IMG20250415184115-300x225.jpg 300w, https:\/\/maths-olympiques.fr\/wp-content\/uploads\/2025\/04\/IMG20250415184115-768x576.jpg 768w, https:\/\/maths-olympiques.fr\/wp-content\/uploads\/2025\/04\/IMG20250415184115-1536x1152.jpg 1536w, https:\/\/maths-olympiques.fr\/wp-content\/uploads\/2025\/04\/IMG20250415184115-2048x1536.jpg 2048w\" sizes=\"auto, (max-width: 706px) 89vw, (max-width: 767px) 82vw, 740px\" \/><figcaption class=\"wp-element-caption\">Nous ? En retard ?<\/figcaption><\/figure>\n\n\n\n<figure class=\"wp-block-image size-large\"><img loading=\"lazy\" decoding=\"async\" width=\"768\" height=\"1024\" data-id=\"16005\" src=\"https:\/\/maths-olympiques.fr\/wp-content\/uploads\/2025\/04\/IMG20250415200108-768x1024.jpg\" alt=\"\" class=\"wp-image-16005\" srcset=\"https:\/\/maths-olympiques.fr\/wp-content\/uploads\/2025\/04\/IMG20250415200108-768x1024.jpg 768w, https:\/\/maths-olympiques.fr\/wp-content\/uploads\/2025\/04\/IMG20250415200108-225x300.jpg 225w, https:\/\/maths-olympiques.fr\/wp-content\/uploads\/2025\/04\/IMG20250415200108-1152x1536.jpg 1152w, https:\/\/maths-olympiques.fr\/wp-content\/uploads\/2025\/04\/IMG20250415200108-1536x2048.jpg 1536w, https:\/\/maths-olympiques.fr\/wp-content\/uploads\/2025\/04\/IMG20250415200108-scaled.jpg 1920w\" sizes=\"auto, (max-width: 706px) 89vw, (max-width: 767px) 82vw, 740px\" \/><figcaption class=\"wp-element-caption\">Quand le retard a du bon, du tr\u00e8s bon m\u00eame<\/figcaption><\/figure>\n<\/figure>\n\n\n\n<p>Apr\u00e8s un petit crochet par la pharmacie pour acheter de la cr\u00e8me apr\u00e8s-soleil (eh oui, les premi\u00e8res rougeurs de l\u2019EGMO !), retour \u00e0 l\u2019h\u00f4tel autour de 22h. Une nuit de repos bien m\u00e9rit\u00e9e nous attend apr\u00e8s cette journ\u00e9e haute en couleurs\u2026 et en photos.<\/p>\n\n\n\n<h2 class=\"wp-block-heading\">Mercredi 16 avril &#8211; O\u00f9 l&#8217;on vole la vedette \u00e0 la c\u00e9r\u00e9monie de cl\u00f4ture<\/h2>\n\n\n\n<p>R\u00e9veil matinal pour l\u2019\u00e9quipe ! Pas question d\u2019\u00eatre en retard pour la visite du <em>Pristina Mall<\/em> : le plus grand centre commercial du Sud-Est de l\u2019Europe. Autour du petit d\u00e9jeuner, Elsa explique leurs notes aux filles (mais le contenu de ces discussions restera hautement confidentiel). En effet, les r\u00e9sultats sont d\u00e9j\u00e0 en ligne mais les barres de m\u00e9dailles n\u2019ont pas encore \u00e9t\u00e9 fix\u00e9es : la r\u00e9union du board pr\u00e9vue initialement la veille au soir a \u00e9t\u00e9 repouss\u00e9e d&#8217;abord \u00e0 7h du matin pour les coordinateurs, leaders et deputies, puis voyant que la nuit se terminerait vers 3h, il fut d\u00e9cid\u00e9 de la programmer pour 10h plut\u00f4t. La faute au probl\u00e8me 5 (P5 pour les intimes), un probl\u00e8me de combinatoire dont la correction particuli\u00e8rement litigieuse a m\u00eame inspir\u00e9 \u00e0 Elsa la cr\u00e9ation d\u2019un nouveau jeu de soci\u00e9t\u00e9 : \u00ab <em>reschedule<\/em> \u00bb, certain de figurer sous peu dans tous les cours de n\u00e9gociation de Cambridge \u00e0 HEC en passant par Harvard.<\/p>\n\n\n\n<p>Pour les filles donc, exploration du <em>Pristina Mall<\/em> ! Une fois sur place, nous attendons, une fois n&#8217;est pas coutume, 45 minutes, son ouverture. Pour nous faire patienter, nous retrouvons nos amies belges avec qui nous nous voyons proposer des bonbons mexicains que nous avalons volontiers, sans m\u00e9fiance\u2026 Ils se sont finalement r\u00e9v\u00e9l\u00e9s bien piment\u00e9s et nous avons quelques peu regrett\u00e9 de les avoir accept\u00e9s aussi na\u00efvement. Heureusement Enya et ses camarades d\u2019\u00e9quipe avaient des bonbons de chez eux, plus communs mais moins agressifs \u00e0 nos papilles.<\/p>\n\n\n\n<p>Il est finalement temps d\u2019explorer le <em>Pristina Mall<\/em>. Au programme, boutiques de souvenirs, magasins de jeux\u2026 et surtout razzia sur les bonbons et les <em>Toffifee<\/em> ! Passage incontournable par le <em>Gifi<\/em> local, o\u00f9 une mascotte a bien failli \u00eatre adopt\u00e9e par l\u2019\u00e9quipe fran\u00e7aise \u2014 seul obstacle : l\u2019absence totale de place dans les valises pour la ramener en avion\u2026 quel dommage.<\/p>\n\n\n\n<figure class=\"wp-block-gallery has-nested-images columns-default is-cropped wp-block-gallery-16 is-layout-flex wp-block-gallery-is-layout-flex\">\n<figure class=\"wp-block-image size-large\"><img loading=\"lazy\" decoding=\"async\" width=\"1024\" height=\"683\" data-id=\"16018\" src=\"https:\/\/maths-olympiques.fr\/wp-content\/uploads\/2025\/04\/IMG_9427-1024x683.jpg\" alt=\"\" class=\"wp-image-16018\" srcset=\"https:\/\/maths-olympiques.fr\/wp-content\/uploads\/2025\/04\/IMG_9427-1024x683.jpg 1024w, https:\/\/maths-olympiques.fr\/wp-content\/uploads\/2025\/04\/IMG_9427-300x200.jpg 300w, https:\/\/maths-olympiques.fr\/wp-content\/uploads\/2025\/04\/IMG_9427-768x512.jpg 768w, https:\/\/maths-olympiques.fr\/wp-content\/uploads\/2025\/04\/IMG_9427-1536x1024.jpg 1536w, https:\/\/maths-olympiques.fr\/wp-content\/uploads\/2025\/04\/IMG_9427-2048x1365.jpg 2048w\" sizes=\"auto, (max-width: 706px) 89vw, (max-width: 767px) 82vw, 740px\" \/><figcaption class=\"wp-element-caption\">Que peut receler ce grand b\u00e2timent de verre ? Vous avez 45 minutes. <\/figcaption><\/figure>\n\n\n\n<figure class=\"wp-block-image size-large\"><img loading=\"lazy\" decoding=\"async\" width=\"771\" height=\"1024\" data-id=\"16020\" src=\"https:\/\/maths-olympiques.fr\/wp-content\/uploads\/2025\/04\/WhatsApp-Image-2025-04-16-at-13.54.53-771x1024.jpeg\" alt=\"\" class=\"wp-image-16020\" srcset=\"https:\/\/maths-olympiques.fr\/wp-content\/uploads\/2025\/04\/WhatsApp-Image-2025-04-16-at-13.54.53-771x1024.jpeg 771w, https:\/\/maths-olympiques.fr\/wp-content\/uploads\/2025\/04\/WhatsApp-Image-2025-04-16-at-13.54.53-226x300.jpeg 226w, https:\/\/maths-olympiques.fr\/wp-content\/uploads\/2025\/04\/WhatsApp-Image-2025-04-16-at-13.54.53-768x1021.jpeg 768w, https:\/\/maths-olympiques.fr\/wp-content\/uploads\/2025\/04\/WhatsApp-Image-2025-04-16-at-13.54.53-1156x1536.jpeg 1156w, https:\/\/maths-olympiques.fr\/wp-content\/uploads\/2025\/04\/WhatsApp-Image-2025-04-16-at-13.54.53.jpeg 1204w\" sizes=\"auto, (max-width: 706px) 89vw, (max-width: 767px) 82vw, 740px\" \/><figcaption class=\"wp-element-caption\">Toujours surprises, jamais d\u00e9\u00e7ues<\/figcaption><\/figure>\n\n\n\n<figure class=\"wp-block-image size-large\"><img loading=\"lazy\" decoding=\"async\" width=\"683\" height=\"1024\" data-id=\"16017\" src=\"https:\/\/maths-olympiques.fr\/wp-content\/uploads\/2025\/04\/IMG_9482-683x1024.jpg\" alt=\"\" class=\"wp-image-16017\" srcset=\"https:\/\/maths-olympiques.fr\/wp-content\/uploads\/2025\/04\/IMG_9482-683x1024.jpg 683w, https:\/\/maths-olympiques.fr\/wp-content\/uploads\/2025\/04\/IMG_9482-200x300.jpg 200w, https:\/\/maths-olympiques.fr\/wp-content\/uploads\/2025\/04\/IMG_9482-768x1152.jpg 768w, https:\/\/maths-olympiques.fr\/wp-content\/uploads\/2025\/04\/IMG_9482-1024x1536.jpg 1024w, https:\/\/maths-olympiques.fr\/wp-content\/uploads\/2025\/04\/IMG_9482-1365x2048.jpg 1365w, https:\/\/maths-olympiques.fr\/wp-content\/uploads\/2025\/04\/IMG_9482-scaled.jpg 1707w\" sizes=\"auto, (max-width: 683px) 100vw, 683px\" \/><figcaption class=\"wp-element-caption\">Tr\u00e9buchera ? Tr\u00e9buchera pas ?<\/figcaption><\/figure>\n<\/figure>\n\n\n\n<p>L\u2019heure du d\u00e9jeuner approche enfin, mais il faudra encore faire preuve de patience : plus d\u2019une heure d\u2019attente avant de voir arriver les repas\u2026 Heureusement, ce moment est illumin\u00e9 par une nouvelle qui fait oublier les gargouillements de ventres : la <a href=\"https:\/\/www.egmo.org\/egmos\/egmo14\/scoreboard\/\" data-type=\"link\" data-id=\"https:\/\/www.egmo.org\/egmos\/egmo14\/scoreboard\/\">publication des r\u00e9sultats<\/a> ! <strong>Ruirong d\u00e9croche l\u2019or, Margot l\u2019argent, Camille et Louise le bronze<\/strong>. Une magnifique performance pour la France, qui se classe <strong>8e pays europ\u00e9en<\/strong>, son <strong>meilleur palmar\u00e8s historique<\/strong> (\u00e0 \u00e9galit\u00e9 avec 2015). Bravo les filles !<\/p>\n\n\n\n<figure class=\"wp-block-gallery has-nested-images columns-default is-cropped wp-block-gallery-17 is-layout-flex wp-block-gallery-is-layout-flex\">\n<figure class=\"wp-block-image size-large\"><img loading=\"lazy\" decoding=\"async\" width=\"1024\" height=\"683\" data-id=\"16019\" src=\"https:\/\/maths-olympiques.fr\/wp-content\/uploads\/2025\/04\/IMG_9446-1024x683.jpg\" alt=\"\" class=\"wp-image-16019\" srcset=\"https:\/\/maths-olympiques.fr\/wp-content\/uploads\/2025\/04\/IMG_9446-1024x683.jpg 1024w, https:\/\/maths-olympiques.fr\/wp-content\/uploads\/2025\/04\/IMG_9446-300x200.jpg 300w, https:\/\/maths-olympiques.fr\/wp-content\/uploads\/2025\/04\/IMG_9446-768x512.jpg 768w, https:\/\/maths-olympiques.fr\/wp-content\/uploads\/2025\/04\/IMG_9446-1536x1024.jpg 1536w, https:\/\/maths-olympiques.fr\/wp-content\/uploads\/2025\/04\/IMG_9446-2048x1365.jpg 2048w\" sizes=\"auto, (max-width: 706px) 89vw, (max-width: 767px) 82vw, 740px\" \/><figcaption class=\"wp-element-caption\">Chantera ? Chantera pas ?<\/figcaption><\/figure>\n\n\n\n<figure class=\"wp-block-image size-large\"><img loading=\"lazy\" decoding=\"async\" width=\"1024\" height=\"683\" data-id=\"16022\" src=\"https:\/\/maths-olympiques.fr\/wp-content\/uploads\/2025\/04\/IMG_9484-1024x683.jpg\" alt=\"\" class=\"wp-image-16022\" srcset=\"https:\/\/maths-olympiques.fr\/wp-content\/uploads\/2025\/04\/IMG_9484-1024x683.jpg 1024w, https:\/\/maths-olympiques.fr\/wp-content\/uploads\/2025\/04\/IMG_9484-300x200.jpg 300w, https:\/\/maths-olympiques.fr\/wp-content\/uploads\/2025\/04\/IMG_9484-768x512.jpg 768w, https:\/\/maths-olympiques.fr\/wp-content\/uploads\/2025\/04\/IMG_9484-1536x1024.jpg 1536w, https:\/\/maths-olympiques.fr\/wp-content\/uploads\/2025\/04\/IMG_9484-2048x1365.jpg 2048w\" sizes=\"auto, (max-width: 706px) 89vw, (max-width: 767px) 82vw, 740px\" \/><figcaption class=\"wp-element-caption\">Sympathique cette petite excursion, mais on a des m\u00e9dailles \u00e0 aller chercher nous.<\/figcaption><\/figure>\n<\/figure>\n\n\n\n<p>En d\u00e9but d\u2019apr\u00e8s-midi, il est temps de quitter le <em>Pristina Mall<\/em>. Retour express \u00e0 l\u2019h\u00f4tel avec une consigne claire : 15 minutes chrono pour se pr\u00e9parer ! Nous sommes ensuite escort\u00e9es jusqu\u2019au parc des expositions pour assister \u00e0 la c\u00e9r\u00e9monie de cl\u00f4ture\u2026 suivie d\u2019une soir\u00e9e de gala pour c\u00e9l\u00e9brer cette belle semaine.<\/p>\n\n\n\n<p>Comme de coutume, chaque participante m\u00e9daill\u00e9e a re\u00e7u sa m\u00e9daille sur l\u2019estrade, sous les applaudissements. Puisque les m\u00e9daill\u00e9es sont appel\u00e9es par groupe, il leur a souvent fallu jouer quelque peu des coudes pour \u00e9tendre au mieux son drapeau au milieu des autres (ou devant, encore mieux). Heureusement que Camille et Ruirong avaient d\u00e9nich\u00e9 et pens\u00e9 \u00e0 prendre de beaux et grands drapeaux, parce qu&#8217;ils ont servi pas moins de quatre fois dans ce d\u00e9fil\u00e9 des m\u00e9dailles ! Un moment de fiert\u00e9, d\u2019\u00e9motion et de reconnaissance pour tous les efforts fournis durant la semaine, par les participantes, mais aussi les organisateurs de cette semaine fantastique, traits un peu tir\u00e9s sur sc\u00e8ne mais visiblement \u00e9mus.<\/p>\n\n\n\n<figure class=\"wp-block-gallery has-nested-images columns-default is-cropped wp-block-gallery-18 is-layout-flex wp-block-gallery-is-layout-flex\">\n<figure class=\"wp-block-image size-large\"><img loading=\"lazy\" decoding=\"async\" width=\"1024\" height=\"683\" data-id=\"16023\" src=\"https:\/\/maths-olympiques.fr\/wp-content\/uploads\/2025\/04\/IMG_9540-1024x683.jpg\" alt=\"\" class=\"wp-image-16023\" srcset=\"https:\/\/maths-olympiques.fr\/wp-content\/uploads\/2025\/04\/IMG_9540-1024x683.jpg 1024w, https:\/\/maths-olympiques.fr\/wp-content\/uploads\/2025\/04\/IMG_9540-300x200.jpg 300w, https:\/\/maths-olympiques.fr\/wp-content\/uploads\/2025\/04\/IMG_9540-768x512.jpg 768w, https:\/\/maths-olympiques.fr\/wp-content\/uploads\/2025\/04\/IMG_9540-1536x1024.jpg 1536w, https:\/\/maths-olympiques.fr\/wp-content\/uploads\/2025\/04\/IMG_9540-2048x1365.jpg 2048w\" sizes=\"auto, (max-width: 706px) 89vw, (max-width: 767px) 82vw, 740px\" \/><figcaption class=\"wp-element-caption\">Poussez pas, poussez pas, j&#8217;ai un drapeau \u00e0 \u00e9tendre moi<\/figcaption><\/figure>\n\n\n\n<figure class=\"wp-block-image size-large\"><img loading=\"lazy\" decoding=\"async\" width=\"1024\" height=\"683\" data-id=\"16025\" src=\"https:\/\/maths-olympiques.fr\/wp-content\/uploads\/2025\/04\/IMG_9552-1024x683.jpg\" alt=\"\" class=\"wp-image-16025\" srcset=\"https:\/\/maths-olympiques.fr\/wp-content\/uploads\/2025\/04\/IMG_9552-1024x683.jpg 1024w, https:\/\/maths-olympiques.fr\/wp-content\/uploads\/2025\/04\/IMG_9552-300x200.jpg 300w, https:\/\/maths-olympiques.fr\/wp-content\/uploads\/2025\/04\/IMG_9552-768x512.jpg 768w, https:\/\/maths-olympiques.fr\/wp-content\/uploads\/2025\/04\/IMG_9552-1536x1024.jpg 1536w, https:\/\/maths-olympiques.fr\/wp-content\/uploads\/2025\/04\/IMG_9552-2048x1365.jpg 2048w\" sizes=\"auto, (max-width: 706px) 89vw, (max-width: 767px) 82vw, 740px\" \/><figcaption class=\"wp-element-caption\">Fi\u00e8re d&#8217;avoir le nom le plus impronon\u00e7able qui soit pour la pr\u00e9sentatrice Kosovare<\/figcaption><\/figure>\n\n\n\n<figure class=\"wp-block-image size-large\"><img loading=\"lazy\" decoding=\"async\" width=\"683\" height=\"1024\" data-id=\"16024\" src=\"https:\/\/maths-olympiques.fr\/wp-content\/uploads\/2025\/04\/IMG_9587-683x1024.jpg\" alt=\"\" class=\"wp-image-16024\" srcset=\"https:\/\/maths-olympiques.fr\/wp-content\/uploads\/2025\/04\/IMG_9587-683x1024.jpg 683w, https:\/\/maths-olympiques.fr\/wp-content\/uploads\/2025\/04\/IMG_9587-200x300.jpg 200w, https:\/\/maths-olympiques.fr\/wp-content\/uploads\/2025\/04\/IMG_9587-768x1152.jpg 768w, https:\/\/maths-olympiques.fr\/wp-content\/uploads\/2025\/04\/IMG_9587-1024x1536.jpg 1024w, https:\/\/maths-olympiques.fr\/wp-content\/uploads\/2025\/04\/IMG_9587-1365x2048.jpg 1365w, https:\/\/maths-olympiques.fr\/wp-content\/uploads\/2025\/04\/IMG_9587-scaled.jpg 1707w\" sizes=\"auto, (max-width: 683px) 100vw, 683px\" \/><figcaption class=\"wp-element-caption\">Un discours, un discours !<\/figcaption><\/figure>\n<\/figure>\n\n\n\n<p>Retour de la France sur sc\u00e8ne avec Edwige, notre repr\u00e9sentante \u00e0 l\u2019<em>EGMO board<\/em>, qui a re\u00e7u des mains du repr\u00e9sentant Kosovar le drapeau de la comp\u00e9tition, symbole du passage de relais vers l\u2019\u00e9dition 2026 qui se tiendra \u00e0 Bordeaux. S&#8217;ensuivit la projection de la vid\u00e9o officielle de l&#8217;EGMO 2026, justement (remerciements du fond du coeur \u00e0 Sammy pour le montage) dans laquelle nous avons pu entendre, en fran\u00e7ais au grand bonheur des suisses pr\u00e9sents dans la salle (et \u00e0 la surprise des autres de voir le propos sous-titr\u00e9&#8230; en fran\u00e7ais, puis en anglais gallicis\u00e9) quelques uns des grands math\u00e9maticiens fran\u00e7ais qui ont ouvert leur porte \u00e0 Animath pour transmettre un message de bienvenue et d&#8217;encouragement aux futures participantes.<\/p>\n\n\n\n<figure class=\"wp-block-gallery has-nested-images columns-default is-cropped wp-block-gallery-19 is-layout-flex wp-block-gallery-is-layout-flex\">\n<figure class=\"wp-block-image size-large\"><img loading=\"lazy\" decoding=\"async\" width=\"1024\" height=\"683\" data-id=\"16028\" src=\"https:\/\/maths-olympiques.fr\/wp-content\/uploads\/2025\/04\/IMG_9593-1024x683.jpg\" alt=\"\" class=\"wp-image-16028\" srcset=\"https:\/\/maths-olympiques.fr\/wp-content\/uploads\/2025\/04\/IMG_9593-1024x683.jpg 1024w, https:\/\/maths-olympiques.fr\/wp-content\/uploads\/2025\/04\/IMG_9593-300x200.jpg 300w, https:\/\/maths-olympiques.fr\/wp-content\/uploads\/2025\/04\/IMG_9593-768x512.jpg 768w, https:\/\/maths-olympiques.fr\/wp-content\/uploads\/2025\/04\/IMG_9593-1536x1024.jpg 1536w, https:\/\/maths-olympiques.fr\/wp-content\/uploads\/2025\/04\/IMG_9593-2048x1365.jpg 2048w\" sizes=\"auto, (max-width: 706px) 89vw, (max-width: 767px) 82vw, 740px\" \/><figcaption class=\"wp-element-caption\">Grand moment d&#8217;\u00e9motion (et de pression ? Nooon)<\/figcaption><\/figure>\n\n\n\n<figure class=\"wp-block-image size-large\"><img loading=\"lazy\" decoding=\"async\" width=\"1024\" height=\"683\" data-id=\"16026\" src=\"https:\/\/maths-olympiques.fr\/wp-content\/uploads\/2025\/04\/IMG_9599-1024x683.jpg\" alt=\"\" class=\"wp-image-16026\" srcset=\"https:\/\/maths-olympiques.fr\/wp-content\/uploads\/2025\/04\/IMG_9599-1024x683.jpg 1024w, https:\/\/maths-olympiques.fr\/wp-content\/uploads\/2025\/04\/IMG_9599-300x200.jpg 300w, https:\/\/maths-olympiques.fr\/wp-content\/uploads\/2025\/04\/IMG_9599-768x512.jpg 768w, https:\/\/maths-olympiques.fr\/wp-content\/uploads\/2025\/04\/IMG_9599-1536x1024.jpg 1536w, https:\/\/maths-olympiques.fr\/wp-content\/uploads\/2025\/04\/IMG_9599-2048x1365.jpg 2048w\" sizes=\"auto, (max-width: 706px) 89vw, (max-width: 767px) 82vw, 740px\" \/><figcaption class=\"wp-element-caption\">Et l\u00e0 je vote &#8220;pour&#8221; la motion &#8220;bravo \u00e0 nos championnes&#8221; <\/figcaption><\/figure>\n\n\n\n<figure class=\"wp-block-image size-large\"><img loading=\"lazy\" decoding=\"async\" width=\"1024\" height=\"683\" data-id=\"16027\" src=\"https:\/\/maths-olympiques.fr\/wp-content\/uploads\/2025\/04\/IMG_9610-1024x683.jpg\" alt=\"\" class=\"wp-image-16027\" srcset=\"https:\/\/maths-olympiques.fr\/wp-content\/uploads\/2025\/04\/IMG_9610-1024x683.jpg 1024w, https:\/\/maths-olympiques.fr\/wp-content\/uploads\/2025\/04\/IMG_9610-300x200.jpg 300w, https:\/\/maths-olympiques.fr\/wp-content\/uploads\/2025\/04\/IMG_9610-768x512.jpg 768w, https:\/\/maths-olympiques.fr\/wp-content\/uploads\/2025\/04\/IMG_9610-1536x1024.jpg 1536w, https:\/\/maths-olympiques.fr\/wp-content\/uploads\/2025\/04\/IMG_9610-2048x1365.jpg 2048w\" sizes=\"auto, (max-width: 706px) 89vw, (max-width: 767px) 82vw, 740px\" \/><figcaption class=\"wp-element-caption\">Bon et on danse quand dans tout \u00e7a ?<\/figcaption><\/figure>\n<\/figure>\n\n\n\n<p>Les surprises ont rythm\u00e9 notre soir\u00e9e. Notre guide ador\u00e9e Ejota a offert \u00e0 chacune un petit souvenir du Kosovo, attention touchante et tr\u00e8s appr\u00e9ci\u00e9e. Les bonbons mexicains nous furent propos\u00e9s de nouveau \u00e0 tout le monde, l&#8217;\u00e9quipe devant all\u00e9ger ses valises pour ranger leurs goodies et souvenirs avant leur vol de retour. Elsa et Aline, absentes plus t\u00f4t dans la journ\u00e9e, se sont fait avoir \u00e0 leur tour. Plus tard dans la soir\u00e9e, nous recevons de superbes cartes souvenirs de la part de l\u2019\u00e9quipe chinoise. Camille, quant \u00e0 elle, re\u00e7oit de l&#8217;\u00e9quipe suisse un Toblerone\u2026 qui, victime de l\u2019ambiance torride du <em>dance floor<\/em>, fond dans sa main pendant qu\u2019elle danse.<\/p>\n\n\n\n<p>La soir\u00e9e bat son plein, entre les chenilles endiabl\u00e9es et les chansons albanaises que nous d\u00e9couvrons en rythme, la piste de danse ne d\u00e9semplit pas.&nbsp; Nous partageons un dernier moment festif avec les \u00e9quipes du monde entier \u2013 un final \u00e0 la hauteur de cette belle aventure.<\/p>\n\n\n\n<p>Pour danser plus librement, Camille d\u00e9cide d\u2019emmitoufler son t\u00e9l\u00e9phone dans le drapeau fran\u00e7ais en affirmant avec certitude que personne ne pourrait venir l\u2019y chercher. Peu apr\u00e8s, une anglaise de passage ne semble pas du m\u00eame avis et le fait tomber en commen\u00e7ant \u00e0 jouer avec le drapeau\u2026<\/p>\n\n\n\n<p>\u00c0 21h30, retour \u00e0 l\u2019h\u00f4tel, les jambes fatigu\u00e9es mais le c\u0153ur l\u00e9ger. Derni\u00e8re incertitude du jour : les horaires de d\u00e9part des bus pour l\u2019a\u00e9roport demain matin. Nous esp\u00e9rons les recevoir rapidement, histoire de pouvoir se coucher l\u2019esprit tranquille et, soyons fous, d\u2019avoir le temps de petit-d\u00e9jeuner avant le d\u00e9part. Le temps passant, la seule certitude grandissant est que tout le monde cherche les informations, plus inqui\u00e9tant, les organisateurs les cherchent visiblement aussi. Heureusement, les guides sont ma\u00eetres dans l&#8217;art zen de rassurer leurs \u00e9quipes : ils nous assurent que quelque chose sera pr\u00e9vu, puisqu&#8217;ils doivent justement en discuter en r\u00e9union ce soir. Parole donn\u00e9e, parole tenue, \u00e0 23h30 un programme de ramassage nous est communiqu\u00e9, contenant m\u00eame certains horaires. Ce qui permet \u00e0 chacun d&#8217;aller se coucher confiant, les performances de la m\u00e9thode &#8220;organiser &#8211; adapter &#8211; improviser&#8221; n&#8217;\u00e9tant plus \u00e0 d\u00e9monter en cette fin de semaine.<\/p>\n\n\n\n<h2 class=\"wp-block-heading\">Jeudi 17 avril &#8211; O\u00f9 l&#8217;on prend un cours de conduite matinal<\/h2>\n\n\n\n<p>L\u2019heure du d\u00e9part a sonn\u00e9 ! Elsa remarque que la route du bus que nous avions rep\u00e9r\u00e9 la veille ne mentionne pas de halte \u00e0 l&#8217;h\u00f4tel Sirius, d\u00e9tail qui a pu \u00e9chapper \u00e0 nos yeux fatigu\u00e9s&#8230; Ejota nous rassure : bus ou taxi, c&#8217;est du pareil au m\u00eame, en l&#8217;occurence nous aurons des taxis.<\/p>\n\n\n\n<p>Deux voitures se pr\u00e9sentent \u00e0 6h45 pour Camille, Louise, Ruirong, Margot, Elsa et leurs plus ou moins volumineux bagages, puis r\u00e9cup\u00e8rent Aline quelques minutes plus tard, avant de filer en direction de l\u2019a\u00e9roport. Le chauffeur nous annonce fi\u00e8rement qu&#8217;il travaille de nuit, 16h d&#8217;affil\u00e9e tous les jours, et n&#8217;a pas dormi de la semaine pour assurer le transport des diverses d\u00e9l\u00e9gations. Ce n\u2019est pas des plus rassurants pour notre s\u00e9curit\u00e9, cependant ses r\u00e9flexes et son maniement du klaxon (indispensable ici) sont au-dessus de tout soup\u00e7on et nous arrivons sans encombre \u00e0 l\u2019a\u00e9roport. L&#8217;avion d\u00e9colle \u00e0 l&#8217;heure et n&#8217;a cette fois-ci aucun retard, mieux, il atterrit l\u00e9g\u00e8rement en avance. Nous avions de toute fa\u00e7on beaucoup de marge pour nos trains respectifs. Apr\u00e8s une petite attente \u00e0 la gare de Gen\u00e8ve, nous nous s\u00e9parons puisque Louise rentre directement \u00e0 Grenoble, tandis que toutes les autres passent par Paris, o\u00f9 certaines s&#8217;arr\u00eatent d&#8217;ailleurs. L&#8217;apr\u00e8s-midi est d\u00e9j\u00e0 bien avanc\u00e9 et il n&#8217;y a pas eu un seul retard \u00e0 d\u00e9plorer dans la journ\u00e9e, nous en serions presque d\u00e9concert\u00e9es&#8230; ne crions pas victoire trop t\u00f4t cela dit.<\/p>\n\n\n\n<p>Les valises charg\u00e9s, le coeur l\u00e9ger et les yeux brillants (pas uniquement de manque de sommeil), nous rentrons ravies de cette exp\u00e9rience, faite de belles rencontres, de d\u00e9couvertes \u00e9tonnantes, de r\u00e9ussites, de fous rires, de surprises et de souvenirs partag\u00e9s qui resteront longtemps.<\/p>\n\n\n\n<figure class=\"wp-block-image size-large is-resized\"><img loading=\"lazy\" decoding=\"async\" width=\"1024\" height=\"683\" src=\"https:\/\/maths-olympiques.fr\/wp-content\/uploads\/2025\/04\/IMG_9616-1024x683.jpg\" alt=\"\" class=\"wp-image-16029\" style=\"width:674px;height:auto\" srcset=\"https:\/\/maths-olympiques.fr\/wp-content\/uploads\/2025\/04\/IMG_9616-1024x683.jpg 1024w, https:\/\/maths-olympiques.fr\/wp-content\/uploads\/2025\/04\/IMG_9616-300x200.jpg 300w, https:\/\/maths-olympiques.fr\/wp-content\/uploads\/2025\/04\/IMG_9616-768x512.jpg 768w, https:\/\/maths-olympiques.fr\/wp-content\/uploads\/2025\/04\/IMG_9616-1536x1024.jpg 1536w, https:\/\/maths-olympiques.fr\/wp-content\/uploads\/2025\/04\/IMG_9616-2048x1365.jpg 2048w\" sizes=\"auto, (max-width: 706px) 89vw, (max-width: 767px) 82vw, 740px\" \/><figcaption class=\"wp-element-caption\">On appelle \u00e7a &#8220;incognito&#8221;<\/figcaption><\/figure>\n\n\n\n<p>A nous de jouer maintenant, pour que l&#8217;an prochain soit aussi \u00e9blouissant !<\/p>\n","protected":false},"excerpt":{"rendered":"<p>Pour sa 14\u00e8 \u00e9dition, l&#8217;EGMO se d\u00e9roule au Kosovo, dans la capitale Pristina, du 11 au 17 avril 2025. La France est repr\u00e9sent\u00e9e par Louise Deloye, Ruirong Li, Camille Pawlowski et Margot Sur-Cortier, accompagn\u00e9es de Elsa Lubek et Aline Cahuzac. Cette ann\u00e9e, la d\u00e9l\u00e9gation s&#8217;enrichit de deux observatrices : Auriane Gabaut (avec l&#8217;\u00e9quipe) et Anna &hellip; <\/p>\n<p class=\"link-more\"><a href=\"https:\/\/maths-olympiques.fr\/?p=15955\" class=\"more-link\">Continuer la lecture<span class=\"screen-reader-text\"> de &laquo;&nbsp;L&#8217;EGMO 2025 par nos envoy\u00e9es tr\u00e8s sp\u00e9ciales&nbsp;&raquo;<\/span><\/a><\/p>\n","protected":false},"author":10,"featured_media":0,"comment_status":"closed","ping_status":"closed","sticky":false,"template":"","format":"standard","meta":{"footnotes":""},"categories":[2,3],"tags":[],"class_list":["post-15955","post","type-post","status-publish","format-standard","hentry","category-toutes_les_news","category-imo_etc"],"_links":{"self":[{"href":"https:\/\/maths-olympiques.fr\/index.php?rest_route=\/wp\/v2\/posts\/15955","targetHints":{"allow":["GET"]}}],"collection":[{"href":"https:\/\/maths-olympiques.fr\/index.php?rest_route=\/wp\/v2\/posts"}],"about":[{"href":"https:\/\/maths-olympiques.fr\/index.php?rest_route=\/wp\/v2\/types\/post"}],"author":[{"embeddable":true,"href":"https:\/\/maths-olympiques.fr\/index.php?rest_route=\/wp\/v2\/users\/10"}],"replies":[{"embeddable":true,"href":"https:\/\/maths-olympiques.fr\/index.php?rest_route=%2Fwp%2Fv2%2Fcomments&post=15955"}],"version-history":[{"count":9,"href":"https:\/\/maths-olympiques.fr\/index.php?rest_route=\/wp\/v2\/posts\/15955\/revisions"}],"predecessor-version":[{"id":16041,"href":"https:\/\/maths-olympiques.fr\/index.php?rest_route=\/wp\/v2\/posts\/15955\/revisions\/16041"}],"wp:attachment":[{"href":"https:\/\/maths-olympiques.fr\/index.php?rest_route=%2Fwp%2Fv2%2Fmedia&parent=15955"}],"wp:term":[{"taxonomy":"category","embeddable":true,"href":"https:\/\/maths-olympiques.fr\/index.php?rest_route=%2Fwp%2Fv2%2Fcategories&post=15955"},{"taxonomy":"post_tag","embeddable":true,"href":"https:\/\/maths-olympiques.fr\/index.php?rest_route=%2Fwp%2Fv2%2Ftags&post=15955"}],"curies":[{"name":"wp","href":"https:\/\/api.w.org\/{rel}","templated":true}]}}