{"id":14836,"date":"2024-07-15T01:44:50","date_gmt":"2024-07-14T23:44:50","guid":{"rendered":"https:\/\/maths-olympiques.fr\/?p=14836"},"modified":"2024-08-20T23:11:21","modified_gmt":"2024-08-20T21:11:21","slug":"oim-2024-journal-de-bord","status":"publish","type":"post","link":"https:\/\/maths-olympiques.fr\/?p=14836","title":{"rendered":"OIM 2024, journal de bord"},"content":{"rendered":"\n<p><em>La 65\u00e8me \u00e9dition des Olympiades Internationales de Math\u00e9matiques se d\u00e9roule \u00e0 Bath, au Royaume-Uni, du 11 au 22 juillet.<\/em><\/p>\n\n\n\n<p><em>L&#8217;\u00e9quipe de France est compos\u00e9e de Serge Bidallier, Anatole Bouton, Erik Desurmont, Oscar Fischler, Solal Pivron-Djeddi et d&#8217;Auguste Ramondou. L&#8217;\u00e9quipe est encadr\u00e9e par Th\u00e9o Lenoir (chef d&#8217;\u00e9quipe) et Martin Rakovsky (chef d&#8217;\u00e9quipe adjoint). <\/em><\/p>\n\n\n\n<p><em>Excellente performance de la France, qui finit 21\u00e8me sur 109 pays, avec 1 mention honorable, une m\u00e9daille de bronze, trois m\u00e9dailles d&#8217;argent et une m\u00e9daille d&#8217;or. <\/em><\/p>\n\n\n\n<p><em>Le site officiel de la comp\u00e9tition se trouve <\/em><a href=\"https:\/\/www.imo2024.uk\/\">ici<\/a>. <\/p>\n\n\n<p><!--more--><\/p>\n<h1>Dimanche 14 juillet : About time<\/h1>\n<p>Hmmm le doux bruit de mon r\u00e9veil ce matin \u00e0 6h15, m&#8217;annon\u00e7ant le grand jour. et je ne parle pas de la f\u00eate nationale, compl\u00e8tement \u00e9clips\u00e9e par THE highlight : les Olympiades Internationales, \u00e7a commence aujourd&#8217;hui !<br \/>Je suis manifestement le seul \u00e0 avoir pris les horaires au s\u00e9rieux. Je retrouve Anatole et Auguste \u00e0 Ch\u00e2telet vers 7h50, puis le reste de l&#8217;\u00e9quipe \u00e0 Gare du Nord \u00e0 8h. Tous affichent un large sourire, mais ne nous y trompons pas, ils ne sont pas l\u00e0 pour visiter Stonehenge, mais bien pour terrasser les probl\u00e8mes que l&#8217;Olympiade osera mettre sur leur chemin.<\/p>\n<p>Comme le veut la tradition, je suis le seul accompagnateur de l&#8217;\u00e9quipe, puisque notre chef d&#8217;\u00e9quipe Th\u00e9o est d\u00e9j\u00e0 sur place, rassembl\u00e9 avec les chefs d&#8217;\u00e9quipe des autres pays participants, afin de d\u00e9cider des sujets des probl\u00e8mes de l&#8217;Olympiades. Nous ne pouvons pas entrer en contact avec lui, et nous ne le reverrons qu&#8217;apr\u00e8s le deuxi\u00e8me jour d&#8217;\u00e9preuve.<\/p>\n<p>On commence le passage \u00e0 la douane. Et l\u00e0, premier accroc : l&#8217;autorisation parentale de Solal ne convient pas aux douaniers. On nous pose tout un tas de questions, qui sommes-nous, qui est le responsable du groupe (ravi de constater que malgr\u00e9 les ann\u00e9es qui passent, j&#8217;ai manifestement la m\u00eame t\u00eate qu&#8217;un enfant de 17 ans. Si vous souhaitez vous faire un \u00e9lixir de Jouvence \u00e0 partir de cellules de ma peau, contactez-moi en MP), et qu&#8217;allons-nous faire en Angleterre. Au moment o\u00f9 je prononce la phrase &#8220;nous sommes l&#8217;\u00e9quipe de France aux Olympiades Internationales de Math\u00e9matiques&#8221;, le douanier se fige, ouvre grand les yeux et nous dit &#8220;vous \u00eates des champions de maths ? Approchez-vous&#8221;. Voil\u00e0 que, en plein devant le bureau de la douane, en d\u00e9pit de l&#8217;impatience de toute une file d&#8217;attente, le douanier commence \u00e0 nous raconter comment &#8220;les maths ont ruin\u00e9 [sa] vie&#8221;. S&#8217;ensuit un r\u00e9cit de 5 minutes, particuli\u00e8rement \u00e9mouvant, sur la vie d&#8217;un homme encore traumatis\u00e9 par la mati\u00e8re, mais qui nous a promis de retravailler tout \u00e7a \u00e0 sa retraite. Je remercie Auguste pour avoir fait le small talk et donn\u00e9 r\u00e9guli\u00e8rement quelques r\u00e9actions du genre &#8220;ah ouais&#8221;, &#8220;ah quand m\u00eame&#8221;, &#8220;non mais les maths c&#8217;est vraiment dur&#8221;, &#8220;vous n&#8217;\u00eates sans doute pas le seul&#8221;&#8230;<\/p>\n<p>Bref, finalement, on nous laisse passer sans plus de probl\u00e8mes (les maths ouvrent beaucoup de portes, m\u00eame celles de la douane quand on n&#8217;a pas une autorisation de sortie du territoire en r\u00e8gle). Serge me dit &#8220;l&#8217;an prochain faut tenter de passer la douane sans avoir d&#8217;autorisation du tout, voire si \u00e7a passe&#8221;.<\/p>\n<p>Nous voil\u00e0 dans l&#8217;Eurostar. Pour occuper les \u00e9l\u00e8ves, je leur demande \u00e0 chacun de me r\u00e9sumer le Royaume-Uni en 5 mots chacun. Voil\u00e0 donc l&#8217;image que poss\u00e8dent nos meilleurs \u00e9l\u00e8ves de nos meilleurs ennemis : le Royaume-Uni c&#8217;est le Brexit, la Reine (you know she passed away right ?) et plus g\u00e9n\u00e9ralement la famille royale, le Loch Ness (big up \u00e0 Nessy), le pudding, le Tea Time mais aussi Peaky Blinders, Mr Bean, et enfin le Common Wealth, ou plut\u00f4t comme dit Auguste, &#8220;l&#8217;imp\u00e9rialisme&#8221;. Oubli\u00e9s Shakespeare, les Beattles, Charlent Dickens, James Bond, Sherlock et autres figures embl\u00e9matiques&#8230;<\/p>\n<p>On arrive \u00e0 Londres, et j&#8217;ai *enfin* le temps de prendre une photo de l&#8217;\u00e9quipe :<\/p>\n<figure id=\"attachment_9368\" aria-describedby=\"caption-attachment-9368\" style=\"width: 525px\" class=\"wp-caption aligncenter\"><img loading=\"lazy\" decoding=\"async\" class=\"size-large wp-image-9368\" src=\"https:\/\/maths-olympiques.fr\/wp-content\/uploads\/2024\/07\/equipe-gare.jpg\" alt=\"\" width=\"525\" height=\"394\" \/><figcaption id=\"caption-attachment-9368\" class=\"wp-caption-text\">Chez nous, tout le monde est porte-drapeau<\/figcaption><\/figure>\n<p>Les lecteurs les plus assidus n&#8217;ont m\u00eame pas besoin de lire la suite pour reconna\u00eetre nos \u00e9l\u00e8ves. Bon, pour les pr\u00e9sentations (de gauche \u00e0 droite), Jeux Olympiques obligent, j&#8217;ai associ\u00e9 \u00e0 chaque \u00e9l\u00e8ve un athl\u00e8te fran\u00e7ais (\u00e7a vous fait r\u00e9viser comme \u00e7a, on va bient\u00f4t vouloir crier leur nom devant notre t\u00e9l\u00e9 de toute fa\u00e7on):<\/p>\n<p>-Erik : Il n&#8217;a pas encore fait d&#8217;Olympiades Internationales mais il a un gros potentiel (40\/40 \u00e0 la Balkan MO, c&#8217;est plut\u00f4t quelqu&#8217;un de solide sur ses prises). Il se compare lui-m\u00eame modestement \u00e0 Sam Avezou (escalade).<br \/>-Solal : C&#8217;est aussi sa premi\u00e8re Olympiade Internationale, mais vous l&#8217;avez probablement vu au RMM ou m\u00e9daill\u00e9 d&#8217;argent \u00e0 la JBMO. Il d\u00e9vore tous les probl\u00e8mes sur son passage, comme L\u00e9on Marchand (natation) d\u00e9vore tous les records.<br \/>-Auguste, m\u00e9daill\u00e9 de bronze \u00e0 la pr\u00e9c\u00e9dente Olympiade Internationale, m\u00e9daill\u00e9 de bronze au RMM en f\u00e9vrier, se voit plus comme Antoine Brizard (volley).<br \/>-Quand on sait qu&#8217;il est double m\u00e9daill\u00e9 d&#8217;argent aux Olympiades Internationales et m\u00e9daill\u00e9 d&#8217;or au RMM, il est difficile de ne pas comparer Anatole \u00e0 Teddy Rinner (judo).<br \/>-Serge, m\u00e9daill\u00e9 de bronze aux Olympiades Internationales et au RMM, me fait beaucoup penser \u00e0 Earvin Ngabeth (volley).<br \/>-Oscar, avec le m\u00eame palmar\u00e8s que Serge cette ann\u00e9e, m&#8217;a dit, modestement, qu&#8217;il aimait beaucoup F\u00e9lix Lebrun (tennis de table). En parlant de F\u00e9lix Lebrun, l&#8217;\u00e9quipe me dit de dire bonjour \u00e0 un certain Arthur, qui se reconna\u00eetra probablement.<\/p>\n<p>Reprenons le r\u00e9cit. L&#8217;effervescence provoqu\u00e9e par la finale de l&#8217;Euro, nous changeons un peu nos plans et d\u00e9cidons de nous rendre \u00e0 Heathrow, o\u00f9 un bus affr\u00e9t\u00e9 sp\u00e9cialement par les organisateurs de l&#8217;IMO nous attend. On emprunte donc le fameux subway.<\/p>\n<figure id=\"attachment_9368\" aria-describedby=\"caption-attachment-9368\" style=\"width: 525px\" class=\"wp-caption aligncenter\"><img loading=\"lazy\" decoding=\"async\" class=\"size-large wp-image-9368\" src=\"https:\/\/maths-olympiques.fr\/wp-content\/uploads\/2024\/07\/tube.png\" alt=\"\" width=\"525\" height=\"394\" \/><figcaption id=\"caption-attachment-9368\" class=\"wp-caption-text\">En voyant \u00e7a, on comprend qu&#8217;ils appellent \u00e7a &#8220;the tube&#8221;<\/figcaption><\/figure>\n<figure id=\"attachment_9368\" aria-describedby=\"caption-attachment-9368\" style=\"width: 525px\" class=\"wp-caption aligncenter\"><img loading=\"lazy\" decoding=\"async\" class=\"size-large wp-image-9368\" src=\"https:\/\/maths-olympiques.fr\/wp-content\/uploads\/2024\/07\/subway.jpg\" alt=\"\" width=\"525\" height=\"394\" \/><figcaption id=\"caption-attachment-9368\" class=\"wp-caption-text\">Les \u00e9l\u00e8ves dans le tube, avec notre mascotte<\/figcaption><\/figure>\n<figure id=\"attachment_9368\" aria-describedby=\"caption-attachment-9368\" style=\"width: 525px\" class=\"wp-caption aligncenter\"><img loading=\"lazy\" decoding=\"async\" class=\"size-large wp-image-9368\" src=\"https:\/\/maths-olympiques.fr\/wp-content\/uploads\/2024\/07\/aeroport.png\" alt=\"\" width=\"525\" height=\"394\" \/><figcaption id=\"caption-attachment-9368\" class=\"wp-caption-text\">Ma grimace en me demandant comment Erik a fait pour faire tenir toutes ses affaires de 10jours dans seulement deux sacs \u00e0 dos<\/figcaption><\/figure>\n<p>J&#8217;en profite pour pr\u00e9senter notre mascotte, initiative de nos \u00e9l\u00e8ves : chaque \u00e9l\u00e8ve poss\u00e8de un petit poussin jaune en peluche, quant \u00e0 moi je suis en charge de la poule (pas besoin de vous expliquer la blague&#8230;). Comme quoi ils ont vraiment des id\u00e9es brillantes&#8230;<\/p>\n<p>\u00c0 l&#8217;a\u00e9roport, on est re\u00e7u par le personnel de l&#8217;OIM, qui nous dit que le car part dans 15minutes, donc \u00e7a nous laisse autant de temps pour acheter de quoi manger. 15 minutes plus tard, on d\u00e9vore nos sandwichs en attendant le &#8220;coach&#8221; (et non Oscar, il ne s&#8217;agit pas d&#8217;un entra\u00eeneur) sur le parking (attente qui aura pris en tout 30 minutes).<br \/>Les 2h de bus vers Bath passent trop vite, on a \u00e0 peine de le temps d&#8217;\u00e9changer quelques anecdotes personnelles&#8230; on marque la diff\u00e9rence avec les autres \u00e9quipes du car, qui sont juste en train de somnoler.<\/p>\n<figure id=\"attachment_9368\" aria-describedby=\"caption-attachment-9368\" style=\"width: 525px\" class=\"wp-caption aligncenter\"><img loading=\"lazy\" decoding=\"async\" class=\"size-large wp-image-9368\" src=\"https:\/\/maths-olympiques.fr\/wp-content\/uploads\/2024\/07\/coach.jpg\" alt=\"\" width=\"525\" height=\"394\" \/><figcaption id=\"caption-attachment-9368\" class=\"wp-caption-text\">Ils sont &#8220;\u00e0 croquer&#8221;<\/figcaption><\/figure>\n<p>L&#8217;arriv\u00e9e enfin. Nouvelle photo d&#8217;\u00e9quipe, cette fois-ci avec les polos d&#8217;\u00e9quipes :<\/p>\n<figure id=\"attachment_9368\" aria-describedby=\"caption-attachment-9368\" style=\"width: 525px\" class=\"wp-caption aligncenter\"><img loading=\"lazy\" decoding=\"async\" class=\"size-large wp-image-9368\" src=\"https:\/\/maths-olympiques.fr\/wp-content\/uploads\/2024\/07\/equipe-polos.jpg\" alt=\"\" width=\"525\" height=\"394\" \/><figcaption id=\"caption-attachment-9368\" class=\"wp-caption-text\">Un petit effet &#8220;famille Dalton&#8221; vous ne trouvez pas ?<\/figcaption><\/figure>\n<p>On r\u00e9cup\u00e8re nos goodies et on se rend \u00e0 nos chambres (individuelles) pour d\u00e9poser nos affaires. On y rencontre Alex, qui sera notre guide pour la semaine, et qui nous fait faire un petit tour du grand campus. Coup de coeur imm\u00e9diat sur le hall sportif, dans lequel nous passons notre fin d&#8217;apr\u00e8s-midi, \u00e0 essayer divers sports de raquette.\u00a0<\/p>\n<p><figure id=\"attachment_9368\" aria-describedby=\"caption-attachment-9368\" style=\"width: 525px\" class=\"wp-caption aligncenter\"><img loading=\"lazy\" decoding=\"async\" class=\"size-large wp-image-9368\" src=\"https:\/\/maths-olympiques.fr\/wp-content\/uploads\/2024\/07\/goodies.jpg\" alt=\"\" width=\"525\" height=\"394\" \/><figcaption id=\"caption-attachment-9368\" class=\"wp-caption-text\">Les goodies. Le t-shirt est trop b\u00f4\u00f4\u00f4\u00f4<\/figcaption><\/figure><br \/>\n<figure id=\"attachment_9368\" aria-describedby=\"caption-attachment-9368\" style=\"width: 525px\" class=\"wp-caption aligncenter\"><img loading=\"lazy\" decoding=\"async\" class=\"size-large wp-image-9368\" src=\"https:\/\/maths-olympiques.fr\/wp-content\/uploads\/2024\/07\/pingpong.jpg\" alt=\"\" width=\"525\" height=\"394\" \/><figcaption id=\"caption-attachment-9368\" class=\"wp-caption-text\">Le photo est floue parce qu&#8217;Anatole a un coup droit beaucoup trop rapide<\/figcaption><\/figure><br \/>\n<figure id=\"attachment_9368\" aria-describedby=\"caption-attachment-9368\" style=\"width: 525px\" class=\"wp-caption aligncenter\"><img loading=\"lazy\" decoding=\"async\" class=\"size-large wp-image-9368\" src=\"https:\/\/maths-olympiques.fr\/wp-content\/uploads\/2024\/07\/squash.jpg\" alt=\"\" width=\"525\" height=\"394\" \/><figcaption id=\"caption-attachment-9368\" class=\"wp-caption-text\">Auguste et Erik d\u00e9couvrent le squash<\/figcaption><\/figure><br \/>\n<figure id=\"attachment_9368\" aria-describedby=\"caption-attachment-9368\" style=\"width: 525px\" class=\"wp-caption aligncenter\"><img loading=\"lazy\" decoding=\"async\" class=\"size-large wp-image-9368\" src=\"https:\/\/maths-olympiques.fr\/wp-content\/uploads\/2024\/07\/badminton.png\" alt=\"\" width=\"525\" height=\"394\" \/><figcaption id=\"caption-attachment-9368\" class=\"wp-caption-text\">Vous avez rat\u00e9 un match de badminton d&#8217;anthologie<\/figcaption><\/figure><br \/>\n<figure id=\"attachment_9368\" aria-describedby=\"caption-attachment-9368\" style=\"width: 525px\" class=\"wp-caption aligncenter\"><img loading=\"lazy\" decoding=\"async\" class=\"size-large wp-image-9368\" src=\"https:\/\/maths-olympiques.fr\/wp-content\/uploads\/2024\/07\/canard.png\" alt=\"\" width=\"525\" height=\"394\" \/><figcaption id=\"caption-attachment-9368\" class=\"wp-caption-text\">C&#8217;est pas du sport, c&#8217;est Auguste et un canard, pour voir si vous suivez<\/figcaption><\/figure><\/p>\n<p>On termine la soir\u00e9e avec le d\u00eener, devant la fameuse finale de l&#8217;Euro, en compagnie de l&#8217;\u00e9quipe belge :<\/p>\n<figure id=\"attachment_9368\" aria-describedby=\"caption-attachment-9368\" style=\"width: 525px\" class=\"wp-caption aligncenter\"><img loading=\"lazy\" decoding=\"async\" class=\"size-large wp-image-9368\" src=\"https:\/\/maths-olympiques.fr\/wp-content\/uploads\/2024\/07\/belges.jpg\" alt=\"\" width=\"525\" height=\"394\" \/><figcaption id=\"caption-attachment-9368\" class=\"wp-caption-text\">\u00e0 gauche Robin et \u00e0 droite Pierre-Akin, de la Belgique<\/figcaption><\/figure>\n<p>La finale anime tout le restaurant universitaire, mais les anglais repartiront d\u00e9\u00e7us. &#8220;En m\u00eame temps, ils font tout \u00e0 l&#8217;envers : nous on roule \u00e0 droite et eux \u00e0 gauche, nous on a le volant \u00e0 gauche et eux ils l&#8217;ont \u00e0 droite, donc forc\u00e9ment quand les espagnols tirent \u00e0 gauche, le gardien anglais plonge \u00e0 droite.&#8221;<br \/>Sur ces bonnes paroles, les \u00e9l\u00e8ves se couchent t\u00f4t pour caler leur sommeil avant les \u00e9preuves. \u00c0 demain si vous le voulez bien.<\/p>\n<p><!--more--><\/p>\n<h1>Lundi 15 juillet : Tomorrow and tomorrow and tomorrow <\/h1>\n<p>Car oui, aujourd&#8217;hui n&#8217;est qu&#8217;une journ\u00e9e destin\u00e9e \u00e0 pr\u00e9parer demain. Au programme : sport le matin &#8220;pour s&#8217;\u00e9puiser physiquement&#8221; et c\u00e9r\u00e9monie d&#8217;ouverture l&#8217;apr\u00e8s-midi, la recette pour bien s&#8217;endormir le soir et \u00eatre frais pour la premi\u00e8re \u00e9preuve demain. <\/p>\n<p>On commence avec le petit d\u00e9jeuner, qui se distingue du d\u00eener de la veille autant par sa qualit\u00e9 que par la quantit\u00e9 propos\u00e9e. On a du sucr\u00e9 (bon les croissants fran\u00e7ais ne souffrent pas la comparaison, mais je salue l&#8217;effort de notre h\u00f4te) mais aussi du sal\u00e9, avec des plats qui correspondant plus \u00e0 ce qu&#8217;on attend d&#8217;un petit d\u00e9jeuner anglais. <\/p>\n<figure id=\"attachment_9368\" aria-describedby=\"caption-attachment-9368\" style=\"width: 525px\" class=\"wp-caption aligncenter\"><img loading=\"lazy\" decoding=\"async\" class=\"size-large wp-image-9368\" src=\"https:\/\/maths-olympiques.fr\/wp-content\/uploads\/2024\/07\/petit-dej.jpg\" alt=\"\" width=\"525\" height=\"394\" \/><figcaption id=\"caption-attachment-9368\" class=\"wp-caption-text\">Mon plateau donne un aper\u00e7u de l&#8217;\u00e9tendue de l&#8217;offre<\/figcaption><\/figure>\n<p>Bref, apr\u00e8s avoir fini de m&#8217;extasier, on d\u00e9cide de retourner faire du sport de raquette. Je m&#8217;essaye au squash avec Erik et Serge, tandis qu&#8217;Anatole offre \u00e0 nos compatriotes belges le match de tennis de table qu&#8217;ils attendaient tant. D&#8217;apr\u00e8s Anatole, c&#8217;est une victoire \u00e9crasante pour le joueur fran\u00e7ais. Son adversaire, Pierre-Akin, pourtant num\u00e9ro 4 belge dans sa cat\u00e9gorie d&#8217;\u00e2ge (\u00e0 l&#8217;\u00e9poque, avant qu&#8217;il se fasse les ligaments crois\u00e9s, vous connaissez), d\u00e9pit\u00e9, affiche un seum \u00e0 la Thibault Courtois (si jamais vous cherchez du sel, vous en trouverez plein dans les larmes de Pierre-Akin). Pendant ce temps, sur le terrain de badminton, Oscar, Solal et Auguste, dont le niveau est pourtant loin d&#8217;\u00eatre d\u00e9shonorant, affrontent un Australien plut\u00f4t&#8230; coriace (bon le match a tourn\u00e9 \u00e0 la d\u00e9monstration, nous ne nous \u00e9tendrons pas plus sur le sujet). <\/p>\n<p>Apr\u00e8s tout ce sport, le besoin de prendre une douche se fait sentir (si si&#8230; sentir) et \u00e7a serait dommage de manquer d&#8217;hygi\u00e8ne dans une ville qui s&#8217;appelle Bath. Il est d\u00e9j\u00e0 l&#8217;heure d&#8217;aller manger. Je constate avec d\u00e9pit que le menu du d\u00e9jeuner ressemble fort au menu du d\u00eener de la veille. Cela me fait penser qu&#8217;il serait bien qu&#8217;on aille faire des emplettes au market du coin, notamment de la nourriture pour les \u00e9preuves de demain (et de quoi grignoter pour moi&#8230;). <\/p>\n<p>Vers 14h, on se rend vers la c\u00e9r\u00e9monie d&#8217;ouverture, qui a lieu dans un th\u00e9\u00e2tre de Bath, le Forum. On nous y fait poireauter pendant 1h30 (\u00e7a commence \u00e0 16h). Je me retrouve s\u00e9par\u00e9 des \u00e9l\u00e8ves, qui ont profit\u00e9 de tout ce temps pour prendre des photos avec un maximum d&#8217;autres \u00e9quipes, pendant que, \u00e0 l&#8217;autre bout de l&#8217;amphi, j&#8217;\u00e9change avec mes homologues belges, luxembourgeois et autrichiens. Petit jeu : identifiez les drapeaux sans lire la l\u00e9gende (niveau croissant de difficult\u00e9).<\/p>\n\n\n<figure class=\"wp-block-gallery has-nested-images columns-default is-cropped wp-block-gallery-1 is-layout-flex wp-block-gallery-is-layout-flex\">\n<figure class=\"wp-block-image size-large\"><img decoding=\"async\" data-id=\"13997\" src=\"https:\/\/maths-olympiques.fr\/wp-content\/uploads\/2024\/07\/equipe-forum.jpg\" alt=\"\" class=\"wp-image-13997\"\/><figcaption class=\"wp-element-caption\">Encore une photo d&#8217;\u00e9quipe<\/figcaption><\/figure>\n\n\n\n<figure class=\"wp-block-image size-large\"><img decoding=\"async\" data-id=\"13996\" src=\"https:\/\/maths-olympiques.fr\/wp-content\/uploads\/2024\/07\/belgique.jpg\" alt=\"\" class=\"wp-image-13996\"\/><figcaption class=\"wp-element-caption\">Toujours le bazar avec les belges<\/figcaption><\/figure>\n\n\n\n<figure class=\"wp-block-image size-full\"><img loading=\"lazy\" decoding=\"async\" width=\"640\" height=\"488\" data-id=\"14863\" src=\"https:\/\/maths-olympiques.fr\/wp-content\/uploads\/2024\/07\/pays-bas-1.jpg\" alt=\"\" class=\"wp-image-14863\" srcset=\"https:\/\/maths-olympiques.fr\/wp-content\/uploads\/2024\/07\/pays-bas-1.jpg 640w, https:\/\/maths-olympiques.fr\/wp-content\/uploads\/2024\/07\/pays-bas-1-300x229.jpg 300w\" sizes=\"auto, (max-width: 640px) 100vw, 640px\" \/><figcaption class=\"wp-element-caption\">Les Pays-Bas<\/figcaption><\/figure>\n\n\n\n<figure class=\"wp-block-image size-full\"><img loading=\"lazy\" decoding=\"async\" width=\"640\" height=\"360\" data-id=\"14850\" src=\"https:\/\/maths-olympiques.fr\/wp-content\/uploads\/2024\/07\/cote-divoire.png\" alt=\"\" class=\"wp-image-14850\" srcset=\"https:\/\/maths-olympiques.fr\/wp-content\/uploads\/2024\/07\/cote-divoire.png 640w, https:\/\/maths-olympiques.fr\/wp-content\/uploads\/2024\/07\/cote-divoire-300x169.png 300w\" sizes=\"auto, (max-width: 640px) 100vw, 640px\" \/><figcaption class=\"wp-element-caption\">La C\u00f4te d&#8217;Ivoire<\/figcaption><\/figure>\n<\/figure>\n\n\n<p>Alors, vous avez eu 4\/4 ?<\/p>\n<p>Avant de d\u00e9crire la c\u00e9r\u00e9monie, rappel du contexte : l&#8217;IMO 2024 devait se d\u00e9rouler \u00e0 Kiev. En 2022, l&#8217;invasion de l&#8217;Ukraine incite le comit\u00e9 d&#8217;organisation de l&#8217;IMO \u00e0 organiser la comp\u00e9tition dans un autre pays. Le Royaume-Uni, qui avait d\u00e9j\u00e0 organis\u00e9 l&#8217;IMO en 2019 \u00e0 Bath, et avait donc l&#8217;exp\u00e9rience requise pour monter le projet en 2 ans, s&#8217;est port\u00e9 volontaire, et nous voici donc \u00e0 Bath.<\/p>\n<p>Ayant ce contexte en t\u00eate, on ne sera pas surpris de voir la c\u00e9r\u00e9monie commencer par un spectacle de danse traditionnelle ukrainienne, en l&#8217;honneur du pays &#8220;o\u00f9 l&#8217;on esp\u00e8re pouvoir bient\u00f4t organiser une nouvelle IMO&#8221; (Geoff Smith). Vient ensuite le discours de Geoff Smith, ancien pr\u00e9sident du comit\u00e9 d&#8217;organisation de l&#8217;OIM et big boss de la pr\u00e9paration britannique (si si, c&#8217;est \u00e7a son titre officiel). Discours tr\u00e8s court et tr\u00e8s dr\u00f4le, je vous en partage la teneur : &#8220;Je vois que vous avez appr\u00e9ci\u00e9 la m\u00e9t\u00e9o (il a plu toute la journ\u00e9e, ndlr), nous sommes en \u00e9t\u00e9 apr\u00e8s tout. Hier soir vous avez pu appr\u00e9cier les performances sportives de l&#8217;Angleterre, \u00e0 l&#8217;image de notre m\u00e9t\u00e9o. Tout ceci fait partie de nos traditions.&#8221; Un petit message de paix pour cette Olympiade et c&#8217;est parti pour la parade des \u00e9quipes. Chaque \u00e9quipe est invit\u00e9e \u00e0 monter sur l&#8217;estrade avec son drapeau et se fait applaudir par le public. Le public est compos\u00e9 des participants, des chefs adjoints&#8230; et des chefs d&#8217;\u00e9quipe qui sont sur le balcon du th\u00e9\u00e2tre et qui ne sont toujours pas autoris\u00e9s \u00e0 entrer en contact avec leur \u00e9quipe parce qu&#8217;ils connaissent les sujets de demain et apr\u00e8s-demain. En particulier, quelque part, au-dessus de nos t\u00eates, dans la salle, respirant le m\u00eame oxyg\u00e8ne que nous, il y a Th\u00e9o. Bref, revenons \u00e0 la parade des \u00e9quipes. Certaines \u00e9quipes, au moment de monter sur l&#8217;estrade, effectuent des acrobaties, des petits gimmicks, dans l&#8217;espoir de recueillir plus d&#8217;applaudissement que les autres. D&#8217;autres \u00e9quipes recueillent naturellement plus d&#8217;applaudissement, c&#8217;est le cas du Bhoutan, dont c&#8217;est la premi\u00e8re participation \u00e0 l&#8217;IMO de son histoire, de Oman dont l&#8217;\u00e9quipe est compos\u00e9e de 6 filles et du Honduras, du Lichtenstein et du Nicaragua, pour chacun desquels l&#8217;\u00e9quipe est compos\u00e9e d&#8217;un seul \u00e9l\u00e8ve, qui a donc droit \u00e0 son petit moment solo sur sc\u00e8ne. Au moment pour l&#8217;\u00e9quipe de France de monter sur sc\u00e8ne, mon t\u00e9l\u00e9phone me fait d\u00e9faut (pour sa d\u00e9fense, il a la moiti\u00e9 de l&#8217;\u00e2ge des \u00e9l\u00e8ves). Je vous laisse appr\u00e9cier le r\u00e9sultat par vous m\u00eames.<\/p>\n<p><figure id=\"attachment_9368\" aria-describedby=\"caption-attachment-9368\" style=\"width: 525px\" class=\"wp-caption aligncenter\"><img loading=\"lazy\" decoding=\"async\" class=\"size-large wp-image-9368\" src=\"https:\/\/maths-olympiques.fr\/wp-content\/uploads\/2024\/07\/lumiere.jpg\" alt=\"\" width=\"525\" height=\"394\" \/><figcaption id=\"caption-attachment-9368\" class=\"wp-caption-text\">Photo de mon t\u00e9l\u00e9phone<\/figcaption><\/figure><br \/>\n<figure id=\"attachment_9368\" aria-describedby=\"caption-attachment-9368\" style=\"width: 525px\" class=\"wp-caption aligncenter\"><img loading=\"lazy\" decoding=\"async\" class=\"size-large wp-image-9368\" src=\"https:\/\/maths-olympiques.fr\/wp-content\/uploads\/2024\/07\/equipe-ceremonie.jpg\" alt=\"\" width=\"525\" height=\"394\" \/><figcaption id=\"caption-attachment-9368\" class=\"wp-caption-text\">Photo du t\u00e9l\u00e9phone de mon homologue luxembourgeois, un grand merci Bernard<\/figcaption><\/figure><\/p>\n<p>Apr\u00e8s la parade, on se l\u00e8ve tous pour \u00e9couter le v\u0153u solennel que font les \u00e9l\u00e8ves britanniques, au nom de tous les participants \u00e0 l&#8217;OIM, d&#8217;avoir une conduite honn\u00eate et int\u00e8gre pendant la comp\u00e9tition (en particulier, on triche pas !). Le pr\u00e9sident et la secr\u00e9taire g\u00e9n\u00e9rale du comit\u00e9 ex\u00e9cutif de l&#8217;OIM montent alors sur sc\u00e8ne pour nous parler&#8230; d&#8217;intelligence artificielle. Cette ann\u00e9e, un chercheur aurait cr\u00e9\u00e9 une IA qui aurait r\u00e9solu une bonne quantit\u00e9 des probl\u00e8mes de g\u00e9om\u00e9trie propos\u00e9s aux Oympiades Internationales (pourquoi la g\u00e9om\u00e9trie et pas les autres probl\u00e8mes ? \u00e7a serait trop long \u00e0 expliquer). Toutefois, il n&#8217;existe \u00e0 ce jour pas d&#8217;IA qui puisse obtenir une m\u00e9daille d&#8217;or aux IMO. Le cr\u00e9ateur d&#8217;une telle IA se verrait remettre un prix de 10 000 000 de dollars. Vous savez ce qu&#8217;il vous reste \u00e0 faire si vous voulez gagner un peu d&#8217;argent. Le pr\u00e9sident conclut &#8220;les \u00e9tudiants demeurent toujours plus intelligents que les machines !&#8221; (big up aux \u00e9l\u00e8ves qui n&#8217;ont pas de m\u00e9daille d&#8217;or du coup&#8230;).<\/p>\n<p>La fin de la c\u00e9r\u00e9monie se d\u00e9roule dans une cohue comme rarement on en a vue. Les \u00e9l\u00e8ves tentent tous d&#8217;apercevoir leur chef d&#8217;\u00e9quipe parmi tous les chefs d&#8217;\u00e9quipes pench\u00e9s au balcon pour faire coucou de la main \u00e0 leurs \u00e9l\u00e8ves. Moi et ma vue d\u00e9faillante tentons nous aussi, d\u00e9sesp\u00e9r\u00e9ment, de retrouver Th\u00e9o parmi cette foule. J&#8217;\u00e9tais sur le point d&#8217;abandonner quand soudain Oscar pointe du doigt un visage au loin :<\/p>\n<p><figure id=\"attachment_9368\" aria-describedby=\"caption-attachment-9368\" style=\"width: 525px\" class=\"wp-caption aligncenter\"><img loading=\"lazy\" decoding=\"async\" class=\"size-large wp-image-9368\" src=\"https:\/\/maths-olympiques.fr\/wp-content\/uploads\/2024\/07\/Theo.png\" alt=\"\" width=\"525\" height=\"394\" \/><figcaption id=\"caption-attachment-9368\" class=\"wp-caption-text\">J&#8217;avoue que la photo est tellement floue que \u00e7a pourrait \u00eatre Th\u00e9o tout comme \u00e7a pourrait \u00eatre le vendeur de cr\u00eapes en bas de ma rue<\/figcaption><\/figure><br \/>\nOn rentre finalement sur le campus de l&#8217;universit\u00e9. Les \u00e9l\u00e8ves ne sont pas du tout fatigu\u00e9s, ils sont m\u00eame surexcit\u00e9s. Croisant les belges avant qu&#8217;ils aillent enfiler leur Bath-ing suit et nager, on improvise une petite promenade sur le campus. Moi qui pensais que \u00e7a d\u00e9tendrait tout le monde, au contraire !<br \/>\n<figure id=\"attachment_9368\" aria-describedby=\"caption-attachment-9368\" style=\"width: 525px\" class=\"wp-caption aligncenter\"><img loading=\"lazy\" decoding=\"async\" class=\"size-large wp-image-9368\" src=\"https:\/\/maths-olympiques.fr\/wp-content\/uploads\/2024\/07\/poteau.jpg\" alt=\"\" width=\"525\" height=\"394\" \/><figcaption id=\"caption-attachment-9368\" class=\"wp-caption-text\">Solal, Anatole et Auguste, de vrais potos quoi<\/figcaption><\/figure><br \/>\n<figure id=\"attachment_9368\" aria-describedby=\"caption-attachment-9368\" style=\"width: 525px\" class=\"wp-caption aligncenter\"><img loading=\"lazy\" decoding=\"async\" class=\"size-large wp-image-9368\" src=\"https:\/\/maths-olympiques.fr\/wp-content\/uploads\/2024\/07\/trion-poteau.jpg\" alt=\"\" width=\"525\" height=\"394\" \/><figcaption id=\"caption-attachment-9368\" class=\"wp-caption-text\">Les potos rencontrent un poteau (rassurez-vous, c&#8217;est pour de faux)<\/figcaption><\/figure><br \/>\nOn passe devant la salle des \u00e9preuves, qui est gigantesque (600 tables en m\u00eame temps \u00e7a prend de la place) :<br \/>\n<figure id=\"attachment_9368\" aria-describedby=\"caption-attachment-9368\" style=\"width: 525px\" class=\"wp-caption aligncenter\"><img loading=\"lazy\" decoding=\"async\" class=\"size-large wp-image-9368\" src=\"https:\/\/maths-olympiques.fr\/wp-content\/uploads\/2024\/07\/salle-rotated.jpg\" alt=\"\" width=\"525\" height=\"394\" \/><figcaption id=\"caption-attachment-9368\" class=\"wp-caption-text\">Des chaises et des tables \u00e0 perte de vue<\/figcaption><\/figure><br \/>\nVers 21h, les \u00e9l\u00e8ves d\u00e9cident d&#8217;aller dormir, apr\u00e8s avoir pr\u00e9par\u00e9 leurs affaires pour le lendemain, scrupuleusement inspect\u00e9es par mes soins. En m\u00eame temps il y a des participants, je ne dirai pas qui, (Erik ton secret est sauf) \u00e0 qui il est d\u00e9j\u00e0 arriv\u00e9 d&#8217;oublier leur compas dans leur valise pendant une \u00e9preuve, donc on n&#8217;est ja-mais trop prudent. Je vous dis donc \u00e0 demain pour ce premier jour d&#8217;\u00e9preuve !<\/p>\n<p><!--more--><\/p>\n<h1>Mardi 16 juillet : Rolling in the deep <\/h1>\n<p>R\u00e9veil \u00e0 7h. Petit d\u00e9jeuner \u00e0 7h15. Les \u00e9l\u00e8ves sont pr\u00eats comme s&#8217;ils avaient pr\u00e9par\u00e9 \u00e7a depuis 3 ans (wait&#8230;). Regardez-moi ces t\u00eates de vainqueurs :<br \/>\n<figure id=\"attachment_9368\" aria-describedby=\"caption-attachment-9368\" style=\"width: 525px\" class=\"wp-caption aligncenter\"><img loading=\"lazy\" decoding=\"async\" class=\"size-large wp-image-9368\" src=\"https:\/\/maths-olympiques.fr\/wp-content\/uploads\/2024\/07\/repas.jpeg\" alt=\"\" width=\"525\" height=\"394\" \/><figcaption id=\"caption-attachment-9368\" class=\"wp-caption-text\">&#8220;Je d\u00e9vore mon muffin et apr\u00e8s j&#8217;irai d\u00e9vorer les probl\u00e8mes&#8221;<\/figcaption><\/figure><br \/>\nOn court chercher nos affaires, les \u00e9l\u00e8ves prennent leur trousse, leur sac, leur t\u00e9l\u00e9phone&#8230; puis arriv\u00e9 devant la salle, ils se rappellent qu&#8217;ils n&#8217;ont pas le droit d&#8217;avoir leur sac et leur t\u00e9l\u00e9phone. Et devinez qui n&#8217;a que deux bras et deux poches mais \u00e0 qui se retrouvent \u00e0 devoir r\u00e9cup\u00e9rer tous ces pr\u00e9cieux items&#8230; ?<br \/>\nAvant d&#8217;entrer dans la salle, Serge r\u00e9clame un speech. Je demande \u00e0 chacun de me dire quelle est l&#8217;id\u00e9e la plus styl\u00e9e qu&#8217;il a utilis\u00e9e cette ann\u00e9e. On a &#8220;utiliser une in\u00e9galit\u00e9 autonome puis passer \u00e0 la limite&#8221;, &#8220;introduire un graphe dans un probl\u00e8me qui a rien \u00e0 voir&#8221;, &#8220;compl\u00e9ter le parall\u00e9logramme&#8221;&#8230;bon c&#8217;est vrai que c&#8217;est plut\u00f4t joli toutes ces id\u00e9es, peut-\u00eatre qu&#8217;elles ne serviront pas l\u00e0, mais au moins \u00e7a leur rappelle qu&#8217;ils sont capables de beaucoup d&#8217;originalit\u00e9, et de d\u00e9ployer beaucoup de strat\u00e9gies \u00e0 partir d&#8217;un petit \u00e9nonc\u00e9 de rien du tout. Le conseil final sur lequel on se met tous d&#8217;accord, c&#8217;est qu&#8217;il faut se donner les moyens d&#8217;aller chercher les points. Cela veut dire qu&#8217;on teste les petits cas, on pousses ses id\u00e9es jusqu&#8217;au bout, on trace des grandes figures&#8230;<br \/>\n<figure id=\"attachment_9368\" aria-describedby=\"caption-attachment-9368\" style=\"width: 525px\" class=\"wp-caption aligncenter\"><img loading=\"lazy\" decoding=\"async\" class=\"size-large wp-image-9368\" src=\"https:\/\/maths-olympiques.fr\/wp-content\/uploads\/2024\/07\/equipe.jpg\" alt=\"\" width=\"525\" height=\"394\" \/><figcaption id=\"caption-attachment-9368\" class=\"wp-caption-text\">Je leur ai demand\u00e9 de me faire des t\u00eates de guerriers, j&#8217;ai eu droit \u00e0 des beaux sourires \u00e0 la place<\/figcaption><\/figure><br \/>\nPendant ce temps, on m&#8217;informe que je n&#8217;aurai pas acc\u00e8s aux probl\u00e8mes avant 11h30, soit 1h30 avant la fin de l&#8217;\u00e9preuve. Cela laisse 3h aux chefs adjoints pour s&#8217;en aller visiter les bains romains qui ont donn\u00e9 leur nom \u00e0 la ville de Bath. Bon on va pas se mentir, les fameux bains sont une piscine d&#8217;eau croupie stagnante remplie d&#8217;araign\u00e9es d&#8217;eau, m\u00eame avec une combinaison et un scaphandre je n&#8217;y envoie pas l&#8217;\u00e9l\u00e8ve que j&#8217;aime le moins. Mais le mus\u00e9e est assez bien fait, on a des audio book qui nous racontent un peu les d\u00e9tails de ce point de rencontre autour duquel s&#8217;est b\u00e2tie toute une ville (avec des effets sp\u00e9ciaux, genre des bruits de fond d&#8217;eau qui coule, ou des voix qui grelottent ou qui ont chaud d\u00e9pendant de la salle o\u00f9 l&#8217;on est). Il n&#8217;en faut pas grand chose : un temple autochtone v\u00e9n\u00e9rant une d\u00e9esse que les romains se sont empress\u00e9s de renommer, une miraculeuse source naturelle d&#8217;eau chaude (47 degr\u00e9s quand m\u00eame &#8220;attention c&#8217;est tr\u00e8s tr\u00e8s ti\u00e8de&#8221;)&#8230;et hop l\u00e0 une ville de 2000 ans d&#8217;histoire. Bref, typical Roman story. Je fais la d\u00e9couverte assez d\u00e9sagr\u00e9able que je suis un mauvais photographe : \u00e0 deux reprises un chef adjoint m&#8217;a demand\u00e9 de prendre une photo de lui devant les bains, ou devant une statue, et chaque fois je les ai surpris \u00e0 demander \u00e0 quelqu&#8217;un d&#8217;autre de prendre la m\u00eame photo un peu plus tard [ins\u00e9rer dans votre t\u00eate une musique de solitude, genre l&#8217;intro de &#8220;mad world&#8221;].<br \/>\n<figure id=\"attachment_9368\" aria-describedby=\"caption-attachment-9368\" style=\"width: 525px\" class=\"wp-caption aligncenter\"><img loading=\"lazy\" decoding=\"async\" class=\"size-large wp-image-9368\" src=\"https:\/\/maths-olympiques.fr\/wp-content\/uploads\/2024\/07\/Bath-rotated.jpg\" alt=\"\" width=\"525\" height=\"394\" \/><figcaption id=\"caption-attachment-9368\" class=\"wp-caption-text\">Les bains. Je pr\u00e9f\u00e8re ma piscine municipale<\/figcaption><\/figure><br \/>\nJe reviens, je d\u00e9couvre les probl\u00e8mes \u00e0 11h40, et on me dit que je devrai sortir de la salle \u00e0 12h30 pour attendre les \u00e9l\u00e8ves. 50 minutes pour d\u00e9couvrir un probl\u00e8me d&#8217;alg\u00e8bre, un probl\u00e8me d&#8217;arithm\u00e9tique et en troisi\u00e8me un probl\u00e8me de combinatoire. Mon compas restera dans sa bo\u00eete aujourd&#8217;hui.<br \/>\nJe retrouve les \u00e9l\u00e8ves \u00e0 la sortie, \u00e0 13h20. Je ne vous dirai pas ce qu&#8217;ils pensent ou pas avoir trouv\u00e9, je laisse le suspens.<br \/>\nL&#8217;apr\u00e8s-midi c&#8217;est une apr\u00e8s-midi d&#8217;\u00e9chec et de d\u00e9ception. Car voyez-vous, cela fait 2 jours qu&#8217;Anatole a une balle dans ses pieds et qu&#8217;il ne peut pas jouer avec. Donc il la fait rebondir contre les murs (celui de ma chambre), il la fait rouler dans la rue (les passants, fuyez)&#8230; en attendant impatiemment le moment ou ce r\u00e9f\u00e9rentiel sph\u00e9rique pourra r\u00e9aliser son potentiel et effleurer le gazon d&#8217;un terrain de foot. Mais alors qu&#8217;il allait se rendre sur le terrain avec tous ses amis, une averse vient mettre un terme \u00e0 tous ses espoirs. La route est mouill\u00e9e, l&#8217;herbe est devenue boue, plus personne ne veut jouer&#8230;Alors on trouve bien un baby foot pour faire une partie mais bon, c&#8217;est pas vraiment ce qu&#8217;il esp\u00e9rait :<br \/>\n<figure id=\"attachment_9368\" aria-describedby=\"caption-attachment-9368\" style=\"width: 525px\" class=\"wp-caption aligncenter\"><img loading=\"lazy\" decoding=\"async\" class=\"size-large wp-image-9368\" src=\"https:\/\/maths-olympiques.fr\/wp-content\/uploads\/2024\/07\/mini-baby-foot.jpg\" alt=\"\" width=\"525\" height=\"394\" \/><figcaption id=\"caption-attachment-9368\" class=\"wp-caption-text\">Autant au baby foot je ne suis pas fort, autant au baby baby foot, je lui ai mis 10-2<\/figcaption><\/figure><br \/>\nAnatole rebondit en d\u00e9fiant Oscar \u00e0 une partie d&#8217;\u00e9checs.<br \/>\n<figure id=\"attachment_9368\" aria-describedby=\"caption-attachment-9368\" style=\"width: 525px\" class=\"wp-caption aligncenter\"><img loading=\"lazy\" decoding=\"async\" class=\"size-large wp-image-9368\" src=\"https:\/\/maths-olympiques.fr\/wp-content\/uploads\/2024\/07\/echecs.jpg\" alt=\"\" width=\"525\" height=\"394\" \/><figcaption id=\"caption-attachment-9368\" class=\"wp-caption-text\">Non Oscar n&#8217;est pas puni, il joue seulement sa partie &#8220;\u00e0 l&#8217;aveugle&#8221;<\/figcaption><\/figure><br \/>\nMais voyez-vous, Oscar est 2300 ELO aux \u00e9checs. Donc il est tout \u00e0 fait capable de visualiser l&#8217;\u00e9chiquier sans le regarder et de jouer une partie d&#8217;une heure comme \u00e7a&#8230; et de battre son adversaire. Une dure journ\u00e9e pour Anatole.<br \/>\nL&#8217;\u00e9quipe se disperse. Certains iront jouer au ping-pong, d&#8217;autres se poser dans leur chambre. On se retrouve pour manger \u00e0 19h.<br \/>\n<figure id=\"attachment_9368\" aria-describedby=\"caption-attachment-9368\" style=\"width: 525px\" class=\"wp-caption aligncenter\"><img loading=\"lazy\" decoding=\"async\" class=\"size-large wp-image-9368\" src=\"https:\/\/maths-olympiques.fr\/wp-content\/uploads\/2024\/07\/manger.jpg\" alt=\"\" width=\"525\" height=\"394\" \/><figcaption id=\"caption-attachment-9368\" class=\"wp-caption-text\">Voil\u00e0 ce qu&#8217;on a comme assiette quand la cantini\u00e8re nous demande ce qu&#8217;on veut et qu&#8217;on r\u00e9pond juste &#8220;yes&#8221;<\/figcaption><\/figure><br \/>\nApr\u00e8s manger, on retente la grande \u00e9pop\u00e9e pour jouer au foot. Sauf que c&#8217;est Akin notre belge pr\u00e9f\u00e9r\u00e9 qui nous guide, et Akin il nous emm\u00e8ne sur un premier terrain qui est d\u00e9j\u00e0 occup\u00e9. Puis il se rend compte que le terrain auquel il pensait n\u00e9cessite de faire tout un tour, arriv\u00e9 l\u00e0-bas on voit que le terrain est aussi occup\u00e9&#8230; alalala. Heureusement, on croise l&#8217;\u00e9quipe d&#8217;Azerba\u00efdjan qui accepte de jouer avec nous. Le souhait d&#8217;Anatole est enfin r\u00e9alis\u00e9.<br \/>\n<figure id=\"attachment_9368\" aria-describedby=\"caption-attachment-9368\" style=\"width: 525px\" class=\"wp-caption aligncenter\"><img loading=\"lazy\" decoding=\"async\" class=\"size-large wp-image-9368\" src=\"https:\/\/maths-olympiques.fr\/wp-content\/uploads\/2024\/07\/foot.jpeg\" alt=\"\" width=\"525\" height=\"394\" \/><figcaption id=\"caption-attachment-9368\" class=\"wp-caption-text\">C&#8217;est pas tr\u00e8s dynamique tout \u00e7a<\/figcaption><\/figure><br \/>\nAnatole, Akin et moi terminons avec un peu de piscine \u00e0 21h, tandis que les autres se couchent tout doucement. <\/p>\n<p><!--more--><\/p>\n<h1>Mercredi 17 juillet : You only live twice <\/h1>\n<p>Et oui, aujourd&#8217;hui les \u00e9l\u00e8ves ont \u00e0 nouveau l&#8217;occasion de prouver leur valeur. M\u00eame rituel matinal que la veille. Je laisse les \u00e9l\u00e8ves entrer dans la salle \u00e0 8h30, en faisant mon possible pour instiguer, m\u00eame chez les moins r\u00e9veill\u00e9s, l&#8217;envie de gravir des montagnes. Une fois encore, je n&#8217;aurai pas acc\u00e8s au sujet avant 11h30. Je d\u00e9cide donc d&#8217;aller faire une sieste dans ma chambre pour prendre des forces avant les jours de coordinations. Je d\u00e9couvre ensuite les probl\u00e8mes : de la g\u00e9om\u00e9trie, de la combinatoire et un probl\u00e8me d&#8217;\u00e9quation fonctionnelle. Je retrouve Th\u00e9o \u00e0 13h pour attendre les \u00e9l\u00e8ves \u00e0 la sortie de la salle. Choix peu judicieux : l&#8217;excitation naturelle des \u00e9l\u00e8ves \u00e0 la sortie de ce deuxi\u00e8me jour et leur envie de raconter leurs trouvailles doit lutter avec l&#8217;excitation de retrouver leur chef d&#8217;\u00e9quipe ador\u00e9. Cette excitation est telle qu&#8217;on en oublierait de manger, et qu&#8217;on en oublierait d&#8217;attendre son chef adjoint (\u00e7a y est Th\u00e9o est arriv\u00e9 depuis 1h et on oublie d\u00e9j\u00e0 que j&#8217;existe, sympa les gars).<br \/>\nL&#8217;apr\u00e8s-midi, Alex nous a concoct\u00e9s une activit\u00e9 mini-golf \u00e0 Bath :<\/p>\n\n\n<figure class=\"wp-block-gallery has-nested-images columns-default is-cropped wp-block-gallery-2 is-layout-flex wp-block-gallery-is-layout-flex\">\n\n<figure class=\"wp-block-image size-large\"><img decoding=\"async\" data-id=\"13997\" src=\"https:\/\/maths-olympiques.fr\/wp-content\/uploads\/2024\/07\/Erik-golf.jpeg\" alt=\"\" class=\"wp-image-13997\"\/><figcaption class=\"wp-element-caption\">On a rarement vu Erik aussi concentr\u00e9 (et aussi calme)<\/figcaption><\/figure>\n\n\n<figure class=\"wp-block-image size-large\"><img decoding=\"async\" data-id=\"13996\" src=\"https:\/\/maths-olympiques.fr\/wp-content\/uploads\/2024\/07\/Serge-golf.jpeg\" alt=\"\" class=\"wp-image-13996\"\/><figcaption class=\"wp-element-caption\">On dirait que Serge a fait \u00e7a toute sa vie<\/figcaption><\/figure>\n\n\n<figure class=\"wp-block-image size-full\"><img decoding=\"async\" data-id=\"14863\" src=\"https:\/\/maths-olympiques.fr\/wp-content\/uploads\/2024\/07\/Theo-golf.jpeg\" alt=\"\" class=\"wp-image-14863\"\/><figcaption class=\"wp-element-caption\">&#8220;Allez la baballe, rentre dans le petit trou&#8221;<\/figcaption><\/figure>\n\n\n<figure class=\"wp-block-image size-full\"><img decoding=\"async\" data-id=\"14850\" src=\"https:\/\/maths-olympiques.fr\/wp-content\/uploads\/2024\/07\/Solal-golf-rotated.jpg\" alt=\"\" class=\"wp-image-14850\"\/><figcaption class=\"wp-element-caption\">Avant que Solal tire, il faut installer un p\u00e9rim\u00e8tre de s\u00e9curit\u00e9 autour du parcours pour \u00e9viter de blesser quelqu&#8217;un<\/figcaption><\/figure>\n\n<\/figure>\n\n<figure class=\"wp-block-image size-full\"><img decoding=\"async\" data-id=\"14850\" src=\"https:\/\/maths-olympiques.fr\/wp-content\/uploads\/2024\/07\/martin-golf.jpeg\" alt=\"\" class=\"wp-image-14850\"\/><figcaption class=\"wp-element-caption\">On ne peut pas dire que la chance m&#8217;ait vraiment souri sur ce parcours<\/figcaption><\/figure>\n\n<\/figure>\n\n\n<p>On termine l&#8217;apr\u00e8s-midi avec une petite visite des lieux embl\u00e9matiques de Bath, comme le &#8220;Royal Crescent&#8221;, (bah \u00e7a a la forme d&#8217;un croissant et pour rendre \u00e7a styl\u00e9 on met le mot &#8220;royal&#8221; devant) qui est un ensemble r\u00e9sidentiel de 30 maisons, h\u00e9ritage de l&#8217;architecture gr\u00e9gorienne (prenez des notes, interro lundi prochain).<br \/>\n<figure id=\"attachment_9368\" aria-describedby=\"caption-attachment-9368\" style=\"width: 525px\" class=\"wp-caption aligncenter\"><img loading=\"lazy\" decoding=\"async\" class=\"size-large wp-image-9368\" src=\"https:\/\/maths-olympiques.fr\/wp-content\/uploads\/2024\/07\/crescent-Theo.jpeg\" alt=\"\" width=\"525\" height=\"394\" \/><figcaption id=\"caption-attachment-9368\" class=\"wp-caption-text\">Notre premi\u00e8re photo avec Th\u00e9o, mais pour un raison qu&#8217;on ignore, les \u00e9l\u00e8ves ne tenaient pas en place<\/figcaption><\/figure><br \/>\n<figure id=\"attachment_9368\" aria-describedby=\"caption-attachment-9368\" style=\"width: 525px\" class=\"wp-caption aligncenter\"><img loading=\"lazy\" decoding=\"async\" class=\"size-large wp-image-9368\" src=\"https:\/\/maths-olympiques.fr\/wp-content\/uploads\/2024\/07\/crescent-guide.jpeg\" alt=\"\" width=\"525\" height=\"394\" \/><figcaption id=\"caption-attachment-9368\" class=\"wp-caption-text\">Maintenant qu&#8217;il n&#8217;y a plus Th\u00e9o sur la photo, on peut \u00eatre s\u00e9rieux<\/figcaption><\/figure><br \/>\nOn passe \u00e9galement devant une \u00e9glise :<br \/>\n<figure id=\"attachment_9368\" aria-describedby=\"caption-attachment-9368\" style=\"width: 525px\" class=\"wp-caption aligncenter\"><img loading=\"lazy\" decoding=\"async\" class=\"size-large wp-image-9368\" src=\"https:\/\/maths-olympiques.fr\/wp-content\/uploads\/2024\/07\/eglise.jpeg\" alt=\"\" width=\"525\" height=\"394\" \/><figcaption id=\"caption-attachment-9368\" class=\"wp-caption-text\">Cela ne se voit peut-\u00eatre pas mais Anatole et Auguste ont d\u00e9cid\u00e9 de mettre tout le poids de leur corps sur moi<\/figcaption><\/figure><br \/>\nUne fois rentr\u00e9s, les \u00e9l\u00e8ves se dirigent vers les tournois sportifs organis\u00e9s. De ce que j&#8217;ai entendu, au badminton c&#8217;\u00e9tait pas glorieux, mais au tennis de table on a 2 fran\u00e7ais qui finissent dans le dernier carr\u00e9, Anatole et Solal. Anatole \u00e9choue malheureusement en finale face \u00e0 Pierre-Akin, qui venge donc sa d\u00e9faite cuisante de la derni\u00e8re fois. La faute \u00e0 pas de chance pour Anatole.<br \/>\nPendant ce temps, Th\u00e9o et moi commen\u00e7ons \u00e0 lire les copies, en vue des coordinations de demain&#8230; <\/p>\n<p><!--more--><\/p>\n<h1>Jeudi 18 juillet : It&#8217;s a hard life <\/h1>\n<p>C&#8217;est bien sous le signe de Queen que j&#8217;attaque cette journ\u00e9e.<br \/>\n\u00c0 partir d&#8217;aujourd&#8217;hui, l&#8217;\u00e9quipe se scinde en deux. Les \u00e9l\u00e8ves d&#8217;un c\u00f4t\u00e9, Th\u00e9o et moi de l&#8217;autre. Commen\u00e7ons par les \u00e9l\u00e8ves. L&#8217;objectif de la journ\u00e9e est de visiter l&#8217;universit\u00e9 d&#8217;Oxford, l&#8217;une des plus anciennes universit\u00e9s au monde, et l&#8217;une des plus prestigieuses encore aujourd&#8217;hui. Chose qui m&#8217;int\u00e9resse, \u00e0 titre personnel, un peu plus, c&#8217;est que c&#8217;est l&#8217;un des lieux de tournage des films d&#8217;Harry Potter. Architecturalement parlant, les b\u00e2timents sont riches de commentaire. Malheureusement, les \u00e9l\u00e8ves, en charge de prendre des photos pour ce compte-rendu, n&#8217;ont pas jug\u00e9 bon de prendre des photos de leur visite. Donc \u00e0 la place des photos des beaux b\u00e2timents avec les \u00e9l\u00e8ves devant, j&#8217;ai droit \u00e0 des selfies g\u00eanants des \u00e9l\u00e8ves devant un miroir de vestiaire :<br \/>\n<figure id=\"attachment_9368\" aria-describedby=\"caption-attachment-9368\" style=\"width: 525px\" class=\"wp-caption aligncenter\"><img loading=\"lazy\" decoding=\"async\" class=\"size-large wp-image-9368\" src=\"https:\/\/maths-olympiques.fr\/wp-content\/uploads\/2024\/07\/selfi-4.jpeg\" alt=\"\" width=\"525\" height=\"394\" \/><figcaption id=\"caption-attachment-9368\" class=\"wp-caption-text\">On dirait qu&#8217;Erik, Anatole et Serge sourient juste pour faire plaisir \u00e0 Akin qui, au vu de sa coupe de cheveux, a manifestement perdu un pari<\/figcaption><\/figure><br \/>\n<figure id=\"attachment_9368\" aria-describedby=\"caption-attachment-9368\" style=\"width: 525px\" class=\"wp-caption aligncenter\"><img loading=\"lazy\" decoding=\"async\" class=\"size-large wp-image-9368\" src=\"https:\/\/maths-olympiques.fr\/wp-content\/uploads\/2024\/07\/selfi-bouche.jpeg\" alt=\"\" width=\"525\" height=\"394\" \/><figcaption id=\"caption-attachment-9368\" class=\"wp-caption-text\">La bouche en cul de poule que toutes les instagrameuses nous envient<\/figcaption><\/figure><br \/>\nLe matin, les \u00e9l\u00e8ves ont le droit \u00e0 une conf\u00e9rence d&#8217;une heure de la part de James Maynard, m\u00e9daille Fileds 2022, connu pour ses avanc\u00e9es en th\u00e9orie des nombres. On le voit justement pr\u00e9senter le contexte de sa recherche aux \u00e9l\u00e8ves :<br \/>\n<figure id=\"attachment_9368\" aria-describedby=\"caption-attachment-9368\" style=\"width: 525px\" class=\"wp-caption aligncenter\"><img loading=\"lazy\" decoding=\"async\" class=\"size-large wp-image-9368\" src=\"https:\/\/maths-olympiques.fr\/wp-content\/uploads\/2024\/07\/talk.jpeg\" alt=\"\" width=\"525\" height=\"394\" \/><figcaption id=\"caption-attachment-9368\" class=\"wp-caption-text\">Comment il fait pour atteindre le tableau en haut \u00e0 droite ?<\/figcaption><\/figure><br \/>\nPetit passage \u00e0 la cantine :<br \/>\n<figure id=\"attachment_9368\" aria-describedby=\"caption-attachment-9368\" style=\"width: 525px\" class=\"wp-caption aligncenter\"><img loading=\"lazy\" decoding=\"async\" class=\"size-large wp-image-9368\" src=\"https:\/\/maths-olympiques.fr\/wp-content\/uploads\/2024\/07\/manger.jpeg\" alt=\"\" width=\"525\" height=\"394\" \/><figcaption id=\"caption-attachment-9368\" class=\"wp-caption-text\">&#8220;Premi\u00e8re fois que je mange des l\u00e9gumesdepuis un certain temps&#8221; (Oscar anonyme)<\/figcaption><\/figure><br \/>\nLa journ\u00e9e se poursuit avec la visite de l&#8217;universit\u00e9, o\u00f9 l\u00e0 comme je vous l&#8217;ai dit je n&#8217;ai pas de photos, mais \u00e0 la place je vous propose cette magnifique photo de Solal :<br \/>\n<figure id=\"attachment_9368\" aria-describedby=\"caption-attachment-9368\" style=\"width: 525px\" class=\"wp-caption aligncenter\"><img loading=\"lazy\" decoding=\"async\" class=\"size-large wp-image-9368\" src=\"https:\/\/maths-olympiques.fr\/wp-content\/uploads\/2024\/07\/chips.jpeg\" alt=\"\" width=\"525\" height=\"394\" \/><figcaption id=\"caption-attachment-9368\" class=\"wp-caption-text\">Hop l\u00e0 un petit placement de produit. Si Pringles veut me sponsoriser, contactez-moi en MP<\/figcaption><\/figure><br \/>\nJe remercie Akram, de l&#8217;\u00e9quipe belge, pour ses photos de l&#8217;universit\u00e9, qui permettent de relever le niveau de ce compte-rendu. Enfin quelqu&#8217;un qui a pris la visite au s\u00e9rieux. Je vous pr\u00e9sente le &#8220;visite d&#8217;un domaine historique&#8221;-starter pack :<\/p>\n\n\n<figure class=\"wp-block-gallery has-nested-images columns-default is-cropped wp-block-gallery-3 is-layout-flex wp-block-gallery-is-layout-flex\">\n<figure class=\"wp-block-image size-large\"><img decoding=\"async\" data-id=\"13997\" src=\"https:\/\/maths-olympiques.fr\/wp-content\/uploads\/2024\/07\/fontaine.jpeg\" alt=\"\" class=\"wp-image-13997\"\/><figcaption class=\"wp-element-caption\">Voil\u00e0 une fontaine<\/figcaption><\/figure>\n\n\n\n<figure class=\"wp-block-image size-large\"><img decoding=\"async\" data-id=\"13996\" src=\"https:\/\/maths-olympiques.fr\/wp-content\/uploads\/2024\/07\/chapelle.jpeg\" alt=\"\" class=\"wp-image-13996\"\/><figcaption class=\"wp-element-caption\">Une chapelle<\/figcaption><\/figure>\n\n\n\n<figure class=\"wp-block-image size-full\"><img decoding=\"async\" data-id=\"14863\" src=\"https:\/\/maths-olympiques.fr\/wp-content\/uploads\/2024\/07\/petite-tour-bis.jpeg\" alt=\"\" class=\"wp-image-14863\"\/><figcaption class=\"wp-element-caption\">Un m\u00e9morial<\/figcaption><\/figure>\n\n\n\n<figure class=\"wp-block-image size-full\"><img decoding=\"async\" data-id=\"14850\" src=\"https:\/\/maths-olympiques.fr\/wp-content\/uploads\/2024\/07\/batiment.jpeg\" alt=\"\" class=\"wp-image-14850\"\/><figcaption class=\"wp-element-caption\">euh&#8230; un b\u00e2timent<\/figcaption><\/figure>\n\n<figure class=\"wp-block-image size-full\"><img decoding=\"async\" src=\"https:\/\/maths-olympiques.fr\/wp-content\/uploads\/2024\/07\/rond-central.jpeg\" alt=\"\" class=\"wp-image-14850\"\/><figcaption class=\"wp-element-caption\">Euh&#8230; et un autre b\u00e2timent, mais rond cette fois-ci<\/figcaption><\/figure>\n\n<\/figure>\n<\/figure>\n\n\n<p>Apr\u00e8s cette journ\u00e9e charg\u00e9e d&#8217;histoire, les \u00e9l\u00e8ves d\u00e9cident de se changer les id\u00e9es autour d&#8217;une partie de Fifa, largement gagn\u00e9e par Oscar (vous y croyez vous ?) et finissent la journ\u00e9e par des jeux de soci\u00e9t\u00e9 :<br \/>\n<figure id=\"attachment_9368\" aria-describedby=\"caption-attachment-9368\" style=\"width: 525px\" class=\"wp-caption aligncenter\"><img loading=\"lazy\" decoding=\"async\" class=\"size-large wp-image-9368\" src=\"https:\/\/maths-olympiques.fr\/wp-content\/uploads\/2024\/07\/Fifa.jpeg\" alt=\"\" width=\"525\" height=\"394\" \/><figcaption id=\"caption-attachment-9368\" class=\"wp-caption-text\">Partir en Angleterre pour participer \u00e0 une comp\u00e9tition rassemblant des \u00e9l\u00e8ves venus du monde entier&#8230; tout \u00e7a pour jouer \u00e0 Fifa<\/figcaption><\/figure><br \/>\n<figure id=\"attachment_9368\" aria-describedby=\"caption-attachment-9368\" style=\"width: 525px\" class=\"wp-caption aligncenter\"><img loading=\"lazy\" decoding=\"async\" class=\"size-large wp-image-9368\" src=\"https:\/\/maths-olympiques.fr\/wp-content\/uploads\/2024\/07\/jeux-soir.jpeg\" alt=\"\" width=\"525\" height=\"394\" \/><figcaption id=\"caption-attachment-9368\" class=\"wp-caption-text\">Petite partie de Shadow Hunter<\/figcaption><\/figure><br \/>\nPassons \u00e0 la journ\u00e9e de Th\u00e9o et moi. Au programme, pr\u00e9parer les coordinations d&#8217;aujourd&#8217;hui et de demain. Voici venu le moment traditionnel dans lequel je raconte comment fonctionnent la correction des copies d&#8217;olympiades. Une fois que les \u00e9l\u00e8ves ont fini d&#8217;\u00e9crire toutes leurs id\u00e9es, les copies des fran\u00e7ais sont lues par deux groupes de personnes : leurs encadrants (chef d&#8217;\u00e9quipe et chef adjoint) et des correcteurs ind\u00e9pendants, appel\u00e9s coordinateurs. La ligne entre une tentative de preuve et une affirmation compl\u00e8tement prouv\u00e9e est parfois fine, donc les correcteurs sont aid\u00e9s d&#8217;un bar\u00e8me pr\u00e9cis permettant d&#8217;\u00e9valuer la progression des \u00e9l\u00e8ves. L&#8217;objectif de la coordination est de s&#8217;accorder sur la note m\u00e9rit\u00e9e par l&#8217;\u00e9l\u00e8ve. Les encadrants peuvent clarifier les raisonnements parfois flous de leurs \u00e9l\u00e8ves ou traduire les parties int\u00e9ressantes (car oui, il y a la barri\u00e8re de la langue \u00e0 franchir) et les coordinateurs, qui ont lu les copies de plusieurs pays diff\u00e9rents, garantissent l&#8217;\u00e9quit\u00e9 dans la notation des copies des diff\u00e9rents pays.<br \/>\nSans rentrer dans les d\u00e9tails de cette premi\u00e8re journ\u00e9e de coordination, je peux dire que Th\u00e9o et moi \u00e9tions tr\u00e8s satisfaits de nos \u00e9changes avec les coordinateurs, tr\u00e8s ouverts \u00e0 la discussion sur les diff\u00e9rentes copies et tr\u00e8s consciencieux dans leur travail (chose qui est loin d&#8217;\u00eatre syst\u00e9matique croyez moi). Dans le soucis de pr\u00e9server les \u00e9l\u00e8ves du stress li\u00e9 \u00e0 la correction des copies, je donnerai les d\u00e9tails croustillants des diff\u00e9rentes coordinations dans le compte-rendu de demain. <\/p>\n<p><!--more--><\/p>\n<h1>Vendredi 19 juillet : I can&#8217;t get no (satisfaction) <\/h1>\n<p>Vous allez vite comprendre o\u00f9 je veux en venir (\u00e7a va parler coordinations). Mais d&#8217;abord, petit r\u00e9sum\u00e9 de la journ\u00e9e des \u00e9l\u00e8ves. Aujourd&#8217;hui les \u00e9l\u00e8ves, en compagnie de leur incruste belge pr\u00e9f\u00e9r\u00e9, visitaient le monument Stonehenge (mais si vous savez, les pierres qui sont en rond). R\u00e9veil un peu express pour certains, le bus partant \u00e0 8h45. Au vu de l&#8217;heure \u00e0 laquelle ils s&#8217;\u00e9taient couch\u00e9s la veille, avoir r\u00e9ussi \u00e0 se lever est d\u00e9j\u00e0 un exploit. Heureusement, ils ont pu rattraper leur nuit dans le car :<br \/>\n<figure id=\"attachment_9368\" aria-describedby=\"caption-attachment-9368\" style=\"width: 525px\" class=\"wp-caption aligncenter\"><img loading=\"lazy\" decoding=\"async\" class=\"size-large wp-image-9368\" src=\"https:\/\/maths-olympiques.fr\/wp-content\/uploads\/2024\/07\/bus.jpeg\" alt=\"\" width=\"525\" height=\"394\" \/><figcaption id=\"caption-attachment-9368\" class=\"wp-caption-text\">Pendant que Solal vit sa meilleure vie, Erik a l&#8217;air trop frais. Mais ne vous y trompez pas, dans ses yeux il n&#8217;y a plus rien<\/figcaption><\/figure><br \/>\nPour se rendre sur la colline, on pouvait marcher ou prendre un autre bus. Mais nos aventuriers ont pr\u00e9f\u00e9r\u00e9 utilis\u00e9 la force de leurs jambes, pour m\u00e9riter leur photo devant le monument.<br \/>\n<figure id=\"attachment_9368\" aria-describedby=\"caption-attachment-9368\" style=\"width: 525px\" class=\"wp-caption aligncenter\"><img loading=\"lazy\" decoding=\"async\" class=\"size-large wp-image-9368\" src=\"https:\/\/maths-olympiques.fr\/wp-content\/uploads\/2024\/07\/stonehenge-1.jpeg\" alt=\"\" width=\"525\" height=\"394\" \/><figcaption id=\"caption-attachment-9368\" class=\"wp-caption-text\">Le monde est Stone<\/figcaption><\/figure><br \/>\n<figure id=\"attachment_9368\" aria-describedby=\"caption-attachment-9368\" style=\"width: 525px\" class=\"wp-caption aligncenter\"><img loading=\"lazy\" decoding=\"async\" class=\"size-large wp-image-9368\" src=\"https:\/\/maths-olympiques.fr\/wp-content\/uploads\/2024\/07\/french.jpeg\" alt=\"\" width=\"525\" height=\"394\" \/><figcaption id=\"caption-attachment-9368\" class=\"wp-caption-text\">Les fran\u00e7ais garderont une attitude&#8230; fran\u00e7aise<\/figcaption><\/figure><br \/>\nLes \u00e9l\u00e8ves, assomm\u00e9s par la chaleur, veulent ensuite s&#8217;allonger sur l&#8217;herbe. Malheureusement, Auguste prend un peu trop ses libert\u00e9s et d\u00e9cide de s&#8217;allonger torse-nu. Un policier qui stationnait l\u00e0 lui rappelle l&#8217;attachement anglais \u00e0 la pudeur<br \/>\n<figure id=\"attachment_9368\" aria-describedby=\"caption-attachment-9368\" style=\"width: 525px\" class=\"wp-caption aligncenter\"><img loading=\"lazy\" decoding=\"async\" class=\"size-large wp-image-9368\" src=\"https:\/\/maths-olympiques.fr\/wp-content\/uploads\/2024\/07\/securite.jpeg\" alt=\"\" width=\"525\" height=\"394\" \/><figcaption id=\"caption-attachment-9368\" class=\"wp-caption-text\">Couvrez ce dos que je ne saurais voir<\/figcaption><\/figure><br \/>\nHeureusement, Akin, notre comparse belge, \u00e9tait l\u00e0 pour rehausser le niveau et a fait preuve, m&#8217;a-t-on dit, pendant tout le voyage, d&#8217;une grande retenue.<br \/>\n<figure id=\"attachment_9368\" aria-describedby=\"caption-attachment-9368\" style=\"width: 525px\" class=\"wp-caption aligncenter\"><img loading=\"lazy\" decoding=\"async\" class=\"size-large wp-image-9368\" src=\"https:\/\/maths-olympiques.fr\/wp-content\/uploads\/2024\/07\/selfi.jpeg\" alt=\"\" width=\"525\" height=\"394\" \/><figcaption id=\"caption-attachment-9368\" class=\"wp-caption-text\">Oh encore un selfie embarassant que les \u00e9l\u00e8ves m&#8217;ont suppli\u00e9 de mettre dans le compte-rendu mais dont ils auront honte dans 3-4 ans<\/figcaption><\/figure><\/p>\n<p>Du c\u00f4t\u00e9 des coordinations d\u00e9sormais. Petit r\u00e9capitulatif de la journ\u00e9e d&#8217;hier. Nous avions commenc\u00e9 par le probl\u00e8me 1, pour lequel il a fallu discut\u00e9 d&#8217;un micro-bug dans la preuve de Serge (mais suffisamment micro pour ne pas lui co\u00fbter de points, on remercie la bienveillance des coordinateurs d&#8217;ailleurs) et de la note \u00e0 donner au malheureux trou trouv\u00e9 dans la preuve d&#8217;Erik. On a poursuivi avec le probl\u00e8me 4, pour lequel la coordination a dur\u00e9 2 minutes, le temps de dire bonjour, de dire qu&#8217;on voulait 7pts pour tout le monde, de les voir nous dire qu&#8217;ils sont d&#8217;accord, de dire au revoir et de repartir. Et enfin, nous avons coordonn\u00e9 le probl\u00e8me 3, pour lequel la solution d&#8217;Anatole intrigue les coordinateurs, qui ont besoin de plus de temps pour r\u00e9fl\u00e9chir, et nous proposent d&#8217;en rediscuter le lendemain (pratique assez courante : une coordination est pr\u00e9vue pour durer 30 minutes, s&#8217;il faut plus de temps on reporte la suite de la coordination pour ne pas mettre tous les autres pays en retard).  <\/p>\n<p>Aujourd&#8217;hui, on commence par la coordination du probl\u00e8me 6. L\u00e0 encore, toutes les notes sont claires sauf celle d&#8217;Anatole, dont les avanc\u00e9es sortent de l&#8217;ordinaire, m\u00eame pour les coordinateurs qui, m\u00eame apr\u00e8s nos explications, nous proposent de nous revoir plus tard. On poursuit avec le probl\u00e8me 5, pour lequel nous sommes surpris deux fois : une premi\u00e8re fois parce qu&#8217;on obtient 1pt pour Anatole et Erik sans avoir \u00e0 argumenter beaucoup plus, et une deuxi\u00e8me fois parce que les coordinateurs ne sont pas convaincus par donner 1pt \u00e0 Serge et Solal. On finit par les convaincre pour Serge, mais pour Solal on d\u00e9cide de reporter la discussion \u00e0 plus tard. On encha\u00eene avec le probl\u00e8me 2 qui se d\u00e9roule sans encombre. Mais apr\u00e8s manger, on revoit les correcteurs du probl\u00e8me 3. Ils ont d\u00e9sormais compris la preuve d&#8217;Anatole, qui contient manifestement une petite erreur, mais ils ne sont pas s\u00fbrs d\u00e9sormais de la note \u00e0 donner. Ils proposent donc de se revoir plus tard, n&#8217;ayant pas r\u00e9ussi \u00e0 se d\u00e9cider. Il est d\u00e9sormais 14h et il nous reste seulement 2 notes \u00e0 discuter en tout. L&#8217;impatience nous gagne en voyant nos coordinateurs prendre progressivement du retard.<br \/>\n<figure id=\"attachment_9368\" aria-describedby=\"caption-attachment-9368\" style=\"width: 525px\" class=\"wp-caption aligncenter\"><img loading=\"lazy\" decoding=\"async\" class=\"size-large wp-image-9368\" src=\"https:\/\/maths-olympiques.fr\/wp-content\/uploads\/2024\/07\/marti.jpeg\" alt=\"\" width=\"525\" height=\"394\" \/><figcaption id=\"caption-attachment-9368\" class=\"wp-caption-text\">Crise existencielle avec option remise en cause de toutes les d\u00e9cisions que j&#8217;ai prises sur ma vie depuis 2004<\/figcaption><\/figure><br \/>\nFinalement, on coordonne les deux copies qui restent, nous pouvons donc aller donner leurs scores aux \u00e9l\u00e8ves. Vous pouvez les retrouver au compte-rendu du samedi 20 juillet.<br \/>\nNous ne connaitrons les r\u00e9compenses que demain matin, et bien s\u00fbr vous en serez inform\u00e9s d\u00e8s que faire se pourra (avec France-Martin, vous \u00eates toujours au plus pr\u00e8s de l&#8217;information).<br \/>\nLes scores refl\u00e8tent le caract\u00e8re particuli\u00e8rement astucieux des probl\u00e8mes 2 et 5 et le caract\u00e8re particuli\u00e8rement s\u00e9v\u00e8re des bar\u00e8mes des probl\u00e8mes 3 et 6 (et bien s\u00fbr, le niveau excellent de nos fran\u00e7ais en g\u00e9om\u00e9trie).<br \/>\nL&#8217;on d\u00e9cide d&#8217;aller f\u00eater la fin des coordinations par un foot avec l&#8217;\u00e9quipe. Nous sommes rejoints par 3 \u00e9l\u00e8ves de C\u00f4te d&#8217;Ivoire avec un jeu de jambe particuli\u00e8rement impressionnant.<br \/>\n<figure id=\"attachment_9368\" aria-describedby=\"caption-attachment-9368\" style=\"width: 525px\" class=\"wp-caption aligncenter\"><img loading=\"lazy\" decoding=\"async\" class=\"size-large wp-image-9368\" src=\"https:\/\/maths-olympiques.fr\/wp-content\/uploads\/2024\/07\/foot.jpg\" alt=\"\" width=\"525\" height=\"394\" \/><figcaption id=\"caption-attachment-9368\" class=\"wp-caption-text\">Fabuleux&#8230; tout simplement fabuleux<\/figcaption><\/figure><br \/>\nLa soir\u00e9e se poursuit jusqu&#8217;au bout de la nuit par des jeux, des rires, des anecdotes (les anecdotes d&#8217;\u00e9quitation de l&#8217;enfance de Th\u00e9o n&#8217;ont pas l&#8217;air d&#8217;avoir captiv\u00e9 les \u00e9l\u00e8ves cependant)&#8230; bref un soulagement maintenant que la comp\u00e9tition est finie et que la suite ne d\u00e9pend plus de nous. <\/p>\n<p><!--more--><\/p>\n<h1>Samedi 20 juillet : We are the champions <\/h1>\n<p>Ce matin, r\u00e9union du jury pour d\u00e9cider des barres de m\u00e9daille. On commence par un rapport sur le bon d\u00e9roulement de l&#8217;\u00e9preuve avec quelques chiffres et anecdotes inutiles (notamment qu&#8217;un participant s&#8217;est rendu \u00e0 l&#8217;\u00e9preuve avec un ananas). On poursuit avec la remise du microphone d&#8217;or, r\u00e9compense remise au leader ayant le plus pris la parole pendant les r\u00e9unions du jury. Et cette ann\u00e9e, c&#8217;est Th\u00e9o qui l&#8217;obtient !<br \/>\n<figure id=\"attachment_9368\" aria-describedby=\"caption-attachment-9368\" style=\"width: 525px\" class=\"wp-caption aligncenter\"><img loading=\"lazy\" decoding=\"async\" class=\"size-large wp-image-9368\" src=\"https:\/\/maths-olympiques.fr\/wp-content\/uploads\/2024\/07\/microphone.jpeg\" alt=\"\" width=\"525\" height=\"394\" \/><figcaption id=\"caption-attachment-9368\" class=\"wp-caption-text\">Th\u00e9o recevant son microphone<\/figcaption><\/figure><br \/>\nOn passe ensuite au vote des barres de m\u00e9daille.<br \/>\nLes m\u00e9dailles sont distribu\u00e9es selon le ratio 3:2:1. Cela signifie que la premi\u00e8re moiti\u00e9 des participants ont une m\u00e9daille de bronze (ou mieux), le premier quart une m\u00e9daille d&#8217;argent (ou mieux) et le premier douzi\u00e8me une m\u00e9daille d&#8217;or. Bien s\u00fbr, les scores permettent rarement d&#8217;appliquer exactement des quotas, il s&#8217;agit alors de voter pour donner un peu plus ou un peu moins de m\u00e9dailles. Apr\u00e8s le vote, le barres sont 16 pour le bronze, 22 pour l&#8217;argent et 29 pour l&#8217;or.<br \/>\nCeci donne les r\u00e9sultats suivants pour nos \u00e9l\u00e8ves :<\/p>\n\n\n<table id=\"tablepress-40\" class=\"tablepress tablepress-id-40\">\n<thead>\n<tr class=\"row-1\">\n\t<td class=\"column-1\"><\/td><th class=\"column-2\">Probl\u00e8me 1<\/th><th class=\"column-3\">Probl\u00e8me 2<\/th><th class=\"column-4\">Probl\u00e8me 3<\/th><th class=\"column-5\">Probl\u00e8me 4<\/th><th class=\"column-6\">Probl\u00e8me 5<\/th><th class=\"column-7\">Probl\u00e8me 6<\/th><th class=\"column-8\">Total<\/th><th class=\"column-9\">R\u00e9compense<\/th>\n<\/tr>\n<\/thead>\n<tbody class=\"row-striping row-hover\">\n<tr class=\"row-2\">\n\t<td class=\"column-1\">Serge Bidallier<\/td><td class=\"column-2\">7<\/td><td class=\"column-3\">2<\/td><td class=\"column-4\">0<\/td><td class=\"column-5\">7<\/td><td class=\"column-6\">1<\/td><td class=\"column-7\">0<\/td><td class=\"column-8\">17<\/td><td class=\"column-9\">M\u00e9daille de bronze<\/td>\n<\/tr>\n<tr class=\"row-3\">\n\t<td class=\"column-1\">Anatole Bouton<\/td><td class=\"column-2\">7<\/td><td class=\"column-3\">7<\/td><td class=\"column-4\">5<\/td><td class=\"column-5\">7<\/td><td class=\"column-6\">1<\/td><td class=\"column-7\">3<\/td><td class=\"column-8\">30<\/td><td class=\"column-9\">M\u00e9daille d&#8217;or<\/td>\n<\/tr>\n<tr class=\"row-4\">\n\t<td class=\"column-1\">Erik Desurmont<\/td><td class=\"column-2\">4<\/td><td class=\"column-3\">2<\/td><td class=\"column-4\">0<\/td><td class=\"column-5\">7<\/td><td class=\"column-6\">1<\/td><td class=\"column-7\">0<\/td><td class=\"column-8\">14<\/td><td class=\"column-9\">Mention honorable<\/td>\n<\/tr>\n<tr class=\"row-5\">\n\t<td class=\"column-1\">Oscar Fischler<\/td><td class=\"column-2\">7<\/td><td class=\"column-3\">2<\/td><td class=\"column-4\">0<\/td><td class=\"column-5\">7<\/td><td class=\"column-6\">7<\/td><td class=\"column-7\">2<\/td><td class=\"column-8\">25<\/td><td class=\"column-9\">M\u00e9daille d&#8217;argent<\/td>\n<\/tr>\n<tr class=\"row-6\">\n\t<td class=\"column-1\">Solal Pivron-Djeddi<\/td><td class=\"column-2\">7<\/td><td class=\"column-3\">7<\/td><td class=\"column-4\">0<\/td><td class=\"column-5\">7<\/td><td class=\"column-6\">1<\/td><td class=\"column-7\">1<\/td><td class=\"column-8\">23<\/td><td class=\"column-9\">M\u00e9daille d&#8217;argent<\/td>\n<\/tr>\n<tr class=\"row-7\">\n\t<td class=\"column-1\">Auguste Ramondou<\/td><td class=\"column-2\">7<\/td><td class=\"column-3\">1<\/td><td class=\"column-4\">0<\/td><td class=\"column-5\">7<\/td><td class=\"column-6\">7<\/td><td class=\"column-7\">2<\/td><td class=\"column-8\">24<\/td><td class=\"column-9\">M\u00e9daille d&#8217;argent<\/td>\n<\/tr>\n<tr class=\"row-8\">\n\t<td class=\"column-1\">Total<\/td><td class=\"column-2\">39<\/td><td class=\"column-3\">21<\/td><td class=\"column-4\">5<\/td><td class=\"column-5\">42<\/td><td class=\"column-6\">12<\/td><td class=\"column-7\">8<\/td><td class=\"column-8\">133<\/td><td class=\"column-9\"><\/td>\n<\/tr>\n<\/tbody>\n<\/table>\n<!-- #tablepress-40 from cache -->\n\n<p>Au classement par \u00e9quipe, la France finit 21 \u00e8me sur 109 pays ! Anatole signe la troisi\u00e8me m\u00e9daille d&#8217;or fran\u00e7aise sur ces 5 derni\u00e8res ann\u00e9es ! Mentionnons \u00e9galement quelques beaux r\u00e9sultats de nos voisins : en Belgique on compte une m\u00e9daille d&#8217;argent pour Akram, une m\u00e9daille de bronze de pour Akin et Robin (\u00e7a c&#8217;est pour nos voisins belges), au Luxembourg on trouve la premi\u00e8re m\u00e9daille Luxembourgeoise depuis 7 ans (et premi\u00e8re solutions compl\u00e8te d&#8217;un probl\u00e8me de niveau interm\u00e9diaire depuis 2013) et l&#8217;Alg\u00e9rie remporte la premi\u00e8re m\u00e9daille d&#8217;or de son histoire !<\/p>\n<p>La suite de la journ\u00e9e est un peu d\u00e9cousue. L&#8217;apr\u00e8s-midi est consacr\u00e9e \u00e0 un tournoi de foot, dans lequel le r\u00e9sultat de nos \u00e9l\u00e8ves ne refl\u00e8te pas leur niveau r\u00e9el (enfin \u00e7a c&#8217;est ce qu&#8217;ils pr\u00e9tendent). Le soir, certains d\u00e9cident de retourner travailler leurs comp\u00e9tences \u00e0 fifa, tandis que Th\u00e9o et Erik tentent d&#8217;assister \u00e0 une conf\u00e9rence du c\u00e9l\u00e8bre math\u00e9maticien Terence Tao, m\u00e9daille Fields en 2006 et consid\u00e9r\u00e9 comme l&#8217;un des plus grands math\u00e9maticien de sa g\u00e9n\u00e9ration (pour ne pas dire &#8220;le plus&#8221;). J&#8217;ai bien dit &#8220;tenter&#8221;, parce que la hype autour de Terry Tao (oui je l&#8217;appelle par son petit nom) est telle qu&#8217;il faut faire la queue pendant plus de 30 minutes pour pouvoir esp\u00e9rer entrer et trouver une place dans la salle de conf\u00e9rence. Mais leur patience paye, puisqu&#8217;ils parviennent finalement \u00e0 s&#8217;installer.<br \/>\n<figure id=\"attachment_9368\" aria-describedby=\"caption-attachment-9368\" style=\"width: 525px\" class=\"wp-caption aligncenter\"><img loading=\"lazy\" decoding=\"async\" class=\"size-large wp-image-9368\" src=\"https:\/\/maths-olympiques.fr\/wp-content\/uploads\/2024\/07\/tao-theo.jpeg\" alt=\"\" width=\"525\" height=\"394\" \/><figcaption id=\"caption-attachment-9368\" class=\"wp-caption-text\">Les fans de Tao n&#8217;ont rien \u00e0 envier aux fans de Taylor Swift<\/figcaption><\/figure><br \/>\n<figure id=\"attachment_9368\" aria-describedby=\"caption-attachment-9368\" style=\"width: 525px\" class=\"wp-caption aligncenter\"><img loading=\"lazy\" decoding=\"async\" class=\"size-large wp-image-9368\" src=\"https:\/\/maths-olympiques.fr\/wp-content\/uploads\/2024\/07\/Tao-flou.jpeg\" alt=\"\" width=\"525\" height=\"394\" \/><figcaption id=\"caption-attachment-9368\" class=\"wp-caption-text\">Tao flou. Les fans de Tao devraient demander aux fans de Taylor Swift comment on prend des photos nettes de son idole (c&#8217;est pas moi j&#8217;\u00e9tais pas l\u00e0)<\/figcaption><\/figure><br \/>\nOn poursuit avec des jeux, enfin si on d\u00e9cide d&#8217;inviter Solal :<br \/>\n<figure id=\"attachment_9368\" aria-describedby=\"caption-attachment-9368\" style=\"width: 525px\" class=\"wp-caption aligncenter\"><img loading=\"lazy\" decoding=\"async\" class=\"size-large wp-image-9368\" src=\"https:\/\/maths-olympiques.fr\/wp-content\/uploads\/2024\/07\/solal.jpeg\" alt=\"\" width=\"525\" height=\"394\" \/><figcaption id=\"caption-attachment-9368\" class=\"wp-caption-text\">Regardez-moi ce pauvre bout de chou<\/figcaption><\/figure><br \/>\nLe soir, Th\u00e9o et moi avons droit \u00e0 une curieuse surprise de la part de nos \u00e9l\u00e8ves. Ceux-ci auraient achet\u00e9 un costume gonflable de coq fran\u00e7ais et l&#8217;auraient dissimul\u00e9 dans leur valise (d\u00e9cid\u00e9ment Erik il avait plein de place dans ses tout petits sacs). Et ce soir \u00e9tait l&#8217;occasion pour Anatole de l&#8217;essayer. Il r\u00e9cup\u00e8re une certain succ\u00e8s aupr\u00e8s des autres participants qui demandent tous un selfie avec lui.<br \/>\n<figure id=\"attachment_9368\" aria-describedby=\"caption-attachment-9368\" style=\"width: 525px\" class=\"wp-caption aligncenter\"><img loading=\"lazy\" decoding=\"async\" class=\"size-large wp-image-9368\" src=\"https:\/\/maths-olympiques.fr\/wp-content\/uploads\/2024\/07\/poulet.jpeg\" alt=\"\" width=\"525\" height=\"394\" \/><figcaption id=\"caption-attachment-9368\" class=\"wp-caption-text\">Y a m\u00eame une cape dans le dos du costume, et un ventilateur int\u00e9gr\u00e9 pour la faire flotter<\/figcaption><\/figure><br \/>\nBref vous voyez bien que la fatigue d\u00e9sinhibe progressivement nos petits fran\u00e7ais. Esp\u00e9rons qu&#8217;ils ne veillerons pas trop tard pour ne pas \u00eatre couverts de cernes sur les photos de la c\u00e9r\u00e9monie de cl\u00f4ture de demain.  <\/p>\n<p><!--more--><\/p>\n<h1>Dimanche 21 juillet : Somewhere only we know <\/h1>\n<p>S&#8217;il fallait mettre une impression sur cette journ\u00e9e, c&#8217;est bien ce sentiment de m\u00e9lancolie, presque d&#8217;appr\u00e9hension au moment de recevoir sa r\u00e9compense (oui bon bref \u00e9coutez Keane, c&#8217;est bien Keane). La journ\u00e9e d&#8217;aujourd&#8217;hui s&#8217;exprime beaucoup plus par des photos que par des longues phrases. Ce matin, c&#8217;\u00e9tait la grasse matin\u00e9e pour beaucoup d&#8217;entre nous (surtout moi). Les \u00e9l\u00e8ves ont d\u00e9cid\u00e9 de s&#8217;occuper en jouant au badminton ou au ping-pong. Et apparemment, le fameux match entre Anatole et Th\u00e9o, source de beaucoup de trash-talk de la part des deux adversaires, s&#8217;est sold\u00e9 par une victoire nette et sans bavure 3 sets \u00e0 0 d&#8217;Anatole.<br \/>\n<figure id=\"attachment_9368\" aria-describedby=\"caption-attachment-9368\" style=\"width: 525px\" class=\"wp-caption aligncenter\"><img loading=\"lazy\" decoding=\"async\" class=\"size-large wp-image-9368\" src=\"https:\/\/maths-olympiques.fr\/wp-content\/uploads\/2024\/07\/badminton-jeu.jpg\" alt=\"\" width=\"525\" height=\"394\" \/><figcaption id=\"caption-attachment-9368\" class=\"wp-caption-text\">Th\u00e9o tente de se refaire en jouant au badminton, mais Auguste et Erik ne font qu&#8217;une bouch\u00e9e de lui et de Serge<\/figcaption><\/figure><br \/>\n<figure id=\"attachment_9368\" aria-describedby=\"caption-attachment-9368\" style=\"width: 525px\" class=\"wp-caption aligncenter\"><img loading=\"lazy\" decoding=\"async\" class=\"size-large wp-image-9368\" src=\"https:\/\/maths-olympiques.fr\/wp-content\/uploads\/2024\/07\/badminton-rotated.jpg\" alt=\"\" width=\"525\" height=\"394\" \/><figcaption id=\"caption-attachment-9368\" class=\"wp-caption-text\">On est quand m\u00eame beaucoup plus d\u00e9tendu maintenant que les r\u00e9sultats sont sortis<\/figcaption><\/figure><br \/>\nVers 14h on se rend au th\u00e9\u00e2tre The Forum pour la c\u00e9r\u00e9monie de cl\u00f4ture, pr\u00e9vue pour commencer \u00e0 16h (et commen\u00e7ant en r\u00e9alit\u00e9 \u00e0 16h30). Nos cinq m\u00e9daill\u00e9s vont s&#8217;assoir dans le parterre, tandis qu&#8217;Erik, Th\u00e9o et moi nous mettons au balcon pour mieux profiter du spectacle.<br \/>\n<figure id=\"attachment_9368\" aria-describedby=\"caption-attachment-9368\" style=\"width: 525px\" class=\"wp-caption aligncenter\"><img loading=\"lazy\" decoding=\"async\" class=\"size-large wp-image-9368\" src=\"https:\/\/maths-olympiques.fr\/wp-content\/uploads\/2024\/07\/selfie-ceremonie.jpeg\" alt=\"\" width=\"525\" height=\"394\" \/><figcaption id=\"caption-attachment-9368\" class=\"wp-caption-text\">On sent que Th\u00e9o est moyennement impliqu\u00e9 dans cette photo<\/figcaption><\/figure><br \/>\nL\u00e0 encore, les discours sont tr\u00e8s courts. Je pense qu&#8217;il y a maximum un seul interlocuteur qui a pris le temps de f\u00e9liciter les participants. Comme l&#8217;a dit Geoff Smith, &#8220;this week, it was hard not to trip over a Field medalist&#8221;. En effet, on a eu droit \u00e0 des conf\u00e9rences de Terence Tao, Maryna Viazovska, James Maynard mais aussi Timothy Gowers qui \u00e9tait l\u00e0 pour remettre certaines m\u00e9dailles&#8230;Dans les discours, on retrouve un running gag autour du probl\u00e8me 5, particuli\u00e8rement perturbant pour les \u00e9l\u00e8ves (apparemment m\u00eame Tao s&#8217;est tromp\u00e9 sur ce probl\u00e8me, ce qui en a rassur\u00e9 plus d&#8217;un). On passe aux remises des prix, avec la traditionnelle bataille des drapeaux.<br \/>\n<figure id=\"attachment_9368\" aria-describedby=\"caption-attachment-9368\" style=\"width: 525px\" class=\"wp-caption aligncenter\"><img loading=\"lazy\" decoding=\"async\" class=\"size-large wp-image-9368\" src=\"https:\/\/maths-olympiques.fr\/wp-content\/uploads\/2024\/07\/mention-Erik.jpeg\" alt=\"\" width=\"525\" height=\"394\" \/><figcaption id=\"caption-attachment-9368\" class=\"wp-caption-text\">La mention d&#8217;Erik<\/figcaption><\/figure><br \/>\n<figure id=\"attachment_9368\" aria-describedby=\"caption-attachment-9368\" style=\"width: 525px\" class=\"wp-caption aligncenter\"><img loading=\"lazy\" decoding=\"async\" class=\"size-large wp-image-9368\" src=\"https:\/\/maths-olympiques.fr\/wp-content\/uploads\/2024\/07\/medaille-Serge.jpeg\" alt=\"\" width=\"525\" height=\"394\" \/><figcaption id=\"caption-attachment-9368\" class=\"wp-caption-text\">Le bronze de Serge<\/figcaption><\/figure><br \/>\n<figure id=\"attachment_9368\" aria-describedby=\"caption-attachment-9368\" style=\"width: 525px\" class=\"wp-caption aligncenter\"><img loading=\"lazy\" decoding=\"async\" class=\"size-large wp-image-9368\" src=\"https:\/\/maths-olympiques.fr\/wp-content\/uploads\/2024\/07\/medaille-Solal.jpeg\" alt=\"\" width=\"525\" height=\"394\" \/><figcaption id=\"caption-attachment-9368\" class=\"wp-caption-text\">L&#8217;argent de Solal, qui nous a bien rep\u00e9r\u00e9s au balcon<\/figcaption><\/figure><br \/>\n<figure id=\"attachment_9368\" aria-describedby=\"caption-attachment-9368\" style=\"width: 525px\" class=\"wp-caption aligncenter\"><img loading=\"lazy\" decoding=\"async\" class=\"size-large wp-image-9368\" src=\"https:\/\/maths-olympiques.fr\/wp-content\/uploads\/2024\/07\/medaille-auguste.jpeg\" alt=\"\" width=\"525\" height=\"394\" \/><figcaption id=\"caption-attachment-9368\" class=\"wp-caption-text\">L&#8217;argent d&#8217;Auguste<\/figcaption><\/figure><br \/>\n<figure id=\"attachment_9368\" aria-describedby=\"caption-attachment-9368\" style=\"width: 525px\" class=\"wp-caption aligncenter\"><img loading=\"lazy\" decoding=\"async\" class=\"size-large wp-image-9368\" src=\"https:\/\/maths-olympiques.fr\/wp-content\/uploads\/2024\/07\/medaille-oscar.jpeg\" alt=\"\" width=\"525\" height=\"394\" \/><figcaption id=\"caption-attachment-9368\" class=\"wp-caption-text\">L&#8217;argent d&#8217;Oscar, qui pr\u00e9f\u00e8re sourire au parterre plut\u00f4t qu&#8217;\u00e0 nous<\/figcaption><\/figure><br \/>\n<figure id=\"attachment_9368\" aria-describedby=\"caption-attachment-9368\" style=\"width: 525px\" class=\"wp-caption aligncenter\"><img loading=\"lazy\" decoding=\"async\" class=\"size-large wp-image-9368\" src=\"https:\/\/maths-olympiques.fr\/wp-content\/uploads\/2024\/07\/medaille-anatole.jpeg\" alt=\"\" width=\"525\" height=\"394\" \/><figcaption id=\"caption-attachment-9368\" class=\"wp-caption-text\">L&#8217;Anatole d&#8217;or<\/figcaption><\/figure><br \/>\nOn s&#8217;empresse de rentrer \u00e0 l&#8217;universit\u00e9 pour prendre une photo tous ensemble.<br \/>\n<figure id=\"attachment_9368\" aria-describedby=\"caption-attachment-9368\" style=\"width: 525px\" class=\"wp-caption aligncenter\"><img loading=\"lazy\" decoding=\"async\" class=\"size-large wp-image-9368\" src=\"https:\/\/maths-olympiques.fr\/wp-content\/uploads\/2024\/07\/equipe-1.jpg\" alt=\"\" width=\"525\" height=\"394\" \/><figcaption id=\"caption-attachment-9368\" class=\"wp-caption-text\">L&#8217;expression &#8220;se faire \u00e9clipser&#8221; prend tout son sens ici. D&#8217;aucun pourra dire &#8220;Th\u00e9o est dans le noir&#8221;<\/figcaption><\/figure><br \/>\n<figure id=\"attachment_9368\" aria-describedby=\"caption-attachment-9368\" style=\"width: 525px\" class=\"wp-caption aligncenter\"><img loading=\"lazy\" decoding=\"async\" class=\"size-large wp-image-9368\" src=\"https:\/\/maths-olympiques.fr\/wp-content\/uploads\/2024\/07\/medaille-IMO-rotated.jpg\" alt=\"\" width=\"525\" height=\"394\" \/><figcaption id=\"caption-attachment-9368\" class=\"wp-caption-text\">Notre butin de cette ann\u00e9e<\/figcaption><\/figure><br \/>\nCette c\u00e9r\u00e9monie fut l&#8217;occasion d&#8217;appr\u00e9cier la belle performance de nos \u00e9l\u00e8ves, qu&#8217;Erik r\u00e9sume avec pr\u00e9cision par &#8220;on est des giga chad&#8221;, ou encore &#8220;on est des quoicouchad&#8221; (oui bon celle-l\u00e0 je sais pas trop vous l&#8217;expliquer).<br \/>\nLa soir\u00e9e se termine avec la Farewell party, qui a lieu sur le terrain de foot de l&#8217;universit\u00e9. Des attractions comme \u00e0 la foire (les \u00e9l\u00e8ves sont heureux), des food trucks de toutes les nourritures que vous voulez \u00e0 volont\u00e9 (je suis heureux)&#8230;<\/p>\n\n\n<figure class=\"wp-block-gallery has-nested-images columns-default is-cropped wp-block-gallery-4 is-layout-flex wp-block-gallery-is-layout-flex\">\n<figure class=\"wp-block-image size-large\"><img decoding=\"async\" data-id=\"13997\" src=\"https:\/\/maths-olympiques.fr\/wp-content\/uploads\/2024\/07\/chapiteau.jpg\" alt=\"\" class=\"wp-image-13997\"\/><figcaption class=\"wp-element-caption\">Les food trucks<\/figcaption><\/figure>\n\n\n\n<figure class=\"wp-block-image size-large\"><img loading=\"lazy\" decoding=\"async\" width=\"1024\" height=\"768\" data-id=\"13997\" src=\"https:\/\/maths-olympiques.fr\/wp-content\/uploads\/2024\/04\/IMG_1567-1024x768.jpg\" alt=\"\" class=\"wp-image-13997\" srcset=\"https:\/\/maths-olympiques.fr\/wp-content\/uploads\/2024\/04\/IMG_1567-1024x768.jpg 1024w, https:\/\/maths-olympiques.fr\/wp-content\/uploads\/2024\/04\/IMG_1567-300x225.jpg 300w, https:\/\/maths-olympiques.fr\/wp-content\/uploads\/2024\/04\/IMG_1567-768x576.jpg 768w, https:\/\/maths-olympiques.fr\/wp-content\/uploads\/2024\/04\/IMG_1567-1536x1152.jpg 1536w, https:\/\/maths-olympiques.fr\/wp-content\/uploads\/2024\/04\/IMG_1567-2048x1536.jpg 2048w\" sizes=\"auto, (max-width: 706px) 89vw, (max-width: 767px) 82vw, 740px\" \/><figcaption class=\"wp-element-caption\">Solal sur le taureau<\/figcaption><\/figure>\n\n\n\n<figure class=\"wp-block-image size-large\"><img decoding=\"async\" data-id=\"13996\" src=\"https:\/\/maths-olympiques.fr\/wp-content\/uploads\/2024\/07\/taureau-erik.jpeg\" alt=\"\" class=\"wp-image-13996\"\/><figcaption class=\"wp-element-caption\">Erik sur le taureau<\/figcaption><\/figure>\n\n\n\n<figure class=\"wp-block-image size-full\"><img decoding=\"async\" data-id=\"14863\" src=\"https:\/\/maths-olympiques.fr\/wp-content\/uploads\/2024\/07\/taureau-auguste.jpeg\" alt=\"\" class=\"wp-image-14863\"\/><figcaption class=\"wp-element-caption\">Auguste sur le taureau<\/figcaption><\/figure>\n\n\n\n<figure class=\"wp-block-image size-full\"><img decoding=\"async\" data-id=\"14850\" src=\"https:\/\/maths-olympiques.fr\/wp-content\/uploads\/2024\/07\/tamponneuses.jpeg\" alt=\"\" class=\"wp-image-14850\"\/><figcaption class=\"wp-element-caption\">Les auto-tamponneuses <\/figcaption><\/figure>\n\n<figure class=\"wp-block-image size-full\"><img decoding=\"async\" src=\"https:\/\/maths-olympiques.fr\/wp-content\/uploads\/2024\/07\/roue.jpeg\" alt=\"\" class=\"wp-image-14850\"\/><figcaption class=\"wp-element-caption\">La routourne va vite tourner pour les \u00e9l\u00e8ves<\/figcaption><\/figure>\n\n<\/figure>\n\n<figure class=\"wp-block-image size-full\"><img decoding=\"async\" src=\"https:\/\/maths-olympiques.fr\/wp-content\/uploads\/2024\/07\/manege.jpeg\" alt=\"\" class=\"wp-image-14850\"\/><figcaption class=\"wp-element-caption\">Le man\u00e8ge<\/figcaption><\/figure>\n\n<\/figure>\n<\/figure>\n\n\n<p>Vous penseriez que cette petite sauterie est partie pour durer jusqu&#8217;au bout de la nuit ? Mais non ! Vers 22h, tous les food trucsk ferment, les attractions aussi. Il nous reste le magnifique feu d&#8217;artifice :<br \/>\n<figure id=\"attachment_9368\" aria-describedby=\"caption-attachment-9368\" style=\"width: 525px\" class=\"wp-caption aligncenter\"><img loading=\"lazy\" decoding=\"async\" class=\"size-large wp-image-9368\" src=\"https:\/\/maths-olympiques.fr\/wp-content\/uploads\/2024\/07\/feux-dartifice.jpg\" alt=\"\" width=\"525\" height=\"394\" \/><figcaption id=\"caption-attachment-9368\" class=\"wp-caption-text\">Les \u00e9l\u00e8ves devant le feux d&#8217;artifice, on dirait la fin d&#8217;High School Musical<\/figcaption><\/figure><br \/>\nComme vous vous en doutez, les \u00e9l\u00e8ves ne se sont pas couch\u00e9s \u00e0 22h. L&#8217;histoire ne s&#8217;arr\u00eate pas l\u00e0. Mais pass\u00e9 2h du matin, ce qui se passe n&#8217;est plus source d&#8217;histoires, mais plut\u00f4t de l\u00e9gendes&#8230;  <\/p>\n<p><!--more--><\/p>\n<h1>Lundi 22 juillet : Now I long for yesterday <\/h1>\n<p>Je vous propose de conclure cette petite balade musicale que je vous impose depuis quelques jours par cette chanson nostalgique des Beatles, trop ignor\u00e9s de puis le d\u00e9but de ce compte-rendu qui se voulait British-Friendly. C&#8217;est comme \u00e7a les IMO, on passe une semaine incroyable, et arriv\u00e9 au bout on tourne la t\u00eate pour regarder en arri\u00e8re et on a du mal \u00e0 r\u00e9aliser que cet \u00e9v\u00e8nement qu&#8217;on avait pr\u00e9par\u00e9 et sur lequel on a projet\u00e9 ses espoirs, ses doutes et ses r\u00eaves, est d\u00e9j\u00e0 termin\u00e9. Ou alors on fait comme Auguste et on mange un hotdog achet\u00e9 dans une superette \u00e0 11h du matin. <\/p>\n<figure id=\"attachment_9368\" aria-describedby=\"caption-attachment-9368\" style=\"width: 525px\" class=\"wp-caption aligncenter\"><img loading=\"lazy\" decoding=\"async\" class=\"size-large wp-image-9368\" src=\"https:\/\/maths-olympiques.fr\/wp-content\/uploads\/2024\/07\/hot-dog-rotated.jpg\" alt=\"\" width=\"525\" height=\"394\" \/><figcaption id=\"caption-attachment-9368\" class=\"wp-caption-text\">Rassurez-vous, nous \u00e9tions trois \u00e0 prendre en photo cette exp\u00e9rience, il y a des t\u00e9moins et des preuves<\/figcaption><\/figure>\n<p>Bref, r\u00e9veil difficile ce matin. J&#8217;ai \u00e9t\u00e9 impressionn\u00e9 par la discipline des \u00e9l\u00e8ves qui, malgr\u00e9 la fatigue et les courtes nuits, avaient pr\u00e9par\u00e9 leur valise la veille et \u00e9taient pr\u00eats \u00e0 l&#8217;heure du rendez-vous (bon certaines chambres \u00e9taient dans un meilleur \u00e9tat de rangement que d&#8217;autres).<br \/>\nLe groupe se s\u00e9pare en deux, avec d&#8217;un c\u00f4t\u00e9 Auguste et moi qui prenons l&#8217;Eurostar, et de l&#8217;autre Th\u00e9o et le reste des \u00e9l\u00e8ves qui se rendent \u00e0 Londres pour un s\u00e9jour de visite organis\u00e9 par JaneStreet. Cela signifie qu&#8217;Auguste et moi on a pris le bus de ville, alors que les autres \u00e9taient dans un &#8220;bus 4 \u00e9toiles&#8221; :<br \/>\n<figure id=\"attachment_9368\" aria-describedby=\"caption-attachment-9368\" style=\"width: 525px\" class=\"wp-caption aligncenter\"><img loading=\"lazy\" decoding=\"async\" class=\"size-large wp-image-9368\" src=\"https:\/\/maths-olympiques.fr\/wp-content\/uploads\/2024\/07\/bus-4-etoiles.jpeg\" alt=\"\" width=\"525\" height=\"394\" \/><figcaption id=\"caption-attachment-9368\" class=\"wp-caption-text\">Les si\u00e8ges sont en cuir il para\u00eet, et il y a m\u00eame des canap\u00e9s<\/figcaption><\/figure><br \/>\n<figure id=\"attachment_9368\" aria-describedby=\"caption-attachment-9368\" style=\"width: 525px\" class=\"wp-caption aligncenter\"><img loading=\"lazy\" decoding=\"async\" class=\"size-large wp-image-9368\" src=\"https:\/\/maths-olympiques.fr\/wp-content\/uploads\/2024\/07\/Londres.jpeg\" alt=\"\" width=\"525\" height=\"394\" \/><figcaption id=\"caption-attachment-9368\" class=\"wp-caption-text\">Le quartier des affaires de Londres vu depuis le bus des \u00e9l\u00e8ves<\/figcaption><\/figure><br \/>\nJe ne peux donc plus vous relater ce que les \u00e9l\u00e8ves vont faire de leurs prochains jours. Je peux seulement vous dire qu&#8217;avec Auguste on a crois\u00e9 les belges \u00e0 St-Pancras et que, jusqu&#8217;\u00e0 6 minutes avant le d\u00e9part du train, nos billets nous indiquaient que nos places \u00e9taient dans le wagon-bar (comme on \u00e9tait \u00e0 la gare de King&#8217;s Cross, j&#8217;avais la voix d&#8217;Harry dans ma t\u00eate qui disait &#8220;mais Hagrid, il n&#8217;y a pas de wagon 13&#8221;). <\/p>\n<p>Me voil\u00e0 d\u00e9sormais rentr\u00e9 chez moi. Je d\u00e9fais ma valise et tombe sur la peluche du nid \u00e0 poussins, vide d\u00e9sormais des petits poussins jaunes que chaque \u00e9l\u00e8ve a gard\u00e9s. Tous les souvenirs de ces derni\u00e8res ann\u00e9es avec ces six \u00e9l\u00e8ves remontent d&#8217;un seul coup (madeleine de Proust quoi). Oh bien s\u00fbr, je les reverrai. M\u00eame si pour beaucoup d&#8217;entre eux, une page se tourne, les Olympiades en tant que &#8220;contestant&#8221; sont termin\u00e9s, nos \u00e9l\u00e8ves n&#8217;en ont pas fini avec les Olympiades, et lorgnent d\u00e9j\u00e0 sur les postes cl\u00e9s de chef d&#8217;\u00e9quipe et de chef d&#8217;\u00e9quipe adjoint pour les prochaines \u00e9ditions. Quant \u00e0 Th\u00e9o et moi, heureux spectateurs de leur ascension, non sans quelques larmes (&#8220;pauvres et d\u00e9risoires armes&#8221;, qui l&#8217;a ?), nous leur adressons nos f\u00e9licitations pour ce d\u00e9but de parcours, et leur souhaitons bonne chance.<br \/>\n<figure id=\"attachment_9368\" aria-describedby=\"caption-attachment-9368\" style=\"width: 525px\" class=\"wp-caption aligncenter\"><img loading=\"lazy\" decoding=\"async\" class=\"size-large wp-image-9368\" src=\"https:\/\/maths-olympiques.fr\/wp-content\/uploads\/2024\/07\/nid.jpg\" alt=\"\" width=\"525\" height=\"394\" \/><figcaption id=\"caption-attachment-9368\" class=\"wp-caption-text\">Les oisillons ont quitt\u00e9 le nid<\/figcaption><\/figure><\/p>","protected":false},"excerpt":{"rendered":"<p>La 65\u00e8me \u00e9dition des Olympiades Internationales de Math\u00e9matiques se d\u00e9roule \u00e0 Bath, au Royaume-Uni, du 11 au 22 juillet. L&#8217;\u00e9quipe de France est compos\u00e9e de Serge Bidallier, Anatole Bouton, Erik Desurmont, Oscar Fischler, Solal Pivron-Djeddi et d&#8217;Auguste Ramondou. L&#8217;\u00e9quipe est encadr\u00e9e par Th\u00e9o Lenoir (chef d&#8217;\u00e9quipe) et Martin Rakovsky (chef d&#8217;\u00e9quipe adjoint). Excellente performance de &hellip; <\/p>\n<p class=\"link-more\"><a href=\"https:\/\/maths-olympiques.fr\/?p=14836\" class=\"more-link\">Continuer la lecture<span class=\"screen-reader-text\"> de &laquo;&nbsp;OIM 2024, journal de bord&nbsp;&raquo;<\/span><\/a><\/p>\n","protected":false},"author":19,"featured_media":0,"comment_status":"closed","ping_status":"closed","sticky":false,"template":"","format":"standard","meta":{"footnotes":""},"categories":[2,3],"tags":[],"class_list":["post-14836","post","type-post","status-publish","format-standard","hentry","category-toutes_les_news","category-imo_etc"],"_links":{"self":[{"href":"https:\/\/maths-olympiques.fr\/index.php?rest_route=\/wp\/v2\/posts\/14836","targetHints":{"allow":["GET"]}}],"collection":[{"href":"https:\/\/maths-olympiques.fr\/index.php?rest_route=\/wp\/v2\/posts"}],"about":[{"href":"https:\/\/maths-olympiques.fr\/index.php?rest_route=\/wp\/v2\/types\/post"}],"author":[{"embeddable":true,"href":"https:\/\/maths-olympiques.fr\/index.php?rest_route=\/wp\/v2\/users\/19"}],"replies":[{"embeddable":true,"href":"https:\/\/maths-olympiques.fr\/index.php?rest_route=%2Fwp%2Fv2%2Fcomments&post=14836"}],"version-history":[{"count":35,"href":"https:\/\/maths-olympiques.fr\/index.php?rest_route=\/wp\/v2\/posts\/14836\/revisions"}],"predecessor-version":[{"id":16956,"href":"https:\/\/maths-olympiques.fr\/index.php?rest_route=\/wp\/v2\/posts\/14836\/revisions\/16956"}],"wp:attachment":[{"href":"https:\/\/maths-olympiques.fr\/index.php?rest_route=%2Fwp%2Fv2%2Fmedia&parent=14836"}],"wp:term":[{"taxonomy":"category","embeddable":true,"href":"https:\/\/maths-olympiques.fr\/index.php?rest_route=%2Fwp%2Fv2%2Fcategories&post=14836"},{"taxonomy":"post_tag","embeddable":true,"href":"https:\/\/maths-olympiques.fr\/index.php?rest_route=%2Fwp%2Fv2%2Ftags&post=14836"}],"curies":[{"name":"wp","href":"https:\/\/api.w.org\/{rel}","templated":true}]}}